{"id":101318,"date":"2025-12-01T11:21:08","date_gmt":"2025-12-01T11:21:08","guid":{"rendered":"https:\/\/www.europesays.com\/no\/101318\/"},"modified":"2025-12-01T11:21:08","modified_gmt":"2025-12-01T11:21:08","slug":"barnehageansatt-tiltalt-etter-at-femaring-ble-alvorlig-skadet-i-fallulykke-i-kvam-nrk-vestland","status":"publish","type":"post","link":"https:\/\/www.europesays.com\/no\/101318\/","title":{"rendered":"Barnehageansatt tiltalt etter at fem\u00e5ring ble alvorlig skadet i fallulykke i Kvam \u2013 NRK Vestland"},"content":{"rendered":"<p>Ulykken skjedde i mai i \u00e5r, da f\u00f8rskolegruppen i en Eventus-barnehage var p\u00e5 tur.<\/p>\n<p>If\u00f8lge tiltalen sov den ansatte p\u00e5 samme rom som gutten som ble skadet.<\/p>\n<p>Tiltalen beskriver hvordan den ansatte \u00e5pnet soveromsvinduet og tok av vindussikringen, slik at vinduet kunne \u00e5pnes helt opp. Persiennen ble s\u00e5 tatt ned, f\u00f8r den ansatte la seg til \u00e5 sove.<\/p>\n<p>Da barna v\u00e5knet morgenen etter, skal den ansatte ha forlatt rommet uten hverken \u00e5 lukke vinduet eller sette p\u00e5 vindussikringen.<\/p>\n<p>Senere p\u00e5 morgenen gikk gutten tilbake p\u00e5 soverommet og falt ut av det \u00e5pne vinduet.<\/p>\n<p>\u2013 Det er snakk om et fall p\u00e5 rundt 4\u20135 meter, og barnet har f\u00e5tt betydelige skader. Politiet har foretatt en omfattende etterforskning som gj\u00f8r at en barnehageansatt n\u00e5 er tiltalt, sier politiadvokat Marcus Monsen til NRK.<\/p>\n<p>Den barnehageansatte er tiltalt etter straffeloven \u00a7280, som kan medf\u00f8re en straff p\u00e5 inntil tre \u00e5rs fengsel.<\/p>\n<p><strong>\u2013 Men hvilket straffeniv\u00e5 jeg kommer til \u00e5 be om, vil jeg ikke kommentere n\u00e5, sier politiadvokat Monsen.<\/strong><\/p>\n<p>\u2013 Barnet har f\u00e5tt varige m\u00e9n<\/p>\n<p><a href=\"https:\/\/www.vg.no\/nyheter\/i\/GxlORq\/femaaring-ble-alvorlig-skadet-i-fallulykke-naa-er-en-barnehageansatt-tiltalt\" ec-id=\"https:\/\/www.vg.no\/nyheter\/i\/GxlORq\/femaaring-ble-alvorlig-skadet-i-fallulykke-naa-er-en-barnehageansatt-tiltalt\" ec-name=\"VG\" rel=\"nofollow noopener\" target=\"_blank\">VG<\/a> meldte om tiltalen f\u00f8rst.<\/p>\n<p>Barnet var f\u00f8rst innlagt \u00e9n uke ved intensivavdelingen p\u00e5 Haukeland sykehus, og deretter ti uker ved barne- og ungdomsklinikken.<\/p>\n<p>I dag f\u00e5r gutten oppf\u00f8lging hjemmefra og har f\u00e5tt varige skader av uavklart omfang, forteller barnets bistandsadvokat Hege Falch til VG.<\/p>\n<p><strong>\u2013 Barnet har f\u00e5tt varige m\u00e9n, men det endelige omfanget av skadene er det for tidlig \u00e5 si noe om. Barnet har f\u00e5tt en lettgradig halvsidig lammelse, som dessverre ser ut til \u00e5 v\u00e6re varig.<\/strong><\/p>\n<p>Barnet var tilknyttet en av Eventus-barnehagene i en av Bergens omegnskommuner.<\/p>\n<p>Forsvarer Torbj\u00f8rn Kol\u00e5s Sognefest sier til NRK at hans klient tar tiltalen tungt.<\/p>\n<p><strong>Sognefest \u00f8nsker ikke \u00e5 kommentere hvordan hans klient stiller seg til tiltalen p\u00e5 n\u00e5v\u00e6rende tidspunkt.<\/strong><\/p>\n<p>    Hei<\/p>\n<p>Takk for at du leste saken. Har du tanker eller tips til denne saken, eller om noe annet?\u00a0<\/p>\n<p>Send meg gjerne en e-post: erica.kronheim@nrk.no\u00a0<\/p>\n<p>Publisert<\/p>\n<p>01.12.2025, kl. 10.49<\/p>\n<p>Oppdatert<\/p>\n<p>01.12.2025, kl. 11.46<\/p>\n","protected":false},"excerpt":{"rendered":"Ulykken skjedde i mai i \u00e5r, da f\u00f8rskolegruppen i en Eventus-barnehage var p\u00e5 tur. If\u00f8lge tiltalen sov den&hellip;\n","protected":false},"author":2,"featured_media":101319,"comment_status":"","ping_status":"","sticky":false,"template":"","format":"standard","meta":{"footnotes":""},"categories":[10],"tags":[20,21,24,25,15,22,23,13,30,28,29,14,16,26,27],"class_list":{"0":"post-101318","1":"post","2":"type-post","3":"status-publish","4":"format-standard","5":"has-post-thumbnail","7":"category-norge","8":"tag-breaking-news","9":"tag-breakingnews","10":"tag-featured-news","11":"tag-featurednews","12":"tag-headlines","13":"tag-latest-news","14":"tag-latestnews","15":"tag-news","16":"tag-no","17":"tag-norge","18":"tag-norway","19":"tag-nyheter","20":"tag-overskrifter","21":"tag-top-stories","22":"tag-topstories"},"share_on_mastodon":{"url":"https:\/\/pubeurope.com\/@no\/115644051379963942","error":""},"_links":{"self":[{"href":"https:\/\/www.europesays.com\/no\/wp-json\/wp\/v2\/posts\/101318","targetHints":{"allow":["GET"]}}],"collection":[{"href":"https:\/\/www.europesays.com\/no\/wp-json\/wp\/v2\/posts"}],"about":[{"href":"https:\/\/www.europesays.com\/no\/wp-json\/wp\/v2\/types\/post"}],"author":[{"embeddable":true,"href":"https:\/\/www.europesays.com\/no\/wp-json\/wp\/v2\/users\/2"}],"replies":[{"embeddable":true,"href":"https:\/\/www.europesays.com\/no\/wp-json\/wp\/v2\/comments?post=101318"}],"version-history":[{"count":0,"href":"https:\/\/www.europesays.com\/no\/wp-json\/wp\/v2\/posts\/101318\/revisions"}],"wp:featuredmedia":[{"embeddable":true,"href":"https:\/\/www.europesays.com\/no\/wp-json\/wp\/v2\/media\/101319"}],"wp:attachment":[{"href":"https:\/\/www.europesays.com\/no\/wp-json\/wp\/v2\/media?parent=101318"}],"wp:term":[{"taxonomy":"category","embeddable":true,"href":"https:\/\/www.europesays.com\/no\/wp-json\/wp\/v2\/categories?post=101318"},{"taxonomy":"post_tag","embeddable":true,"href":"https:\/\/www.europesays.com\/no\/wp-json\/wp\/v2\/tags?post=101318"}],"curies":[{"name":"wp","href":"https:\/\/api.w.org\/{rel}","templated":true}]}}