{"id":101325,"date":"2025-12-01T11:29:08","date_gmt":"2025-12-01T11:29:08","guid":{"rendered":"https:\/\/www.europesays.com\/no\/101325\/"},"modified":"2025-12-01T11:29:08","modified_gmt":"2025-12-01T11:29:08","slug":"vaer-trafikk-det-er-sendt-ut-gult-farevarsel-for-snofokk-i-fjellet-og-det-gjelder-kvikne","status":"publish","type":"post","link":"https:\/\/www.europesays.com\/no\/101325\/","title":{"rendered":"V\u00e6r, Trafikk | Det er sendt ut gult farevarsel for sn\u00f8fokk i fjellet, og det gjelder Kvikne"},"content":{"rendered":"\n<p>Fra mandag kveld til tirsdag kveld er det meldt gult farevarsel for kraftig sn\u00f8fokk i fjellet.<\/p>\n<p>Fra Haukeli i s\u00f8r til Dovre i nord vil kraftig vind og sn\u00f8byger gi fare for lokal sn\u00f8fokk.<\/p>\n<p>B\u00e5de Folldal og Kvikne er utsatte omr\u00e5der, spesielt tirsdag.<\/p>\n<p>Riksveg 3 kan bli ber\u00f8rt med redusert sikt og sn\u00f8 som pakker seg i veibanen.<\/p>\n<p>I fjellet generelt kan veger bli stengt i l\u00f8pet av kort tid.<\/p>\n<p>Se din vegstrekning nederst i saken.<\/p>\n<p>God tid<\/p>\n<p>Beregn ekstra tid til transport og kj\u00f8ring, bruk riktige dekk og kj\u00f8r etter forholdene.<\/p>\n<p>Du kan sjekke vegmeldinger p\u00e5 <a href=\"https:\/\/vegvesen.no\/trafikk\" rel=\"nofollow noopener\" target=\"_blank\">vegvesen.no\/trafikk<\/a>.<\/p>\n<p>Det d\u00e5rlige v\u00e6ret med sn\u00f8 og vind kan gj\u00f8re det vanskelig \u00e5 bevege seg utend\u00f8rs.<\/p>\n<p>\u2013 Unng\u00e5 un\u00f8dvendig ferdsel p\u00e5 utsatte steder, og kle deg etter forholdene, er r\u00e5det fra Varsom.no.<\/p>\n<p>Mildt og nedb\u00f8r<\/p>\n<p>I Elverum og Sol\u00f8r er det meldt varmegrader d\u00f8gnet rundt de ti f\u00f8rste dagene i desember.<\/p>\n<p>Det er ogs\u00e5 meldt nedb\u00f8r mange av dagene, og som vil komme som regn og sludd.<\/p>\n<p>I Trysil (Innbygda) og \u00c5mot er det ogs\u00e5 meldt milde temperaturer, hvor det vaker over og under 0 grader. Mer sn\u00f8 enn sludd.<\/p>\n<p>Nord-\u00d8sterdalen vil f\u00e5 den samme v\u00e6rtypen, med mildt v\u00e6r, men lite nedb\u00f8r.<\/p>\n<p>Slik ser vegstrekningene ut n\u00e5:<\/p>\n<p><b>Riksveg 3\/25:<\/b><\/p>\n<p>Ebru i L\u00f8ten:<\/p>\n<p>Midtskogberget i Trysil:<\/p>\n<p><b>Riksveg 3 \u00d8sterdalen:<\/b><\/p>\n<p>Svingen i Elverum:<\/p>\n<p>Rena i \u00c5mot:<\/p>\n<p>Evenstad i Stor-Elvdal:<\/p>\n<p>Koppang i Stor-Elvdal:<\/p>\n<p>\u00d8stlund i Rendalen:<\/p>\n<p>Berger\u00f8nningen i Alvdal:<\/p>\n<p>Kvikneskogen i Tynset:<\/p>\n<p><b>Riksveg 2, Sol\u00f8rvegen:<\/b><\/p>\n<p>Sorma, Elverum og V\u00e5ler:<\/p>\n<p>Haslemosletta i \u00c5snes:<\/p>\n","protected":false},"excerpt":{"rendered":"Fra mandag kveld til tirsdag kveld er det meldt gult farevarsel for kraftig sn\u00f8fokk i fjellet. Fra Haukeli&hellip;\n","protected":false},"author":2,"featured_media":101326,"comment_status":"","ping_status":"","sticky":false,"template":"","format":"standard","meta":{"footnotes":"","_share_on_mastodon":"0"},"categories":[10],"tags":[7554,36,575,20,21,1070,8137,24,25,4179,15,22,23,1272,13,30,1745,28,29,14,16,2256,478,7555,1510,26,27,224,2040,4177,1986,553],"class_list":["post-101325","post","type-post","status-publish","format-standard","has-post-thumbnail","category-norge","tag-amot","tag-art","tag-asnes","tag-breaking-news","tag-breakingnews","tag-elverum","tag-engerdal","tag-featured-news","tag-featurednews","tag-folldal","tag-headlines","tag-latest-news","tag-latestnews","tag-loten","tag-news","tag-no","tag-nord-osterdal","tag-norge","tag-norway","tag-nyheter","tag-overskrifter","tag-rendalen","tag-solor","tag-stor-elvdal","tag-story","tag-top-stories","tag-topstories","tag-trafikk","tag-trysil","tag-tynset","tag-valer","tag-vaer"],"share_on_mastodon":{"url":"https:\/\/pubeurope.com\/@no\/115644082835903774","error":""},"_links":{"self":[{"href":"https:\/\/www.europesays.com\/no\/wp-json\/wp\/v2\/posts\/101325","targetHints":{"allow":["GET"]}}],"collection":[{"href":"https:\/\/www.europesays.com\/no\/wp-json\/wp\/v2\/posts"}],"about":[{"href":"https:\/\/www.europesays.com\/no\/wp-json\/wp\/v2\/types\/post"}],"author":[{"embeddable":true,"href":"https:\/\/www.europesays.com\/no\/wp-json\/wp\/v2\/users\/2"}],"replies":[{"embeddable":true,"href":"https:\/\/www.europesays.com\/no\/wp-json\/wp\/v2\/comments?post=101325"}],"version-history":[{"count":0,"href":"https:\/\/www.europesays.com\/no\/wp-json\/wp\/v2\/posts\/101325\/revisions"}],"wp:featuredmedia":[{"embeddable":true,"href":"https:\/\/www.europesays.com\/no\/wp-json\/wp\/v2\/media\/101326"}],"wp:attachment":[{"href":"https:\/\/www.europesays.com\/no\/wp-json\/wp\/v2\/media?parent=101325"}],"wp:term":[{"taxonomy":"category","embeddable":true,"href":"https:\/\/www.europesays.com\/no\/wp-json\/wp\/v2\/categories?post=101325"},{"taxonomy":"post_tag","embeddable":true,"href":"https:\/\/www.europesays.com\/no\/wp-json\/wp\/v2\/tags?post=101325"}],"curies":[{"name":"wp","href":"https:\/\/api.w.org\/{rel}","templated":true}]}}