{"id":101350,"date":"2025-12-01T12:03:11","date_gmt":"2025-12-01T12:03:11","guid":{"rendered":"https:\/\/www.europesays.com\/no\/101350\/"},"modified":"2025-12-01T12:03:11","modified_gmt":"2025-12-01T12:03:11","slug":"vikings-edvin-austbo-er-arets-unge-spiller-i-eliteserien","status":"publish","type":"post","link":"https:\/\/www.europesays.com\/no\/101350\/","title":{"rendered":"Vikings Edvin Austb\u00f8 er \u00e5rets unge spiller i Eliteserien"},"content":{"rendered":"<p class=\"italic m-italic bold m-bold\" data-lab-italic=\"italic\" data-lab-font_weight=\"bold\"><a href=\"https:\/\/play.tv2.no\/serier\/sesongens-beste-d5pzj4va\" target=\"_blank\" rel=\"nofollow noopener\">Mandag kveld kl. 20.15 deles \u00c5rets fotballpriser ut i Sesongens beste p\u00e5 TV 2 Play.<\/a> Men allerede n\u00e5 avsl\u00f8res prisen for \u00e5rets unge spiller:<\/p>\n<p data-lab-font_weight=\"\">Under fredagens trening dukket noen kjente fjes opp for Edvin Austb\u00f8:<\/p>\n<p>\u2013 Det er veldig g\u00f8y og en perfekt m\u00e5te \u00e5 f\u00e5 utmerkelsen p\u00e5, sammen med lagkamerater og kompiser, sier 20-\u00e5ringen til TV 2.<\/p>\n<p>Det var hans gode venner Viljar Gr\u00f8nnevik, Mads Espedal og Frede \u00c5sen Larsen som snek seg inn p\u00e5 Lyse Arena med utmerkelsen.<\/p>\n<p>\u2013 Han er en ekstremt dedikert person, som vi ler mye med, forteller Gr\u00f8nnevik.<\/p>\n<p>\u2013 Absolutt en venn \u00e5 ta vare p\u00e5, sier Espedal.<\/p>\n<p>        <img class=\"image__img lazyload\" itemprop=\"image\" title=\"Foto: Bjarte Fossfjell \/ TV 2\" alt=\"GOD STEMNING: Edvin Austb\u00f8 deler gleden med Frede \u00c5sen Larsen, Mads Espedal og Viljar Gr\u00f8nnevik. Foto: Bjarte Fossfjell \/ TV 2\" width=\"675\" height=\"453\" bad-src=\"https:\/\/www.europesays.com\/no\/wp-content\/uploads\/2025\/12\/18335024.webp\" fetchpriority=\"auto\" \/><\/p>\n<p>      GOD STEMNING: Edvin Austb\u00f8 deler gleden med Frede \u00c5sen Larsen, Mads Espedal og Viljar Gr\u00f8nnevik.<br \/>\n         Foto: Bjarte Fossfjell \/ TV 2<\/p>\n<p>En jury best\u00e5ende av Norsk Toppfotball og TV 2 k\u00e5rer Edvin Austb\u00f8 til \u00e5rets unge spiller i Eliteserien 2025.<\/p>\n<p>Austb\u00f8s jurybegrunnelse lyder slik:<\/p>\n<p>        <img class=\"image__img lazyload\" itemprop=\"image\" title=\"Foto: Michael Allen \/ TV 2\" alt=\"KOMET: Edvin Austb\u00f8 er talentet som har utmerket seg mest, if\u00f8lge juryen. Foto: Michael Allen \/ TV 2\" width=\"675\" height=\"466\" bad-src=\"https:\/\/www.europesays.com\/no\/wp-content\/uploads\/2025\/12\/18161906.webp\" fetchpriority=\"auto\" \/><\/p>\n<p>      KOMET: Edvin Austb\u00f8 er talentet som har utmerket seg mest, if\u00f8lge juryen.<br \/>\n         Foto: Michael Allen \/ TV 2<\/p>\n<p>\u00abHan er et uromoment og mareritt for alle backer i Eliteserien med sitt rykk, tempovekslinger, balanseoverf\u00f8ring og rappe skudd\u00bb.<\/p>\n<p>\u00abI tillegg er han god \u00e9n-mot-en og skaper ofte ubalanse p\u00e5 siste tredjedel. Et av de heteste salgsobjektene i Eliteserien og han har en stor fremtid i m\u00f8te\u00bb.<\/p>\n<p>Viking-juvelen har f\u00e5tt sitt store gjennombrudd denne sesongen, med seks m\u00e5l og seks assist i Eliteserien.<\/p>\n<p>        Juryen<\/p>\n<p>Juryen som k\u00e5rer \u00e5rets spiller, trener og unge spiller er utvalgte personer fra TV 2 og NTF:<\/p>\n<p>Erik Hoftun, sportssjef i NTF.<\/p>\n<p>Joachim Thomassen, sponsor-prosjektleder og fantasy-ansvarlig i NTF.<\/p>\n<p>Anne Stur\u00f8d, programleder og reporter i TV 2.<\/p>\n<p>Yaw Amankwah, fotballekspert i TV 2.<\/p>\n<p>Jens Hjert\u00f8-Dahl (Troms\u00f8),\u00a0Eivind Helland (Brann),\u00a0Abubacarr Sedi Kinteh (Troms\u00f8) og\u00a0Sander Kilen (Kristiansund) var de andre nominerte i k\u00e5ringen.<\/p>\n<p>Hvem som vinner de andre prisene i Sesongens beste ser du klokken 20.15 p\u00e5 TV 2 Play.<\/p>\n<p>    <a href=\"https:\/\/play.tv2.no\/serier\/sesongens-beste-d5pzj4va?utm_source=tv2.no&amp;utm_medium=promo&amp;utm_campaign=Sesongens+beste&amp;utm_content=www.tv2.no\/sport\/edvin-austbo-20-er-arets-unge-spiller\/18333830\/\" rel=\"nofollow noopener\" target=\"_blank\"><\/p>\n<p>    <img class=\"image__img lazyload\" itemprop=\"image\" title=\"\" alt=\"\" width=\"978\" height=\"551\" bad-src=\"https:\/\/www.europesays.com\/no\/wp-content\/uploads\/2025\/12\/18340376.webp\" fetchpriority=\"auto\" \/><\/p>\n<p>    <\/a><\/p>\n","protected":false},"excerpt":{"rendered":"Mandag kveld kl. 20.15 deles \u00c5rets fotballpriser ut i Sesongens beste p\u00e5 TV 2 Play. Men allerede n\u00e5&hellip;\n","protected":false},"author":2,"featured_media":101351,"comment_status":"","ping_status":"","sticky":false,"template":"","format":"standard","meta":{"footnotes":""},"categories":[59],"tags":[30,28,29,83,82],"class_list":{"0":"post-101350","1":"post","2":"type-post","3":"status-publish","4":"format-standard","5":"has-post-thumbnail","7":"category-sport","8":"tag-no","9":"tag-norge","10":"tag-norway","11":"tag-sport","12":"tag-sports"},"share_on_mastodon":{"url":"https:\/\/pubeurope.com\/@no\/115644216322407981","error":""},"_links":{"self":[{"href":"https:\/\/www.europesays.com\/no\/wp-json\/wp\/v2\/posts\/101350","targetHints":{"allow":["GET"]}}],"collection":[{"href":"https:\/\/www.europesays.com\/no\/wp-json\/wp\/v2\/posts"}],"about":[{"href":"https:\/\/www.europesays.com\/no\/wp-json\/wp\/v2\/types\/post"}],"author":[{"embeddable":true,"href":"https:\/\/www.europesays.com\/no\/wp-json\/wp\/v2\/users\/2"}],"replies":[{"embeddable":true,"href":"https:\/\/www.europesays.com\/no\/wp-json\/wp\/v2\/comments?post=101350"}],"version-history":[{"count":0,"href":"https:\/\/www.europesays.com\/no\/wp-json\/wp\/v2\/posts\/101350\/revisions"}],"wp:featuredmedia":[{"embeddable":true,"href":"https:\/\/www.europesays.com\/no\/wp-json\/wp\/v2\/media\/101351"}],"wp:attachment":[{"href":"https:\/\/www.europesays.com\/no\/wp-json\/wp\/v2\/media?parent=101350"}],"wp:term":[{"taxonomy":"category","embeddable":true,"href":"https:\/\/www.europesays.com\/no\/wp-json\/wp\/v2\/categories?post=101350"},{"taxonomy":"post_tag","embeddable":true,"href":"https:\/\/www.europesays.com\/no\/wp-json\/wp\/v2\/tags?post=101350"}],"curies":[{"name":"wp","href":"https:\/\/api.w.org\/{rel}","templated":true}]}}