{"id":101353,"date":"2025-12-01T12:09:11","date_gmt":"2025-12-01T12:09:11","guid":{"rendered":"https:\/\/www.europesays.com\/no\/101353\/"},"modified":"2025-12-01T12:09:11","modified_gmt":"2025-12-01T12:09:11","slug":"beboer-dode-person-siktet-for-vold","status":"publish","type":"post","link":"https:\/\/www.europesays.com\/no\/101353\/","title":{"rendered":"Beboer d\u00f8de &#8211; person siktet for vold"},"content":{"rendered":"\n<p class=\"_lead_o9xde_2 _lead_xtcu6_50 layout-component text-serif-m layout-normal text-serif-l layout-component layout-wide layout-padded _wide_17hqh_1 layout-padded\">En beboer ved en institusjon er siktet for vold etter at en medbeboer i 90-\u00e5rene d\u00f8de. <\/p>\n<ul aria-hidden=\"true\" class=\"_images_1uft6_111\">\n<li><a class=\"_link_1uft6_116\" href=\"https:\/\/www.vg.no\/forfatter\/haakon-f-hoeydal\" style=\"z-index:2\" title=\"H\u00e5kon F. H\u00f8ydal\" rel=\"nofollow noopener\" target=\"_blank\"><img alt=\"Bilde av H\u00e5kon F. H\u00f8ydal\" class=\"_image_1uft6_93\" fetchpriority=\"low\" loading=\"lazy\" decoding=\"async\" itemprop=\"image\"  src=\"https:\/\/www.europesays.com\/no\/wp-content\/uploads\/2025\/12\/791defbc-20b8-4779-b615-3d02a4d66e97\"  width=\"480\"\/><\/a><\/li>\n<li><a class=\"_link_1uft6_116\" href=\"https:\/\/www.vg.no\/forfatter\/bjoernar-tommelstad\" style=\"z-index:1\" title=\"Bj\u00f8rnar Tommelstad\" rel=\"nofollow noopener\" target=\"_blank\"><img alt=\"Bilde av Bj\u00f8rnar Tommelstad\" class=\"_image_1uft6_93\" fetchpriority=\"low\" loading=\"lazy\" decoding=\"async\" itemprop=\"image\"  src=\"https:\/\/www.europesays.com\/no\/wp-content\/uploads\/2025\/12\/65e25d40-5526-4268-aa92-03b43c6c46bf\"  width=\"480\"\/><\/a><\/li>\n<\/ul>\n<p> Oppdatert mandag 1. desember kl. 13:08     <\/p>\n<p class=\"_paragraph_o9xde_4 _paragraph_xtcu6_10 layout-component text-serif-m layout-normal text-serif-m layout-padded\">Hendelsen skjedde ved en institusjon i Arendal i midten av oktober, og etterforskes av politiet.<\/p>\n<p class=\"_paragraph_o9xde_4 _paragraph_xtcu6_10 layout-component text-serif-m layout-normal text-serif-m layout-padded\">\u2013 Det var en hendelse mellom to beboere, og forn\u00e6rmede &#8211; en kvinne, ble bragt til sykehus. Omkring en uke etter hendelsen, d\u00f8de forn\u00e6rmede. D\u00f8ds\u00e5rsaken er enn\u00e5 ikke klar, sier politiinspekt\u00f8r Unni Guldberg til VG.<\/p>\n<p class=\"_paragraph_o9xde_4 _paragraph_xtcu6_10 layout-component text-serif-m layout-normal text-serif-m layout-padded\">Den andre personen er n\u00e5 siktet for grov kroppsskade, opplyser hun.<\/p>\n<p class=\"_paragraph_o9xde_4 _paragraph_xtcu6_10 layout-component text-serif-m layout-normal text-serif-m layout-padded\">\u2013 <strong class=\"_strong_o9xde_25\">Kommunen m\u00e5 klare \u00e5 differensiere de ulike behovene for hver enkelt pasient. N\u00e5r de gir et tilbud m\u00e5 de sikre at det er forsvarlig, uansett hvem det gjelder, sier Linda Mihaila Hansen, en av de etterlatte etter kvinnen som d\u00f8de.<\/strong><\/p>\n<p class=\"_paragraph_o9xde_4 _paragraph_xtcu6_10 layout-component text-serif-m layout-normal text-serif-m layout-padded\">VG har mandag ettermiddag ikke lykkes \u00e5 f\u00e5 en kommentar fra siktedes forsvarer. Det er derfor ukjent hvordan siktede stiller seg til anklagene.<\/p>\n<p>   <img decoding=\"async\" alt=\"Tips oss illustrasjon\" src=\"https:\/\/www.europesays.com\/no\/wp-content\/uploads\/2025\/10\/pssst-small.webp.webp\"\/>    <\/p>\n<p class=\"title-serif-s\">Har du tips?<\/p>\n<p class=\"text-sans-m\">Send oss informasjon, bilder eller video.<\/p>\n<p>  <a href=\"https:\/\/www.vg.no\/tips-oss\" rel=\"nofollow noopener\" target=\"_blank\"> Tips oss <\/a>   <\/p>\n<p class=\"_paragraph_o9xde_4 _paragraph_xtcu6_10 layout-component text-serif-m layout-normal text-serif-m layout-padded\"><strong class=\"_strong_o9xde_25\">Hvorvidt det er en sammenheng mellom hendelsen mellom de to beboerne, og at kvinnen d\u00f8de, er enn\u00e5 ikke fastsl\u00e5tt, sier Guldberg.<\/strong><\/p>\n<p class=\"_paragraph_o9xde_4 _paragraph_xtcu6_10 layout-component text-serif-m layout-normal text-serif-m layout-padded\">\u2013 D\u00f8ds\u00e5rsaken er enn\u00e5 ikke klarlagt. Det er foretatt en obduksjon av forn\u00e6rmede, og vi avventer resultatet av den, sier hun.<\/p>\n<p class=\"_paragraph_o9xde_4 _paragraph_xtcu6_10 layout-component text-serif-m layout-normal text-serif-m layout-padded\">Politiet har foretatt avh\u00f8r av de ansatte p\u00e5 institusjonen, og v\u00e6rt i kontakt med de p\u00e5r\u00f8rende hos begge de involverte. Ogs\u00e5 Helsetilsynet og Statsforvalteren har v\u00e6rt involvert i saken. <\/p>\n<p class=\"_paragraph_o9xde_4 _paragraph_xtcu6_10 layout-component text-serif-m layout-normal text-serif-m layout-padded\">\u2013 Vi har en klarhet omkring hva som rent faktisk har skjedd p\u00e5 institusjonen. Men de involverte er i en tilstand som gj\u00f8r det vanskelig \u00e5 f\u00e5 gjennomf\u00f8rt et ordin\u00e6rt avh\u00f8r. De er i et bokollektiv og blir tatt h\u00e5nd om der, sier Guldberg.<\/p>\n","protected":false},"excerpt":{"rendered":"En beboer ved en institusjon er siktet for vold etter at en medbeboer i 90-\u00e5rene d\u00f8de. Oppdatert mandag&hellip;\n","protected":false},"author":2,"featured_media":101354,"comment_status":"","ping_status":"","sticky":false,"template":"","format":"standard","meta":{"footnotes":""},"categories":[5],"tags":[20,21,24,25,15,19,22,23,17,18,13,30,28,29,14,16,26,27],"class_list":{"0":"post-101353","1":"post","2":"type-post","3":"status-publish","4":"format-standard","5":"has-post-thumbnail","7":"category-overskrifter","8":"tag-breaking-news","9":"tag-breakingnews","10":"tag-featured-news","11":"tag-featurednews","12":"tag-headlines","13":"tag-hovedoppslag","14":"tag-latest-news","15":"tag-latestnews","16":"tag-main-news","17":"tag-mainnews","18":"tag-news","19":"tag-no","20":"tag-norge","21":"tag-norway","22":"tag-nyheter","23":"tag-overskrifter","24":"tag-top-stories","25":"tag-topstories"},"share_on_mastodon":{"url":"https:\/\/pubeurope.com\/@no\/115644240317032212","error":""},"_links":{"self":[{"href":"https:\/\/www.europesays.com\/no\/wp-json\/wp\/v2\/posts\/101353","targetHints":{"allow":["GET"]}}],"collection":[{"href":"https:\/\/www.europesays.com\/no\/wp-json\/wp\/v2\/posts"}],"about":[{"href":"https:\/\/www.europesays.com\/no\/wp-json\/wp\/v2\/types\/post"}],"author":[{"embeddable":true,"href":"https:\/\/www.europesays.com\/no\/wp-json\/wp\/v2\/users\/2"}],"replies":[{"embeddable":true,"href":"https:\/\/www.europesays.com\/no\/wp-json\/wp\/v2\/comments?post=101353"}],"version-history":[{"count":0,"href":"https:\/\/www.europesays.com\/no\/wp-json\/wp\/v2\/posts\/101353\/revisions"}],"wp:featuredmedia":[{"embeddable":true,"href":"https:\/\/www.europesays.com\/no\/wp-json\/wp\/v2\/media\/101354"}],"wp:attachment":[{"href":"https:\/\/www.europesays.com\/no\/wp-json\/wp\/v2\/media?parent=101353"}],"wp:term":[{"taxonomy":"category","embeddable":true,"href":"https:\/\/www.europesays.com\/no\/wp-json\/wp\/v2\/categories?post=101353"},{"taxonomy":"post_tag","embeddable":true,"href":"https:\/\/www.europesays.com\/no\/wp-json\/wp\/v2\/tags?post=101353"}],"curies":[{"name":"wp","href":"https:\/\/api.w.org\/{rel}","templated":true}]}}