{"id":101361,"date":"2025-12-01T12:16:09","date_gmt":"2025-12-01T12:16:09","guid":{"rendered":"https:\/\/www.europesays.com\/no\/101361\/"},"modified":"2025-12-01T12:16:09","modified_gmt":"2025-12-01T12:16:09","slug":"oslo-lufthavn-far-ny-sikkerhetskontroll-slipper-a-ta-ut-elektronikken-romerikes-blad","status":"publish","type":"post","link":"https:\/\/www.europesays.com\/no\/101361\/","title":{"rendered":"Oslo lufthavn f\u00e5r ny sikkerhetskontroll: Slipper \u00e5 ta ut elektronikken &#8211; Romerikes Blad"},"content":{"rendered":"<ol>\n<li><a href=\"https:\/\/news.google.com\/rss\/articles\/CBMipAFBVV95cUxOREx5SkRDdHZ3N0FlcGNRUENIUEUzNFJ6LUo0bl9VNkVJQnNCNkhZTGFBMUFiakJZRzFOcV9odXRnYUpNWVdLT0gyTjdKR3hwR1JLcEIxa0plWS1Bak1IbmhHaW5JRDBxUnBHcmQyOTFJZ00wWlR4N2g2QUs3WVpSbzBlcERVU01jOXlobGRIcHFIdWNPcGVuSEkwTUJwRk5lNFJKSg?oc=5\" target=\"_blank\" rel=\"nofollow noopener\">Oslo lufthavn f\u00e5r ny sikkerhetskontroll: Slipper \u00e5 ta ut elektronikken<\/a>&nbsp;&nbsp;Romerikes Blad<\/li>\n<li><a href=\"https:\/\/news.google.com\/rss\/articles\/CBMitAFBVV95cUxNUl9sTVlLdGcyeDQtQlBDWUhrYmVNbkZQUGJvazcxY3BXeWhGWTRISXJRemViM2xrSUhTdmg1d011WDN3Mll2M0xTbVpfbmgwejlIYlZNQUxHT3RMcTJRTF9pRWRMOXkwZldrbUQzOGlGenBKUVk5Z00xcFluSDc4Y1JXWFhjbXNJbld1X1ZHTnVHVFhNNHp5M2RzQlNhcFRNbEIzVk1ERFJLSC1KanVuTjNlVEM?oc=5\" target=\"_blank\" rel=\"nofollow noopener\">Oslo lufthavn f\u00e5r ny sikkerhetskontroll \u2013 kan gj\u00f8re reiser mer effektive<\/a>&nbsp;&nbsp;Aftenposten<\/li>\n<li><a href=\"https:\/\/news.google.com\/rss\/articles\/CBMijgFBVV95cUxOQWtnSkxqZHdIVmNhNzR4RzdMTVROVzc1Y0gzM3ZnbkRVSHRZZUdpaUdldWlpemRBX214VkZERFFUTzIwS2xzR0xScVJXM2ZkU2RzZE1IRVQtaTdVbHJVdm9fdjlKS25PSkw5UGZyRXBqS09PQ3lqeVdsb3A4SU1oa2U0bERIa2tRbDZpNWZn?oc=5\" target=\"_blank\" rel=\"nofollow noopener\">Ny sikkerhetskontroll p\u00e5 Gardermoen \u2013 skal g\u00e5 raskere<\/a>&nbsp;&nbsp;flysmart24.no<\/li>\n<li><a href=\"https:\/\/news.google.com\/rss\/articles\/CBMivAFBVV95cUxNa1FDeXdMOEVIMzJPU0dHNGtzTDBMVUNQR3F2Smd4X09TMlJYMUktUUkxNEc5STg5UVJ6cm1STmYtdHVZN3EyX3Btamhwa3U5MW5DODk5RjRySWhwMmdWS0RscFVsOWEwTW1kUHctb1VxZFR0S25uZEpBTVBRZzI3Q1lLdjctNUtRTkd5TFREYjdzeVpoT01sMmJJRF9WaWRqN3E3bnZObDUxd2dYS29PRlQwZFZ0ekRxNnZ4Tg?oc=5\" target=\"_blank\" rel=\"nofollow noopener\">Oslo lufthavn f\u00e5r ny sikkerhetskontroll<\/a>&nbsp;&nbsp;NTB Kommunikasjon<\/li>\n<li><a href=\"https:\/\/news.google.com\/rss\/articles\/CBMiZ0FVX3lxTE5OQ3N4TG81aEgtYlhELWpacHU2cFdvTHVOTzUzVVZEVk42MS1ZTjRTSy1Ham96c1Z0UkIyWkh3MHptMDVpTjBoVHcwV00tM2xMVlJ6eWlZY2llc0JxU2hKSjlzZU9TLWM?oc=5\" target=\"_blank\" rel=\"nofollow noopener\">Blir enklere<\/a>&nbsp;&nbsp;DinSide<\/li>\n<\/ol>\n","protected":false},"excerpt":{"rendered":"Oslo lufthavn f\u00e5r ny sikkerhetskontroll: Slipper \u00e5 ta ut elektronikken&nbsp;&nbsp;Romerikes Blad Oslo lufthavn f\u00e5r ny sikkerhetskontroll \u2013 kan&hellip;\n","protected":false},"author":2,"featured_media":101362,"comment_status":"","ping_status":"","sticky":false,"template":"","format":"standard","meta":{"footnotes":""},"categories":[5],"tags":[20,21,24,25,15,19,22,23,17,18,13,30,28,29,14,16,26,27],"class_list":{"0":"post-101361","1":"post","2":"type-post","3":"status-publish","4":"format-standard","5":"has-post-thumbnail","7":"category-overskrifter","8":"tag-breaking-news","9":"tag-breakingnews","10":"tag-featured-news","11":"tag-featurednews","12":"tag-headlines","13":"tag-hovedoppslag","14":"tag-latest-news","15":"tag-latestnews","16":"tag-main-news","17":"tag-mainnews","18":"tag-news","19":"tag-no","20":"tag-norge","21":"tag-norway","22":"tag-nyheter","23":"tag-overskrifter","24":"tag-top-stories","25":"tag-topstories"},"share_on_mastodon":{"url":"https:\/\/pubeurope.com\/@no\/115644267504351564","error":""},"_links":{"self":[{"href":"https:\/\/www.europesays.com\/no\/wp-json\/wp\/v2\/posts\/101361","targetHints":{"allow":["GET"]}}],"collection":[{"href":"https:\/\/www.europesays.com\/no\/wp-json\/wp\/v2\/posts"}],"about":[{"href":"https:\/\/www.europesays.com\/no\/wp-json\/wp\/v2\/types\/post"}],"author":[{"embeddable":true,"href":"https:\/\/www.europesays.com\/no\/wp-json\/wp\/v2\/users\/2"}],"replies":[{"embeddable":true,"href":"https:\/\/www.europesays.com\/no\/wp-json\/wp\/v2\/comments?post=101361"}],"version-history":[{"count":0,"href":"https:\/\/www.europesays.com\/no\/wp-json\/wp\/v2\/posts\/101361\/revisions"}],"wp:featuredmedia":[{"embeddable":true,"href":"https:\/\/www.europesays.com\/no\/wp-json\/wp\/v2\/media\/101362"}],"wp:attachment":[{"href":"https:\/\/www.europesays.com\/no\/wp-json\/wp\/v2\/media?parent=101361"}],"wp:term":[{"taxonomy":"category","embeddable":true,"href":"https:\/\/www.europesays.com\/no\/wp-json\/wp\/v2\/categories?post=101361"},{"taxonomy":"post_tag","embeddable":true,"href":"https:\/\/www.europesays.com\/no\/wp-json\/wp\/v2\/tags?post=101361"}],"curies":[{"name":"wp","href":"https:\/\/api.w.org\/{rel}","templated":true}]}}