{"id":101363,"date":"2025-12-01T12:17:19","date_gmt":"2025-12-01T12:17:19","guid":{"rendered":"https:\/\/www.europesays.com\/no\/101363\/"},"modified":"2025-12-01T12:17:19","modified_gmt":"2025-12-01T12:17:19","slug":"hyller-sandefjord-etter-imponerende-sesong-nrk-vestfold-og-telemark-lokale-nyheter-tv-og-radio","status":"publish","type":"post","link":"https:\/\/www.europesays.com\/no\/101363\/","title":{"rendered":"Hyller Sandefjord etter imponerende sesong \u2013 NRK Vestfold og Telemark \u2013 Lokale nyheter, TV og radio"},"content":{"rendered":"<p>Saken oppsummert<\/p>\n<ul>\n<li>Sandefjord avsluttet sesongen p\u00e5 en historisk femteplass med 48 poeng, foran lag som V\u00e5lerenga, Molde og Rosenborg.<\/li>\n<li>Dette er klubbens beste prestasjon noensinne, tidligere var \u00e5ttendeplass og 40 poeng deres toppresultat.<\/li>\n<li>NRK-kommentator Jan Petter Saltvedt beskriver prestasjonen som et lite mirakel og trekker frem klubbens satsing p\u00e5 unge spillere som en n\u00f8kkelfaktor.<\/li>\n<li>Trenerteamet, med Andreas Tegstr\u00f8m som hovedtrener denne sesongen, har skapt kontinuitet og lagt grunnlaget for suksessen.<\/li>\n<li>Forsvarsspiller Vetle Walle Egeli hyller b\u00e5de laget og supporterne, og mener det er p\u00e5 tide \u00e5 innse at Sandefjord er et godt lag.<\/li>\n<li>Klubben har ogs\u00e5 opplevd historisk tilskuersnitt, noe som har bidratt til den positive utviklingen.<\/li>\n<\/ul>\n<p>Oppsummeringen er laget av en KI-tjeneste fra OpenAI. Innholdet er kvalitetssikret av NRK sine journalistar f\u00f8r publisering.<\/p>\n<p>Sandefjord endte p\u00e5 femteplass med 48 poeng, og avslutter sesongen foran lag som V\u00e5lerenga, Molde og Rosenborg.<\/p>\n<p><strong>Dette er lagets beste prestasjon noensinne.<\/strong><\/p>\n<p>Tidligere var \u00e5ttendeplass og 40 poeng det beste resultatet for klubben fra hvalfangerbyen.<\/p>\n<p>S\u00f8ndag slo de KFUM 2\u20130 p\u00e5 hjemmebane.<\/p>\n<p><img decoding=\"async\"   src=\"data:image\/gif;base64,R0lGODlhAQABAIAAAAAAAP\/\/\/yH5BAEAAAAALAAAAAABAAEAAAIBRAA7\" loading=\"eager\" alt=\"En spiller med kapteinsbind g\u00e5r opp for en heading under en fotballkamp. To motspillere i bl\u00e5 drakter f\u00f8lger med fra bakgrunnen. Spilleren i r\u00f8dt er omgitt av andre spillere og stadion i bakgrunnen. Aktiviteten skjer nede p\u00e5 banen, sannsynligvis ved midtlinjen.\" title=\"Foto: Trond R. Teigen \/ NTB\"\/><\/p>\n<p>Foto: Trond R. Teigen \/ NTB<\/p>\n<p>Dypt imponert<\/p>\n<p>NRK-kommentator Jan Petter Saltvedt skryter uhemmet av klubben.<\/p>\n<p><strong>\u2013 Det er norsk fotballs store mysterium hvordan de har klart dette, sier han.<br \/>\n<\/strong><\/p>\n<p><img decoding=\"async\"   src=\"data:image\/gif;base64,R0lGODlhAQABAIAAAAAAAP\/\/\/yH5BAEAAAAALAAAAAABAAEAAAIBRAA7\" loading=\"eager\" alt=\"Jan Petter Saltvedt\" title=\"Foto: Martin Leigland\"\/><\/p>\n<p class=\"\">Jan Petter Saltvedt er imponert over Sandefjord. <\/p>\n<p>Foto: Martin Leigland<\/p>\n<p>Han mener klubben har f\u00e5tt altfor lite oppmerksomhet.<\/p>\n<p><strong>\u2013 Veldig mange har ristet p\u00e5 hodet og lurt p\u00e5 hva som egentlig skjer p\u00e5 eliteserietabellen. Det er et lite mirakel som de ikke har f\u00e5tt nok kredibilitet for, sier han. <\/strong><\/p>\n<p>Han mener det er flere faktorer som forklarer dette, men tror en viktig \u00e5rsak er klubbens evne til \u00e5 satse p\u00e5 unge spillere.<\/p>\n<p><strong>\u2013 De har en veldig bra stamme med lokale spillere, men har ogs\u00e5 klart \u00e5 vise at de mestrer dette med \u00e5 selge n\u00e5r det kommer gode tilbud. De bruker pengene p\u00e5 \u00e5 investere i spillere som ikke koster s\u00e5 mye n\u00e5r de ser et potensial andre ikke ser.<br \/>\n<\/strong><\/p>\n<p><img decoding=\"async\"   src=\"data:image\/gif;base64,R0lGODlhAQABAIAAAAAAAP\/\/\/yH5BAEAAAAALAAAAAABAAEAAAIBRAA7\" loading=\"eager\" alt=\"En muskul\u00f8s mann i bar overkropp og neonfargede shorts intervjues av en journalist. Journalisten holder en mikrofon med logo og har ogs\u00e5 en mobiltelefon i h\u00e5nden. Intervjuet finner sted i en innend\u00f8rs korridor, med flere personer synlige i bakgrunnen. Omgivelsene ser ut til \u00e5 v\u00e6re i et idrettsanlegg.\" title=\"Foto: Trond R. Teigen \/ NTB\"\/><\/p>\n<p class=\"\">Sandefjords keeper Elias Hadaya er en av mange som f\u00e5r skryt eter \u00e5rets imponerende sesong. <\/p>\n<p>Foto: Trond R. Teigen \/ NTB<\/p>\n<p>Saltvedt opplever at Sandefjord har blitt en arena der unge spillere ser at de f\u00e5r muligheter de ikke ville f\u00e5tt andre steder.<\/p>\n<p>\u2013 Det gj\u00f8r klubben attraktive i en veldig hard konkurranse. De har skapt en trygghetsarena, et sted der spillere som trenger det f\u00e5r tid til \u00e5 bli den beste utgaven av seg selv.<\/p>\n<p>\u2013 Kjempeviktig<\/p>\n<p>Han mener de siste \u00e5rene med b\u00e5de Hans Erik \u00d8deg\u00e5rd og Andreas Tegstr\u00f6m p\u00e5 trenersiden har hatt mye \u00e5 si.<\/p>\n<p>Sistnevnte overtok som hovedtrener alene denne sesongen, da \u00d8deg\u00e5rd gikk til Lillestr\u00f8m f\u00f8r nytt\u00e5r i fjor.\n<\/p>\n<p><img decoding=\"async\"   src=\"data:image\/gif;base64,R0lGODlhAQABAIAAAAAAAP\/\/\/yH5BAEAAAAALAAAAAABAAEAAAIBRAA7\" loading=\"eager\" alt=\"En trener st\u00e5r med armene samlet i et m\u00f8rkt treningsantrekk p\u00e5 en fotballbane. I bakgrunnen er spillere og ansatte i treningst\u00f8y, forberedt til \u00f8velse. Omgivelsene er en moderne fotballbane under flombelysning. Det virker som en kvelds\u00f8kt med fokus p\u00e5 trening.\" title=\"Foto: Trond R. Teigen \/ NTB\"\/><\/p>\n<p class=\"\">Andreas Tegstr\u00f6m, Sandefjords hovedtrener. <\/p>\n<p>Foto: Trond R. Teigen \/ NTB<\/p>\n<p><strong>\u2013 De har skapt kontinuitet sportslig. Det er kjempeviktig, og har \u00e5penbart blitt jobbet veldig godt.<\/strong><\/p>\n<p>Tegstr\u00f8m mener selv de kan takke hardt arbeid for den gode utviklingen.<\/p>\n<p>\u2013 Vi jobber for \u00e5 bli bedre hver dag, sa han til NRK etter kampen s\u00f8ndag.<\/p>\n<p>\u2013 Fantastisk<\/p>\n<p>Forsvarsspiller Vetle Walle Egeli kom til Sandefjord i 2018, og har v\u00e6rt med p\u00e5 hele reisen fra Obos-ligaen.<\/p>\n<p>\u2013 Det har v\u00e6rt fantastisk b\u00e5de p\u00e5 og utenfor banen, sier han, og passer p\u00e5 \u00e5 hylle supporterne.\n<\/p>\n<p><img decoding=\"async\"   src=\"data:image\/gif;base64,R0lGODlhAQABAIAAAAAAAP\/\/\/yH5BAEAAAAALAAAAAABAAEAAAIBRAA7\" loading=\"eager\" alt=\"En mann i bl\u00e5 tr\u00f8ye intervjues av en person som holder en mobiltelefon. Bakgrunnen er innend\u00f8rs, med treningsutstyr synlig. Mobiltelefonen viser et blinkende opptak av intervjuet. Tematikken i intervjuet er ikke spesifisert.\" title=\"Foto: Trond R. Teigen \/ NTB\"\/><\/p>\n<p class=\"\">Sandefjords Vetle Walle Egeli. <\/p>\n<p>Foto: Trond R. Teigen \/ NTB<\/p>\n<p><strong>\u2013 Tilskuersnittet har jo v\u00e6rt historisk.<\/strong><\/p>\n<p>Egeli s\u00f8rget ogs\u00e5 for en scoring mot KFUM s\u00f8ndag, og har grunn til \u00e5 v\u00e6re litt ekstra forn\u00f8yd.<\/p>\n<p><strong>\u2013 Det var litt klabb og babb, men det er absolutt noe \u00e5 bygge videre p\u00e5. <\/strong><\/p>\n<p>\u2013 Hadde du turt \u00e5 dr\u00f8mme om femteplass og poengrekord f\u00f8r sesongen?<\/p>\n<p>\u2013 Selv om vi ikke kunne forvente det, s\u00e5 er jeg ikke sjokkert heller. Det er nok p\u00e5 tide \u00e5 innse at vi er et godt lag. S\u00e5 det korte svaret er ja, ler han.<\/p>\n<p>Publisert<\/p>\n<p>01.12.2025, kl. 09.55<\/p>\n","protected":false},"excerpt":{"rendered":"Saken oppsummert Sandefjord avsluttet sesongen p\u00e5 en historisk femteplass med 48 poeng, foran lag som V\u00e5lerenga, Molde og&hellip;\n","protected":false},"author":2,"featured_media":101364,"comment_status":"","ping_status":"","sticky":false,"template":"","format":"standard","meta":{"footnotes":""},"categories":[59],"tags":[30,28,29,83,82],"class_list":{"0":"post-101363","1":"post","2":"type-post","3":"status-publish","4":"format-standard","5":"has-post-thumbnail","7":"category-sport","8":"tag-no","9":"tag-norge","10":"tag-norway","11":"tag-sport","12":"tag-sports"},"share_on_mastodon":{"url":"https:\/\/pubeurope.com\/@no\/115644271861861068","error":""},"_links":{"self":[{"href":"https:\/\/www.europesays.com\/no\/wp-json\/wp\/v2\/posts\/101363","targetHints":{"allow":["GET"]}}],"collection":[{"href":"https:\/\/www.europesays.com\/no\/wp-json\/wp\/v2\/posts"}],"about":[{"href":"https:\/\/www.europesays.com\/no\/wp-json\/wp\/v2\/types\/post"}],"author":[{"embeddable":true,"href":"https:\/\/www.europesays.com\/no\/wp-json\/wp\/v2\/users\/2"}],"replies":[{"embeddable":true,"href":"https:\/\/www.europesays.com\/no\/wp-json\/wp\/v2\/comments?post=101363"}],"version-history":[{"count":0,"href":"https:\/\/www.europesays.com\/no\/wp-json\/wp\/v2\/posts\/101363\/revisions"}],"wp:featuredmedia":[{"embeddable":true,"href":"https:\/\/www.europesays.com\/no\/wp-json\/wp\/v2\/media\/101364"}],"wp:attachment":[{"href":"https:\/\/www.europesays.com\/no\/wp-json\/wp\/v2\/media?parent=101363"}],"wp:term":[{"taxonomy":"category","embeddable":true,"href":"https:\/\/www.europesays.com\/no\/wp-json\/wp\/v2\/categories?post=101363"},{"taxonomy":"post_tag","embeddable":true,"href":"https:\/\/www.europesays.com\/no\/wp-json\/wp\/v2\/tags?post=101363"}],"curies":[{"name":"wp","href":"https:\/\/api.w.org\/{rel}","templated":true}]}}