{"id":101374,"date":"2025-12-01T12:30:13","date_gmt":"2025-12-01T12:30:13","guid":{"rendered":"https:\/\/www.europesays.com\/no\/101374\/"},"modified":"2025-12-01T12:30:13","modified_gmt":"2025-12-01T12:30:13","slug":"mdg-bekrefter-ap-mote-apner-for-nye-veier-til-budsjettavtale","status":"publish","type":"post","link":"https:\/\/www.europesays.com\/no\/101374\/","title":{"rendered":"MDG bekrefter Ap-m\u00f8te \u2013 \u00e5pner for nye veier til budsjett\u00adavtale"},"content":{"rendered":"<p>MDG br\u00f8t i helgen budsjettforhandlingene. Ap inngikk avtale med R\u00f8dt og Sp, men trenger b\u00e5de MDG og SV for flertall.<\/p>\n<p> \u2013 Statsbudsjettforliket kan vi ikke stemme for. Vi har sagt til Ap at v\u00e5r d\u00f8r st\u00e5r \u00e5pen hvis det er et \u00f8nske om \u00e5 drive p\u00e5 med ansvarlig klimapolitikk og sikre norsk \u00f8konomi i ti\u00e5rene som kommer, sier Liland til <a href=\"https:\/\/www.vg.no\/nyheter\/i\/d45AgJ\/mdg-nestlederen-finnes-flere-veier-til-maal\" rel=\"noopener nofollow\" target=\"_blank\">VG<\/a>.<\/p>\n<p>Hun sier at det ikke er deres m\u00e5l \u00e5 stoppe andres gjennomslag, men \u00e5 ha et godt nok klimabudsjett til \u00e5 kunne st\u00e5 for det.<\/p>\n<p>\u2013 Det finnes flere veier til m\u00e5l, sier hun.<\/p>\n<p>MDG mener klimaregnskapet ble verre gjennom forhandlingene, s\u00e6rlig etter Sps gjennomslag p\u00e5 vei og drivstoff. Ap sier forhandlingene er over, men Liland mener det finnes andre l\u00f8sninger.<\/p>\n<p>\u2013 Stortinget kan fravike forretningsordenen, og det er fortsatt mulig \u00e5 f\u00e5 verbalforslag. Endrer man forretningsorden, kan man ogs\u00e5 diskutere budsjett.<\/p>\n<p> SV-leder Kirsti Bergst\u00f8 er mer positiv og sier til <a href=\"https:\/\/www.nrk.no\/norge\/ap_-nekter-for-rodgront-kaos-1.17673850?utm_source=sdrn%3Avg%3Aarticle%3Ad45AgJ\" rel=\"noopener nofollow\" target=\"_blank\">NRK <\/a> at hun har tro p\u00e5 at et budsjettflertall kan landes.<\/p>\n<p><a href=\"https:\/\/www.smp.no\/nyheter\/i\/0pjaKA\/mdg-stoette-til-aa-staa-paa-kravene-ogsaa-ved-kabinettsspoersmaal-fra-ap\" rel=\"nofollow noopener\" target=\"_blank\"> <img decoding=\"async\" src=\"data:image\/gif;base64,R0lGODlhEAAJAIAAAP\/\/\/wAAACH5BAEAAAAALAAAAAAQAAkAAAIKhI+py+0Po5yUFQA7\" alt=\"\"\/>   MDG: St\u00f8tte til \u00e5 st\u00e5 p\u00e5 kravene \u2013 ogs\u00e5 ved kabinettssp\u00f8rsm\u00e5l fra Ap  <\/a> <\/p>\n","protected":false},"excerpt":{"rendered":"MDG br\u00f8t i helgen budsjettforhandlingene. Ap inngikk avtale med R\u00f8dt og Sp, men trenger b\u00e5de MDG og SV&hellip;\n","protected":false},"author":2,"featured_media":101375,"comment_status":"","ping_status":"","sticky":false,"template":"","format":"standard","meta":{"footnotes":""},"categories":[10],"tags":[1513,20,21,24,25,15,22,23,324,13,30,28,29,14,16,568,26,27],"class_list":{"0":"post-101374","1":"post","2":"type-post","3":"status-publish","4":"format-standard","5":"has-post-thumbnail","7":"category-norge","8":"tag-arbeiderpartiet-ap","9":"tag-breaking-news","10":"tag-breakingnews","11":"tag-featured-news","12":"tag-featurednews","13":"tag-headlines","14":"tag-latest-news","15":"tag-latestnews","16":"tag-miljopartiet-de-gronne-mdg","17":"tag-news","18":"tag-no","19":"tag-norge","20":"tag-norway","21":"tag-nyheter","22":"tag-overskrifter","23":"tag-store-regjeringen","24":"tag-top-stories","25":"tag-topstories"},"share_on_mastodon":{"url":"https:\/\/pubeurope.com\/@no\/115644322610346877","error":""},"_links":{"self":[{"href":"https:\/\/www.europesays.com\/no\/wp-json\/wp\/v2\/posts\/101374","targetHints":{"allow":["GET"]}}],"collection":[{"href":"https:\/\/www.europesays.com\/no\/wp-json\/wp\/v2\/posts"}],"about":[{"href":"https:\/\/www.europesays.com\/no\/wp-json\/wp\/v2\/types\/post"}],"author":[{"embeddable":true,"href":"https:\/\/www.europesays.com\/no\/wp-json\/wp\/v2\/users\/2"}],"replies":[{"embeddable":true,"href":"https:\/\/www.europesays.com\/no\/wp-json\/wp\/v2\/comments?post=101374"}],"version-history":[{"count":0,"href":"https:\/\/www.europesays.com\/no\/wp-json\/wp\/v2\/posts\/101374\/revisions"}],"wp:featuredmedia":[{"embeddable":true,"href":"https:\/\/www.europesays.com\/no\/wp-json\/wp\/v2\/media\/101375"}],"wp:attachment":[{"href":"https:\/\/www.europesays.com\/no\/wp-json\/wp\/v2\/media?parent=101374"}],"wp:term":[{"taxonomy":"category","embeddable":true,"href":"https:\/\/www.europesays.com\/no\/wp-json\/wp\/v2\/categories?post=101374"},{"taxonomy":"post_tag","embeddable":true,"href":"https:\/\/www.europesays.com\/no\/wp-json\/wp\/v2\/tags?post=101374"}],"curies":[{"name":"wp","href":"https:\/\/api.w.org\/{rel}","templated":true}]}}