{"id":101386,"date":"2025-12-01T12:40:13","date_gmt":"2025-12-01T12:40:13","guid":{"rendered":"https:\/\/www.europesays.com\/no\/101386\/"},"modified":"2025-12-01T12:40:13","modified_gmt":"2025-12-01T12:40:13","slug":"sara-khorami-38-om-marerittdag-pa-troll-2-settet","status":"publish","type":"post","link":"https:\/\/www.europesays.com\/no\/101386\/","title":{"rendered":"Sara Khorami (38) om marerittdag p\u00e5 \u00abTroll 2\u00bb-settet:"},"content":{"rendered":"\n<p class=\"_lead_o9xde_2 _lead_xtcu6_50 layout-component text-serif-m layout-normal text-serif-l layout-component layout-wide layout-padded _wide_17hqh_1 layout-padded\">Da skuespilleren v\u00e5knet p\u00e5 opptaksdagen kjente hun umiddelbart at noe var galt. <\/p>\n<p><img alt=\"FRISK N\u00c5: Sara Khorami var tilbake i sitt helsemessige ess under intervjuet med VG i Holmenkoll\u00e5sen.  Foto: Benjamin Brekken \/ VG\" class=\"_image_qp4xg_65 layout-component layout-wide\" data-fullscreen- data-track-element-type=\"Article image fullscreen\" data-track-name=\"ImageFullscreen\" fetchpriority=\"high\" decoding=\"sync\" loading=\"eager\" height=\"3508\" itemprop=\"image\"  src=\"https:\/\/www.europesays.com\/no\/wp-content\/uploads\/2025\/12\/4d1b69dd-1ef7-4305-abc2-6bf509ce6fdc\"  style=\"object-position:0% 0%\" width=\"4773\"\/>FRISK N\u00c5: Sara Khorami var tilbake i sitt helsemessige ess under intervjuet med VG i Holmenkoll\u00e5sen.  Foto: Benjamin Brekken \/ VG<\/p>\n<ul aria-hidden=\"true\" class=\"_images_1uft6_111\">\n<li><a class=\"_link_1uft6_116\" href=\"https:\/\/www.vg.no\/forfatter\/thor-benjamin-brekken\" style=\"z-index:1\" title=\"Benjamin Brekken\" rel=\"nofollow noopener\" target=\"_blank\"><img alt=\"Bilde av Benjamin Brekken\" class=\"_image_1uft6_93\" fetchpriority=\"low\" loading=\"lazy\" decoding=\"async\" itemprop=\"image\"  src=\"https:\/\/www.europesays.com\/no\/wp-content\/uploads\/2025\/12\/ee722663-c943-4f7f-99e6-29c809011cd7\"  width=\"480\"\/><\/a><\/li>\n<\/ul>\n<p>Holmenkollen Park Hotell, Oslo Oppdatert mandag 1. desember kl. 13:13     <\/p>\n<p class=\"_paragraph_o9xde_4 _paragraph_xtcu6_10 layout-component text-serif-m layout-normal text-serif-m layout-padded\">\u2013 Jeg hadde litt panikk, ja &#8230;<\/p>\n<p class=\"_paragraph_o9xde_4 _paragraph_xtcu6_10 layout-component text-serif-m layout-normal text-serif-m layout-padded\">Skuespiller Sara Khorami snakker om den ulykksalige dagen p\u00e5 \u00abTroll 2\u00bb-settet. <\/p>\n<p class=\"_paragraph_o9xde_4 _paragraph_xtcu6_10 layout-component text-serif-m layout-normal text-serif-m layout-padded\">\u2013 Jeg sto opp og kastet opp i to timer, f\u00f8r det var rett p\u00e5 innspilling, sier Khorami til VG. <\/p>\n<p class=\"_paragraph_o9xde_4 _paragraph_xtcu6_10 layout-component text-serif-m layout-normal text-serif-m layout-padded\">Om det var matforgiftning eller en reaksjon p\u00e5 noe annet, kan Khorami bare spekulere i. Enden p\u00e5 visen var uansett at det ferskeste medlemmet av \u00abTroll\u00bb-casten, opererte for halv maskin. <\/p>\n<p class=\"_paragraph_o9xde_4 _paragraph_xtcu6_10 layout-component text-serif-m layout-normal text-serif-m layout-padded\">\u2013 Men jeg tenkte: Jeg m\u00e5 jo v\u00e6re med her! S\u00e5 jeg f\u00e5r bare kaste opp imellom slagene.<\/p>\n<p><img alt=\"TAR KOMMANDO: Sara Khorami og Mads Sj\u00f8g\u00e5rd Pettersen mobiliserer Trondheims innbyggere i \u00abTroll 2\u00bb.   Foto: Netfli \/ Courtesy of Netflix\" class=\"_image_qp4xg_65 layout-component layout-normal\" data-fullscreen- data-track-element-type=\"Article image fullscreen\" data-track-name=\"ImageFullscreen\" decoding=\"async\" loading=\"lazy\" height=\"2160\" itemprop=\"image\"  src=\"https:\/\/www.europesays.com\/no\/wp-content\/uploads\/2025\/12\/c33419af-2e63-4ccc-882a-7157faeaaa21\"  style=\"object-position:0% 0%\" width=\"3308\"\/>TAR KOMMANDO: Sara Khorami og Mads Sj\u00f8g\u00e5rd Pettersen mobiliserer Trondheims innbyggere i \u00abTroll 2\u00bb.   Foto: Netfli \/ Courtesy of Netflix<\/p>\n<p class=\"_paragraph_o9xde_4 _paragraph_xtcu6_10 layout-component text-serif-m layout-normal text-serif-m layout-padded\">Scenen som skulle skytes var en actionsekvens p\u00e5 B\u00f8vervatnet i Oppland. Khorami og hennes medskuespillere Ine Marie Wilmann, Kim Falck og Mads Sj\u00f8g\u00e5rd Pettersen skulle l\u00f8pe fra et troll. <\/p>\n<p class=\"_paragraph_o9xde_4 _paragraph_xtcu6_10 layout-component text-serif-m layout-normal text-serif-m layout-padded\">\u2013 Jeg husker Sara l\u00e5 og spydde i en trailer, forteller Pettersen i sitt intervju. <\/p>\n<p class=\"_paragraph_o9xde_4 _paragraph_xtcu6_10 layout-component text-serif-m layout-normal text-serif-m layout-padded\">\u2013 Jeg f\u00e5r det liksom ikke helt til med disse actionscenene, jeg. Det er liksom my legacy, sier Khorami \u2013 og henviser til <a href=\"https:\/\/www.vg.no\/rampelys\/i\/JbP9b7\/sara-khorami-i-ulykke-paa-settet-faen-jeg-ser-jo-ingenting\" data-track-element-type=\"Link\" data-track-id=\"link:JbP9b7\" class=\"_link_o9xde_39\" rel=\"nofollow noopener\" target=\"_blank\">ulykken p\u00e5 \u00abKraken\u00bb-settet<\/a> som VG har skrevet om tidligere. <\/p>\n<p class=\"_paragraph_o9xde_4 _paragraph_xtcu6_10 layout-component text-serif-m layout-normal layout-padded\"><strong class=\"_strong_o9xde_25\">Les ogs\u00e5:<\/strong> <a href=\"https:\/\/www.vg.no\/i\/JbP9b7\" data-track-element-type=\"Link\" data-track-id=\"link:JbP9b7\" class=\"_link_o9xde_39\" rel=\"nofollow noopener\" target=\"_blank\"> \u2013 Faen, jeg ser jo ingenting<\/a><\/p>\n<p><img alt=\"UGAGNSKR\u00c5KE: Det er dette trollet Khorami og gjengen m\u00e5 flykte fra under opptakene p\u00e5 B\u00f8vervatnet.   Foto: Netfli \/ Courtesy of Netflix\" class=\"_image_qp4xg_65 layout-component layout-normal\" data-fullscreen- data-track-element-type=\"Article image fullscreen\" data-track-name=\"ImageFullscreen\" decoding=\"async\" loading=\"lazy\" height=\"1606\" itemprop=\"image\"  src=\"https:\/\/www.europesays.com\/no\/wp-content\/uploads\/2025\/12\/e7d2b3ce-6ef9-4894-85f6-61375fd2a78a\"  style=\"object-position:0% 0%\" width=\"2855\"\/>UGAGNSKR\u00c5KE: Det er dette trollet Khorami og gjengen m\u00e5 flykte fra under opptakene p\u00e5 B\u00f8vervatnet.   Foto: Netfli \/ Courtesy of Netflix<\/p>\n<p class=\"_paragraph_o9xde_4 _paragraph_xtcu6_10 layout-component text-serif-m layout-normal text-serif-m layout-padded\">Kim Falck, som intervjues i par med Khorami, tar ordet og opplyser om at spyepisoden skjedde p\u00e5 et tidlig tidspunkt under innspillingen, da Khorami fortsatt var ferskingen p\u00e5 laget. <\/p>\n<p class=\"_paragraph_o9xde_4 _paragraph_xtcu6_10 layout-component text-serif-m layout-normal text-serif-m layout-padded\">\u2013 Alle utenom Sara satt inne i en varm buss i en god sofa, og hadde det s\u00e5 deilig. Og siden Sara kanskje kunne v\u00e6re smittsom, m\u00e5tte hun ligge p\u00e5 gulvet, under et bord i sminkebua. Isolert fra flokken, mens vi satt og koste oss. <\/p>\n<p><img alt=\"HEY HO, LET\u2019S GO: Kim Falck ble spesielt kjent for \u00e9n setning i \u00abTroll 2\u00bb-universet. Det er han ikke n\u00f8dvendigvis s\u00e5 begeistret for.   Foto: Benjamin Brekken \/ VG\" class=\"_image_qp4xg_65 layout-component layout-normal\" data-fullscreen- data-track-element-type=\"Article image fullscreen\" data-track-name=\"ImageFullscreen\" decoding=\"async\" loading=\"lazy\" height=\"3871\" itemprop=\"image\"  src=\"https:\/\/www.europesays.com\/no\/wp-content\/uploads\/2025\/12\/345e083d-b8c0-4589-ad3e-e972e199dd09\"  style=\"object-position:0% 0%\" width=\"4970\"\/>HEY HO, LET\u2019S GO: Kim Falck ble spesielt kjent for \u00e9n setning i \u00abTroll 2\u00bb-universet. Det er han ikke n\u00f8dvendigvis s\u00e5 begeistret for.   Foto: Benjamin Brekken \/ VG<\/p>\n<p class=\"_paragraph_o9xde_4 _paragraph_xtcu6_10 layout-component text-serif-m layout-normal text-serif-m layout-padded\">Khorami hevder at hun ikke b\u00e6rer nag og utviser stor forst\u00e5else for \u00e5 ha blitt avsondret. <\/p>\n<p class=\"_paragraph_o9xde_4 _paragraph_xtcu6_10 layout-component text-serif-m layout-normal text-serif-m layout-padded\">\u2013 Vi m\u00e5tte jo v\u00e6re forsiktige. Det er majoriteten man m\u00e5 ta vare p\u00e5. Et r\u00e5ttent eple, s\u00e5 blir alle r\u00e5tne etterp\u00e5, liksom. Heldigvis gikk det over. <\/p>\n<p class=\"_paragraph_o9xde_4 _paragraph_xtcu6_10 layout-component text-serif-m layout-normal text-serif-m layout-padded\">\u00abTroll 2\u00bb kan ses p\u00e5 <a href=\"https:\/\/www.vg.no\/tag\/netflix?utm_source=vg-article&amp;utm_medium=auto-tagger&amp;utm_campaign=vrW8E5\" class=\"_link_o9xde_39\" rel=\"nofollow noopener\" target=\"_blank\">Netflix<\/a> fra 1. desember. Khorami spiller forskeren Marion, som er lederen for et topphemmelig trolsk prosjekt for den norske regjeringen. Falck p\u00e5 sin side returnerer som r\u00e5dgiveren Andreas\u202fIsaksen.<\/p>\n<p><img alt=\"KVALMENDE STED: Roar Uthaug gj\u00f8r klar for opptak p\u00e5 B\u00f8vervatnet, hvor Sara Khorami ble syk.   Foto: Netfli \/ Courtesy of Netflix\" class=\"_image_qp4xg_65 layout-component layout-normal\" data-fullscreen- data-track-element-type=\"Article image fullscreen\" data-track-name=\"ImageFullscreen\" decoding=\"async\" loading=\"lazy\" height=\"3000\" itemprop=\"image\"  src=\"https:\/\/www.europesays.com\/no\/wp-content\/uploads\/2025\/12\/9756a15f-4091-4bb9-8df1-bc8f157ba8d0\"  style=\"object-position:0% 0%\" width=\"5334\"\/>KVALMENDE STED: Roar Uthaug gj\u00f8r klar for opptak p\u00e5 B\u00f8vervatnet, hvor Sara Khorami ble syk.   Foto: Netfli \/ Courtesy of Netflix<\/p>\n<p class=\"_paragraph_o9xde_4 _paragraph_xtcu6_10 layout-component text-serif-m layout-normal text-serif-m layout-padded\">\u2013 F\u00f8r jeg slipper deg, Kim. Da jeg kom inn i lobbyen kom du g\u00e5ende med noen fra Netflix, og da sa du til henne: \u00abLet\u2019s go!\u00bb Er det blitt din catchphrasecatchphraseEn catchphrase er et kort, lett gjenkjennelig uttrykk eller slagord som ofte brukes av \u00e9n person, karakter, merkevare eller i en bestemt kontekst, og som folk raskt forbinder med dem.?<\/p>\n<p class=\"_paragraph_o9xde_4 _paragraph_xtcu6_10 layout-component text-serif-m layout-normal text-serif-m layout-padded\">Det er en tydelig sm\u00e5flau Kim Falck som n\u00e5 summer seg foran oss. Mens vi venter p\u00e5 svaret kan vi forklare konteksten: Falcks karakter sier \u00ablet\u2019s go\u00bb i en avgj\u00f8rende situasjon i den f\u00f8rste \u00abTroll\u00bb-filmen, f\u00f8r han gjentar frasen i \u00abTroll 2\u00bb.<\/p>\n<p class=\"_paragraph_o9xde_4 _paragraph_xtcu6_10 layout-component text-serif-m layout-normal text-serif-m layout-padded\">\u2013 Jeg vet jeg sa det i stad, og det bare skjedde. Det glapp ut av meg. Det verste er at jeg h\u00f8rte noen andre sitere noe annet fra filmen tidligere, og da tenkte jeg: Det skal jeg aldri gj\u00f8re. S\u00e5 da sier jeg det n\u00e5: Det skal jeg aldri si mer. <\/p>\n<p><img alt=\"TROLLBANDEN: Fra venstre: Ine Marie Wilmann, Anne Krigsvoll. Mads Sj\u00f8g\u00e5rd Pettersen, Sara Khorami og Kim Falck.   Foto: Netfli \/ Courtesy of Netflix\" class=\"_image_qp4xg_65 layout-component layout-normal\" data-fullscreen- data-track-element-type=\"Article image fullscreen\" data-track-name=\"ImageFullscreen\" decoding=\"async\" loading=\"lazy\" height=\"1606\" itemprop=\"image\"  src=\"https:\/\/www.europesays.com\/no\/wp-content\/uploads\/2025\/12\/f2cdcc97-1f07-46ca-acd9-25db4323ea6e\"  style=\"object-position:0% 0%\" width=\"2855\"\/>TROLLBANDEN: Fra venstre: Ine Marie Wilmann, Anne Krigsvoll. Mads Sj\u00f8g\u00e5rd Pettersen, Sara Khorami og Kim Falck.   Foto: Netfli \/ Courtesy of Netflix<\/p>\n<p class=\"_paragraph_o9xde_4 _paragraph_xtcu6_10 layout-component text-serif-m layout-normal text-serif-m layout-padded\">\u2013 Men er det ikke kult med en catchphrase, da? Alle de kule gutta har jo det. Arnold Schwarzenegger. Sylvester Stallone &#8230;<\/p>\n<p class=\"_paragraph_o9xde_4 _paragraph_xtcu6_10 layout-component text-serif-m layout-normal text-serif-m layout-padded\">\u2013 Jeg h\u00f8rer hva du sier, men jeg tror ikke noe p\u00e5 det, svarer Falck lattermildt, f\u00f8r han fortsetter.<\/p>\n<p class=\"_paragraph_o9xde_4 _paragraph_xtcu6_10 layout-component text-serif-m layout-normal text-serif-m layout-padded\">\u2013 Nei, alts\u00e5 \u2013 jeg er jo helt enig. Det er kult med catchphrases, men &#8230; nei, stotrer Kim \u00abcatchphrase\u00bb Falck. <\/p>\n<p class=\"_paragraph_o9xde_4 _paragraph_xtcu6_10 layout-component text-serif-m layout-normal text-serif-m layout-padded\">\u2013 Skulle \u00f8nske jeg hadde den! Jeg hadde melket den for alt det var verdt, avslutter Khorami. <\/p>\n","protected":false},"excerpt":{"rendered":"Da skuespilleren v\u00e5knet p\u00e5 opptaksdagen kjente hun umiddelbart at noe var galt. FRISK N\u00c5: Sara Khorami var tilbake&hellip;\n","protected":false},"author":2,"featured_media":101387,"comment_status":"","ping_status":"","sticky":false,"template":"","format":"standard","meta":{"footnotes":""},"categories":[58],"tags":[71,460,220,30,28,29,3784,72],"class_list":{"0":"post-101386","1":"post","2":"type-post","3":"status-publish","4":"format-standard","5":"has-post-thumbnail","7":"category-underholdning","8":"tag-entertainment","9":"tag-film","10":"tag-netflix","11":"tag-no","12":"tag-norge","13":"tag-norway","14":"tag-troll","15":"tag-underholdning"},"share_on_mastodon":{"url":"https:\/\/pubeurope.com\/@no\/115644361912360148","error":""},"_links":{"self":[{"href":"https:\/\/www.europesays.com\/no\/wp-json\/wp\/v2\/posts\/101386","targetHints":{"allow":["GET"]}}],"collection":[{"href":"https:\/\/www.europesays.com\/no\/wp-json\/wp\/v2\/posts"}],"about":[{"href":"https:\/\/www.europesays.com\/no\/wp-json\/wp\/v2\/types\/post"}],"author":[{"embeddable":true,"href":"https:\/\/www.europesays.com\/no\/wp-json\/wp\/v2\/users\/2"}],"replies":[{"embeddable":true,"href":"https:\/\/www.europesays.com\/no\/wp-json\/wp\/v2\/comments?post=101386"}],"version-history":[{"count":0,"href":"https:\/\/www.europesays.com\/no\/wp-json\/wp\/v2\/posts\/101386\/revisions"}],"wp:featuredmedia":[{"embeddable":true,"href":"https:\/\/www.europesays.com\/no\/wp-json\/wp\/v2\/media\/101387"}],"wp:attachment":[{"href":"https:\/\/www.europesays.com\/no\/wp-json\/wp\/v2\/media?parent=101386"}],"wp:term":[{"taxonomy":"category","embeddable":true,"href":"https:\/\/www.europesays.com\/no\/wp-json\/wp\/v2\/categories?post=101386"},{"taxonomy":"post_tag","embeddable":true,"href":"https:\/\/www.europesays.com\/no\/wp-json\/wp\/v2\/tags?post=101386"}],"curies":[{"name":"wp","href":"https:\/\/api.w.org\/{rel}","templated":true}]}}