{"id":101390,"date":"2025-12-01T12:45:41","date_gmt":"2025-12-01T12:45:41","guid":{"rendered":"https:\/\/www.europesays.com\/no\/101390\/"},"modified":"2025-12-01T12:45:41","modified_gmt":"2025-12-01T12:45:41","slug":"obos-prisene-i-oslo-steg-05-prosent-i-november-e24","status":"publish","type":"post","link":"https:\/\/www.europesays.com\/no\/101390\/","title":{"rendered":"Obos-prisene i Oslo steg 0,5 prosent i november \u2013 E24"},"content":{"rendered":"<p class=\"fullWidthDesktop hyperion-css-71ztg2\" data-test-tag=\"lead-text\">Vanligvis faller prisene p\u00e5 h\u00f8sten.<\/p>\n<p><img decoding=\"async\" class=\"image-asset hyperion-css-u06ts1\" data-test-tag=\"image-asset\" src=\"https:\/\/www.europesays.com\/no\/wp-content\/uploads\/2025\/12\/1a8572bb-ffdb-46d4-ad6e-a62a84ee5694\"  alt=\"Boliger p\u00e5 Ulven i Oslo.\"  loading=\"eager\" fetchpriority=\"high\" style=\"aspect-ratio:1900 \/ 1267\"\/>Boliger p\u00e5 Ulven i Oslo. Foto: Stian Lysberg Solum \/ NTBPublisert: <\/p>\n<p>For mindre enn 3 timer siden<\/p>\n<p>Oppdatert for mindre enn 2 timer siden<\/p>\n<ul class=\"hyperion-css-pte5x0\">\n<li aria-label=\"link\" class=\"narrow-button hyperion-css-1sz7d3n\">Kopier lenke<\/li>\n<li aria-label=\"link\" class=\"wide-button hyperion-css-1sz7d3n\">Kopier lenke<\/li>\n<li aria-label=\"facebook\" class=\"narrow-button hyperion-css-1sz7d3n\">Del p\u00e5 Facebook<\/li>\n<li aria-label=\"facebook\" class=\"wide-button hyperion-css-1sz7d3n\">Del p\u00e5 Facebook<\/li>\n<li aria-label=\"email\" class=\"narrow-button hyperion-css-1sz7d3n\">Del med e-post<\/li>\n<li aria-label=\"email\" class=\"wide-button hyperion-css-1sz7d3n\">Del med e-post<\/li>\n<\/ul>\n<p class=\"hyperion-css-1lemvax\">Prisene p\u00e5 brukte Obos-boliger i Oslo steg med 0,5 prosent fra oktober til november.<\/p>\n<p class=\"hyperion-css-1lemvax\">Vanligvis faller boligprisene i Norge p\u00e5 h\u00f8sten, inkludert i november, f\u00f8r de stiger igjen etter nytt\u00e5r og utover v\u00e5ren.<\/p>\n<p class=\"hyperion-css-1lemvax\">\u2013 Etter litt svakere vekst i Obos-prisene enn normalt i oktober, ble det motsatt i november. Vi m\u00e5 tilbake til 2016 for \u00e5 finne sterkere vekst i november, sier sjef\u00f8konom Sissel Monsvold i Obos.<\/p>\n<p><a data-test-tag=\"teaser-small:link-internal\" href=\"https:\/\/e24.no\/boers-og-finans\/i\/2pnljy\/tre-eksperter-slik-investerer-du-100000-neste-aar\" class=\"imagePosition-top inline hyperion-css-6238vu\" rel=\"nofollow noopener\" target=\"\" aria-label=\"Tre eksperter: Slik investerer du 100.000 neste \u00e5r\"><\/p>\n<p>Les p\u00e5 E24+<\/p>\n<p>Tre eksperter: Slik investerer du 100.000 neste \u00e5r<\/p>\n<p><\/a><\/p>\n<p class=\"hyperion-css-1lemvax\">S\u00e5 langt i \u00e5r har Obos-prisene i Oslo steget 5,6 prosent.<\/p>\n<p class=\"hyperion-css-1lemvax\">Oslo er det st\u00f8rste nedslagsfeltet til Obos. Statistikken deres dekker rundt 25 prosent av bruktmarkedet i hovedstaden.<\/p>\n<p class=\"hyperion-css-1lemvax\">P\u00e5 landsbasis steg prisene 0,3 prosent i november.<\/p>\n<p>To rentekutt<\/p>\n<p class=\"hyperion-css-1lemvax\">Monsvold sier hun er overrasket over oppgangen. Obos-\u00f8konomen trekker frem de to rentekuttene som har kommet fra Norges Bank i \u00e5r, god l\u00f8nnsvekst og et godt arbeidsmarkedet som \u00e5rsaker bak utviklingen.<\/p>\n<p class=\"hyperion-css-1lemvax\">\u2013 Vi regnet med at prisene skulle holde seg bedre oppe i h\u00f8st enn vanlig, men prisveksten i november ble h\u00f8yere enn ventet.<\/p>\n<p class=\"hyperion-css-1lemvax\">Norges Bank satt ned styringsrenten b\u00e5de i juni og i september, til <a data-test-tag=\"internal-link\" href=\"https:\/\/e24.no\/i\/Rz3zGd\/norges-bank-holder-renten-uendret\" class=\"hyperion-css-1rezu2g\" rel=\"nofollow noopener\" target=\"\" aria-label=\"dagens niv\u00e5 p\u00e5 fire prosent\">dagens niv\u00e5 p\u00e5 fire prosent<\/a>. Bankene har fulgt opp med rentekutt, som gj\u00f8r boligl\u00e5net billigere.<\/p>\n<p class=\"hyperion-css-1lemvax\">L\u00f8nnsveksten i Norge har v\u00e6rt h\u00f8yere enn normalt de siste \u00e5rene, blant annet p\u00e5 grunn av den h\u00f8ye prisveksten. Det ligger an til reall\u00f8nnsvekst, alts\u00e5 at l\u00f8nningene stiger mer enn prisene generelt, ogs\u00e5 i 2025.<\/p>\n<p class=\"hyperion-css-1lemvax\">Samtidig har arbeidsledigheten her til lands holdt seg lav i flere \u00e5r, selv om den har \u00f8kt litt i det siste.<\/p>\n<p>Tror p\u00e5 vekst neste \u00e5r<\/p>\n<p class=\"hyperion-css-1lemvax\">Selv om renten har blitt satt ned, har Norges Bank samtidig signalisert at det blir f\u00e6rre rentekutt i \u00e5rene som kommer enn de tidligere s\u00e5 for seg.<\/p>\n<p class=\"hyperion-css-1lemvax\">Ett rentekutt hvert \u00e5r de neste tre \u00e5rene er det prognosene til sentralbanken tilsier.<\/p>\n<p class=\"hyperion-css-1lemvax\">\u2013 Vi tror ogs\u00e5 p\u00e5 prisvekst i 2026. Da kan ogs\u00e5 et avtagende boligtilbud f\u00f8re til ytterligere prisvekst. Samtidig har Norges Bank hevet rentebanen og gitt signaler om f\u00e6rre rentekutt de neste \u00e5rene. Dette vil trolig begrense prisveksten noe, sier Monsvold.<\/p>\n","protected":false},"excerpt":{"rendered":"Vanligvis faller prisene p\u00e5 h\u00f8sten. Boliger p\u00e5 Ulven i Oslo. Foto: Stian Lysberg Solum \/ NTBPublisert: For mindre&hellip;\n","protected":false},"author":2,"featured_media":101391,"comment_status":"","ping_status":"","sticky":false,"template":"","format":"standard","meta":{"footnotes":""},"categories":[5],"tags":[20,21,24,25,15,19,22,23,17,18,13,30,28,29,14,16,26,27],"class_list":{"0":"post-101390","1":"post","2":"type-post","3":"status-publish","4":"format-standard","5":"has-post-thumbnail","7":"category-overskrifter","8":"tag-breaking-news","9":"tag-breakingnews","10":"tag-featured-news","11":"tag-featurednews","12":"tag-headlines","13":"tag-hovedoppslag","14":"tag-latest-news","15":"tag-latestnews","16":"tag-main-news","17":"tag-mainnews","18":"tag-news","19":"tag-no","20":"tag-norge","21":"tag-norway","22":"tag-nyheter","23":"tag-overskrifter","24":"tag-top-stories","25":"tag-topstories"},"share_on_mastodon":{"url":"https:\/\/pubeurope.com\/@no\/115644382366106070","error":""},"_links":{"self":[{"href":"https:\/\/www.europesays.com\/no\/wp-json\/wp\/v2\/posts\/101390","targetHints":{"allow":["GET"]}}],"collection":[{"href":"https:\/\/www.europesays.com\/no\/wp-json\/wp\/v2\/posts"}],"about":[{"href":"https:\/\/www.europesays.com\/no\/wp-json\/wp\/v2\/types\/post"}],"author":[{"embeddable":true,"href":"https:\/\/www.europesays.com\/no\/wp-json\/wp\/v2\/users\/2"}],"replies":[{"embeddable":true,"href":"https:\/\/www.europesays.com\/no\/wp-json\/wp\/v2\/comments?post=101390"}],"version-history":[{"count":0,"href":"https:\/\/www.europesays.com\/no\/wp-json\/wp\/v2\/posts\/101390\/revisions"}],"wp:featuredmedia":[{"embeddable":true,"href":"https:\/\/www.europesays.com\/no\/wp-json\/wp\/v2\/media\/101391"}],"wp:attachment":[{"href":"https:\/\/www.europesays.com\/no\/wp-json\/wp\/v2\/media?parent=101390"}],"wp:term":[{"taxonomy":"category","embeddable":true,"href":"https:\/\/www.europesays.com\/no\/wp-json\/wp\/v2\/categories?post=101390"},{"taxonomy":"post_tag","embeddable":true,"href":"https:\/\/www.europesays.com\/no\/wp-json\/wp\/v2\/tags?post=101390"}],"curies":[{"name":"wp","href":"https:\/\/api.w.org\/{rel}","templated":true}]}}