{"id":101402,"date":"2025-12-01T13:02:09","date_gmt":"2025-12-01T13:02:09","guid":{"rendered":"https:\/\/www.europesays.com\/no\/101402\/"},"modified":"2025-12-01T13:02:09","modified_gmt":"2025-12-01T13:02:09","slug":"sport-til-bronse-gutan-pa-vei-hjem-slik-blir-feiringen-i-tromso-nordlys","status":"publish","type":"post","link":"https:\/\/www.europesays.com\/no\/101402\/","title":{"rendered":"Sport, TIL | Bronse-Gutan p\u00e5 vei hjem: Slik blir feiringen i Troms\u00f8 &#8211; Nordlys"},"content":{"rendered":"<ol>\n<li><a href=\"https:\/\/news.google.com\/rss\/articles\/CBMilgFBVV95cUxNWGxKVWxtUkQ2WW1WenNfQ3RYaVlyRC1CbWVnN2duWWc2QTZMVG8wQlZiSGtvdTNOYmVuLVdvZUpvaFpqbEZqdDM2Yl9WMC1iSzlnNVFtZkJ2WVZWSWE3dWw4SzR1UWloaE9ES2h4UTB2VVpobHUxbUNoWW5NWWE0WGxKVndablF1OEZPUHF1eEtrSi1BQmc?oc=5\" target=\"_blank\" rel=\"nofollow noopener\">Sport, TIL | Bronse-Gutan p\u00e5 vei hjem: Slik blir feiringen i Troms\u00f8<\/a>&nbsp;&nbsp;Nordlys<\/li>\n<li><a href=\"https:\/\/news.google.com\/rss\/articles\/CBMipgFBVV95cUxQd2dWc0R0c21lWERZdEdJdkFWLTJ6X0JKNlB4ejM3ZEdGMXpldC1RZXVCak55QzlRR29nVUZHUVozc25paFk1bklKVEI0Y0phZm1QN2tmNjlHWjBLV2xzSTJtUU5IZk9oVVc3Ynk3UFkzcE16RXF1VW9xSy1OUHFOQl96TThJLWN1bGsxWDJGTTdYbjVfZ3FFUk5IZHlhR01uZHlLMHF3?oc=5\" target=\"_blank\" rel=\"nofollow noopener\">Troms\u00f8 sikret bronsen i Eliteserien \u2013 sur 4.-plass for Brann tross seier<\/a>&nbsp;&nbsp;VG<\/li>\n<li><a href=\"https:\/\/news.google.com\/rss\/articles\/CBMidkFVX3lxTE1aSlJpQ0Y0SkctekNGa25uYXlydzFJQzljd05mbU5VUkduZldib2tadkMwVjVFeVF6T1I2UjJKX2RZeldLVzIwX2ZrazZ3b1NJMWk0RGUtYWV3TEFBU2xvdzZjZW9QOVpMS0ptYm5Nc2J1MGxqeEE?oc=5\" target=\"_blank\" rel=\"nofollow noopener\">TIL, Fotball | \u2013 Han er jo Troms\u00f8s feteste kis<\/a>&nbsp;&nbsp;Nordlys<\/li>\n<li><a href=\"https:\/\/news.google.com\/rss\/articles\/CBMisAFBVV95cUxOOE1MeVhPVmlHT1dCb19xM1k2azF1Z2RSYW10ak8xM1BHdmZLV2JKa3VsU3lnaFBRS1MxcDE0c2RHdHdXeXJJNDVROXV1M08ycmtmMmwySjJPYXlVVnRKSFF4UzFDb3VOd05mTmRyS3hJTjZCdzRjdFF4TnpjMU93aDZUNENHcjc5TkJuV3pNNkpzc1VtLXpQa1hkOWlobEczNXB1elpLMC1YUWFFN3FlSg?oc=5\" target=\"_blank\" rel=\"nofollow noopener\">Feiret med lagkompisene<\/a>&nbsp;&nbsp;Gudbrandsd\u00f8len Dagningen<\/li>\n<li><a href=\"https:\/\/news.google.com\/rss\/articles\/CBMinwFBVV95cUxNQ0JHM1ppd091WW9acmZrVWxvYzlPTnhVQmJDMndudG5wTHZoMC01ek1jQmY3MUR0MVdoZHNYd3ZhVEZBNVZUcWlWbkI1QTJrX3lWN0xrd1FNM0g5UHZSbGktNzJhNXp0UlZ1YTJXUFlBQTdPV3QyYmRESHpqY29CeWE5T25aVFZJd3liOVU2QkphUWwyRTlnUHpsa3BrMm8?oc=5\" target=\"_blank\" rel=\"nofollow noopener\">(+) Gr\u00e5t i garderoben: \u2013 En fin m\u00e5te \u00e5 avslutte karrieren p\u00e5<\/a>&nbsp;&nbsp;ht.no<\/li>\n<\/ol>\n","protected":false},"excerpt":{"rendered":"Sport, TIL | Bronse-Gutan p\u00e5 vei hjem: Slik blir feiringen i Troms\u00f8&nbsp;&nbsp;Nordlys Troms\u00f8 sikret bronsen i Eliteserien \u2013&hellip;\n","protected":false},"author":2,"featured_media":101403,"comment_status":"","ping_status":"","sticky":false,"template":"","format":"standard","meta":{"footnotes":""},"categories":[59],"tags":[30,28,29,83,82],"class_list":{"0":"post-101402","1":"post","2":"type-post","3":"status-publish","4":"format-standard","5":"has-post-thumbnail","7":"category-sport","8":"tag-no","9":"tag-norge","10":"tag-norway","11":"tag-sport","12":"tag-sports"},"share_on_mastodon":{"url":"","error":""},"_links":{"self":[{"href":"https:\/\/www.europesays.com\/no\/wp-json\/wp\/v2\/posts\/101402","targetHints":{"allow":["GET"]}}],"collection":[{"href":"https:\/\/www.europesays.com\/no\/wp-json\/wp\/v2\/posts"}],"about":[{"href":"https:\/\/www.europesays.com\/no\/wp-json\/wp\/v2\/types\/post"}],"author":[{"embeddable":true,"href":"https:\/\/www.europesays.com\/no\/wp-json\/wp\/v2\/users\/2"}],"replies":[{"embeddable":true,"href":"https:\/\/www.europesays.com\/no\/wp-json\/wp\/v2\/comments?post=101402"}],"version-history":[{"count":0,"href":"https:\/\/www.europesays.com\/no\/wp-json\/wp\/v2\/posts\/101402\/revisions"}],"wp:featuredmedia":[{"embeddable":true,"href":"https:\/\/www.europesays.com\/no\/wp-json\/wp\/v2\/media\/101403"}],"wp:attachment":[{"href":"https:\/\/www.europesays.com\/no\/wp-json\/wp\/v2\/media?parent=101402"}],"wp:term":[{"taxonomy":"category","embeddable":true,"href":"https:\/\/www.europesays.com\/no\/wp-json\/wp\/v2\/categories?post=101402"},{"taxonomy":"post_tag","embeddable":true,"href":"https:\/\/www.europesays.com\/no\/wp-json\/wp\/v2\/tags?post=101402"}],"curies":[{"name":"wp","href":"https:\/\/api.w.org\/{rel}","templated":true}]}}