{"id":101410,"date":"2025-12-01T13:09:10","date_gmt":"2025-12-01T13:09:10","guid":{"rendered":"https:\/\/www.europesays.com\/no\/101410\/"},"modified":"2025-12-01T13:09:10","modified_gmt":"2025-12-01T13:09:10","slug":"pst-fikk-telenor-henleggelse-i-retur-nrk-dokumentar","status":"publish","type":"post","link":"https:\/\/www.europesays.com\/no\/101410\/","title":{"rendered":"PST fikk Telenor-henleggelse i retur \u2013 NRK Dokumentar"},"content":{"rendered":"<p>\u2013 Dette er en smekk p\u00e5 fingeren til PST, sier jusprofessor Terje Einarsen ved Universitetet i Bergen.<\/p>\n<p><img decoding=\"async\"   src=\"data:image\/gif;base64,R0lGODlhAQABAIAAAAAAAP\/\/\/yH5BAEAAAAALAAAAAABAAEAAAIBRAA7\" loading=\"eager\" alt=\"Terje Einarsen\" title=\"\"\/><\/p>\n<p class=\"no-credit\">Jusprofessor Terje Einarsen<\/p>\n<p>Han er styreleder i ICJ Norge (Den internasjonale juristkommisjonen). Sammen med organisasjonen Justice for Myanmar anmeldte de Telenor til PST tidligere i fjor.<\/p>\n<p>Det gjelder to forhold. ICJ mener at Telenor har brutt sanksjonene mot Myanmar.<\/p>\n<p>Fordi selskapet har kj\u00f8pt, installert og testet utstyr som kan overv\u00e5ke mobiltrafikk i sanntid. Det betyr i praksis at kundenes telefonsamtaler, tekstmeldinger og e-poster kan f\u00f8lges p\u00e5 direkten.<\/p>\n<p>\u2013 Telenor burde ikke anskaffet dette systemet i det hele tatt. Vi har ogs\u00e5 anmeldt selskapet for \u00e5 ha solgt dette utstyret videre til de nye eierne, sier Einarsen.<\/p>\n<p>Ingen grunn<\/p>\n<p>Det andre dreier seg om utlevering av s\u00e5kalte trafikkdata. NRK avsl\u00f8rte i august hvordan Telenor hadde delt store mengder sensitive data med det brutale milit\u00e6rregimet i Myanmar.<\/p>\n<p>Disse opplysningene har juntaen brukt aktivt. B\u00e5de til \u00e5 kartlegge og forf\u00f8lge motstandsbevegelsen i Myanmar. Det dreier seg om samtalelogger, navn, adresser og kundenes sist kjente oppholdssteder. Etter avsl\u00f8ringen utvidet ICJ anmeldelsen til ogs\u00e5 \u00e5 gjelde brudd p\u00e5 menneskerettighetene.<\/p>\n<p>Men PST s\u00e5 ikke grunn til \u00e5 g\u00e5 n\u00e6rmere inn i saken.<\/p>\n<p><img decoding=\"async\"   src=\"data:image\/gif;base64,R0lGODlhAQABAIAAAAAAAP\/\/\/yH5BAEAAAAALAAAAAABAAEAAAIBRAA7\" loading=\"eager\" alt=\"Kathrine Tonstad\" title=\"Foto: \u00d8yvind Bye Skille \/ NRK\"\/><\/p>\n<p class=\"\">Kathrine Tonstad i PST.<\/p>\n<p>Foto: \u00d8yvind Bye Skille \/ NRK<\/p>\n<p>\u00abIkke rimelig grunn til \u00e5 etterforske\u00bb, konkluderte sikkerhetstjenesten i september. Politiadvokat Kathrine Tonstad skrev i begrunnelsen at det var \u00abbetydelig usikkerhet\u00bb knyttet til om en etterforskning ville avklare straffbare forhold.<\/p>\n<p>Ga seg ikke<\/p>\n<p>Men Einarsen og ICJ ga seg ikke s\u00e5 lett. Henleggelsen ble anket. N\u00e5 har Det nasjonale statsadvokatembetet (Nast) gitt saken en uventet dreining.<\/p>\n<p>I slutten av november fikk nemlig PST saken i retur. Nast ber overv\u00e5kningstjenesten g\u00e5 inn i den p\u00e5 nytt.<\/p>\n<p><img decoding=\"async\"   src=\"data:image\/gif;base64,R0lGODlhAQABAIAAAAAAAP\/\/\/yH5BAEAAAAALAAAAAABAAEAAAIBRAA7\" loading=\"eager\" alt=\"Oslo 20241106. &#10;Statsadvokat Marit Formo under rettssaken mot de to s\u00f8strene fra B\u00e6rum som er tiltalt for deltakelse i terrorgruppen IS. De er blant annet anklaget for \u00e5 ha fors\u00f8kt \u00e5 f\u00e5 flere kvinner\" title=\"Foto: Terje Pedersen \/ NTB\"\/><\/p>\n<p class=\"\">Statsadvokat Marit Formo, Nast<\/p>\n<p>Foto: Terje Pedersen \/ NTB<\/p>\n<p>\u00abPST bes gjennomg\u00e5 tilgjengelig informasjon, herunder anmeldelsens underlagsmateriale\u00bb.<\/p>\n<p>Dette skriver statsadvokat Marit Formo i Nast. Hun er ikke enig med professor Terje Einarsen i at saken er en smekk p\u00e5 fingeren til PST.<\/p>\n<p>\u2013 P\u00e5tegningen inneb\u00e6rer ingen kritikk av PST sitt arbeid med saken. Jeg fant at det var grunnlag for \u00e5 gj\u00f8re noen ytterligere unders\u00f8kelser. Dette var grunnen til at jeg sendte saken tilbake til PST. Klagesaken er fortsatt til behandling, skriver hun til NRK.<\/p>\n<p>Ikke interessert<\/p>\n<p>\u2013 V\u00e5rt inntrykk var at PST ikke var s\u00e5 interessert i \u00e5 etterforske. Vi fikk ikke noen overbevisende begrunnelse for henleggelsen, sier Einarsen.<\/p>\n<p>Han h\u00e5per at returneringen av saken blir et gjennombrudd.<\/p>\n<p>\u2013 N\u00e5 har Nast tydeligvis gitt PST noen klare f\u00f8ringer. De m\u00e5 g\u00e5 skikkelig inn i bevismaterialet. Noe de \u00e5penbart ikke har gjort.<\/p>\n<p>Nast ber overv\u00e5kningstjenesten \u00e5 se p\u00e5 begge forholdene som er anmeldt. \u00c9n gang til.<\/p>\n<p>\u00abPST bes herunder s\u00e6rlig vurdere opplysningene om Telenors befatning med det aktuelle overv\u00e5kingsutstyret samt utlevering av trafikkdata til milit\u00e6rjuntaen i Myanmar.\u00bb<\/p>\n<p>Einarsen mener at det er spesielt viktig \u00e5 se p\u00e5 Telenors utlevering av trafikkdata.<\/p>\n<p>\u2013 Dette temaet var det ikke spor av i beslutningen om henleggelse.<\/p>\n<p>Kan ikke holdes hemmelig<\/p>\n<p>N\u00e5r det gjelder overv\u00e5kningssystemet, har Einarsen flere sp\u00f8rsm\u00e5l. S\u00e6rlig fordi Telenor tidligere har v\u00e6rt anmeldt for et lignende forhold. <a href=\"https:\/\/www.panoramanyheter.no\/ansvarlig-naeringsliv-myanmar-telenor\/ud-anmeldte-telenor\/408606\" ec-id=\"https:\/\/www.panoramanyheter.no\/ansvarlig-naeringsliv-myanmar-telenor\/ud-anmeldte-telenor\/408606\" ec-name=\"Panorama Nyheter\" rel=\"nofollow noopener\" target=\"_blank\">Panorama Nyheter<\/a> meldte nylig om dette. Utenriksdepartementet mente i 2023 at Telenor hadde brutt sanksjonsreglene. Einarsen har v\u00e6rt kjent med forholdet siden i august.<\/p>\n<p>\u2013 Vi har bedt om innsyn i hvorfor PST henla anmeldelsen fra UD. Det har vi ikke f\u00e5tt.<\/p>\n<p><img decoding=\"async\"   src=\"data:image\/gif;base64,R0lGODlhAQABAIAAAAAAAP\/\/\/yH5BAEAAAAALAAAAAABAAEAAAIBRAA7\" loading=\"eager\" alt=\"Telenor veggreklame\" title=\"Foto: Bj\u00f8rn Olav Nordahl \/ NRK\"\/><\/p>\n<p>Foto: Bj\u00f8rn Olav Nordahl \/ NRK<\/p>\n<p>\u2013 Vi trenger \u00e5 f\u00e5 vite hva PST faktisk foretok seg den gangen. Hvilke vurderinger ble gjort? Sentrale dokumenter kan ikke bli holdt hemmelig i en s\u00e5 alvorlig sak. Det er helt naturlig at b\u00e5de vi og allmennheten f\u00e5r vite hva som har foreg\u00e5tt, sier han til NRK.<\/p>\n<p>Lederen for kontrollkomiteen p\u00e5 Stortinget, Per-Willy Amundsen (Frp) f\u00f8lger Telenor-saken tett.<\/p>\n<p>\u2013 For meg er det veldig interessant \u00e5 registrere at PST kan ha v\u00e6rt for tilbakeholden med \u00e5 etterforske, sier han til NRK.<\/p>\n<p>Politiadvokat Kathrine Tonstad bekrefter at Nast har bedt PST foreta ytterligere unders\u00f8kelser.<\/p>\n<p>\u2013 Ut over det har PST ingen kommentarer til saken, sier hun.<\/p>\n<p>Saken er oppdatert 01.12.25 kl. 10.52 med kommentar fra statsadvokat Marit Formo.<\/p>\n<p>Publisert<\/p>\n<p>01.12.2025, kl. 06.58<\/p>\n<p>Oppdatert<\/p>\n<p>01.12.2025, kl. 10.53<\/p>\n","protected":false},"excerpt":{"rendered":"\u2013 Dette er en smekk p\u00e5 fingeren til PST, sier jusprofessor Terje Einarsen ved Universitetet i Bergen. Jusprofessor&hellip;\n","protected":false},"author":2,"featured_media":101411,"comment_status":"","ping_status":"","sticky":false,"template":"","format":"standard","meta":{"footnotes":""},"categories":[5],"tags":[20,21,24,25,15,19,22,23,17,18,13,30,28,29,14,16,26,27],"class_list":{"0":"post-101410","1":"post","2":"type-post","3":"status-publish","4":"format-standard","5":"has-post-thumbnail","7":"category-overskrifter","8":"tag-breaking-news","9":"tag-breakingnews","10":"tag-featured-news","11":"tag-featurednews","12":"tag-headlines","13":"tag-hovedoppslag","14":"tag-latest-news","15":"tag-latestnews","16":"tag-main-news","17":"tag-mainnews","18":"tag-news","19":"tag-no","20":"tag-norge","21":"tag-norway","22":"tag-nyheter","23":"tag-overskrifter","24":"tag-top-stories","25":"tag-topstories"},"share_on_mastodon":{"url":"https:\/\/pubeurope.com\/@no\/115644475824973248","error":""},"_links":{"self":[{"href":"https:\/\/www.europesays.com\/no\/wp-json\/wp\/v2\/posts\/101410","targetHints":{"allow":["GET"]}}],"collection":[{"href":"https:\/\/www.europesays.com\/no\/wp-json\/wp\/v2\/posts"}],"about":[{"href":"https:\/\/www.europesays.com\/no\/wp-json\/wp\/v2\/types\/post"}],"author":[{"embeddable":true,"href":"https:\/\/www.europesays.com\/no\/wp-json\/wp\/v2\/users\/2"}],"replies":[{"embeddable":true,"href":"https:\/\/www.europesays.com\/no\/wp-json\/wp\/v2\/comments?post=101410"}],"version-history":[{"count":0,"href":"https:\/\/www.europesays.com\/no\/wp-json\/wp\/v2\/posts\/101410\/revisions"}],"wp:featuredmedia":[{"embeddable":true,"href":"https:\/\/www.europesays.com\/no\/wp-json\/wp\/v2\/media\/101411"}],"wp:attachment":[{"href":"https:\/\/www.europesays.com\/no\/wp-json\/wp\/v2\/media?parent=101410"}],"wp:term":[{"taxonomy":"category","embeddable":true,"href":"https:\/\/www.europesays.com\/no\/wp-json\/wp\/v2\/categories?post=101410"},{"taxonomy":"post_tag","embeddable":true,"href":"https:\/\/www.europesays.com\/no\/wp-json\/wp\/v2\/tags?post=101410"}],"curies":[{"name":"wp","href":"https:\/\/api.w.org\/{rel}","templated":true}]}}