{"id":101416,"date":"2025-12-01T13:17:09","date_gmt":"2025-12-01T13:17:09","guid":{"rendered":"https:\/\/www.europesays.com\/no\/101416\/"},"modified":"2025-12-01T13:17:09","modified_gmt":"2025-12-01T13:17:09","slug":"na-knivstikking-pa-bensinstasjon-i-oslo-vg","status":"publish","type":"post","link":"https:\/\/www.europesays.com\/no\/101416\/","title":{"rendered":"n\u00e5: Knivstikking p\u00e5 bensinstasjon i Oslo &#8211; VG"},"content":{"rendered":"<ol>\n<li><a href=\"https:\/\/news.google.com\/rss\/articles\/CBMifEFVX3lxTE1xZU1pTlVxMjlyakhvcXRuS29tcF9ObDhEd3N6d1BpUU9fVWRYX0EwTHBzX1A4Z1ZEU05EQ2YxNk04X2RMN2pZWXU1RlE0NFJ2X2NHX29xcHFTZWV2UVdsWmJqU2JSYXNqQkJDcmpnY3hXWUd6RGpWeWVCT04?oc=5\" target=\"_blank\" rel=\"nofollow noopener\">n\u00e5: Knivstikking p\u00e5 bensinstasjon i Oslo<\/a>&nbsp;&nbsp;VG<\/li>\n<li><a href=\"https:\/\/news.google.com\/rss\/articles\/CBMinAFBVV95cUxPQ0FkNGhSZmU1V2lYQmxGOHVwZnAxdk9BbU5XLTVZbURqZzBZZkd6THZRQVQ2aHRZU29QTXB6dGtOV2FKcm1JblVDb2lLVURFRmdLbUV1enljanNrSmdTcFhrWWE5SXFBTXAxenpoVlB1d01ZMmhiODNXV0NtaWxuM2FZd3A5V09DQnlfWktFeWlzc0hJSFJLbkwzTHA?oc=5\" target=\"_blank\" rel=\"nofollow noopener\">Melding om knivstikking p\u00e5 Ryen &#8211; gjerningsperson anholdt av vitne<\/a>&nbsp;&nbsp;Avisa Oslo<\/li>\n<li><a href=\"https:\/\/news.google.com\/rss\/articles\/CBMiwwFBVV95cUxPMWRhSzVOS1NZWkdnUnNaU2x3NEVVSUYwb1pZdzFxQm9EaGRpM2o3aWxySHNvcnl0alZzT09sWmQwaG9JeW8tODNKRlJYVDNTckJnYWprYlNsNzRDZFNJZzZZcGw4NEpSR0Q4MVZhN3htZmdzUHJuelBCVERUcUlsRWJLaWhpZU1Lc1hVSEtIVjJZOGpVUTcwWXJZT090eDZETEdYYkVPdjR5QURYV1BTaDVZQXI4UlFZUGlGa0tIemFUVnM?oc=5\" target=\"_blank\" rel=\"nofollow noopener\">(+) Person knivstukket p\u00e5 bensinstasjon i Oslo<\/a>&nbsp;&nbsp;Dagligvarehandelen<\/li>\n<li><a href=\"https:\/\/news.google.com\/rss\/articles\/CBMijAFBVV95cUxQMVpwS1dQQWFnaVpRdWF4elBXc1JLckFFcWNPeGZYY2pfaloyWkhaWHNuZXlsRy1NOE9hZU1hakpfR0o5a0xpall3LXAtWjdmRjdkRm9CZGdRdWwzb2otMDNWLWgzZWs4bkstdkg1ZjdZUWd1NldLOUg3a2gyWEVITC1OY2hPbTJzYk8zSw?oc=5\" target=\"_blank\" rel=\"nofollow noopener\">Ulykker og hendelser, Ryen | Melding om knivstikking p\u00e5 Ryen<\/a>&nbsp;&nbsp;Nordstrands Blad<\/li>\n<li><a href=\"https:\/\/news.google.com\/rss\/articles\/CBMiqwFBVV95cUxPOF9CSEdlWUZBVUhqVnJjamhUaEZTYmVzZU1sb2hGZmdkOVhsY1p5UVM1R1VpTXFSMUhaQTdtcFM5TFBJS1c4ZjRvY1BhX21lbHlLT0ZiUUVkVmJIdUlaRmE2UjJuZElzUk9WaE5jbm9EaFNZeko4Rm9SN3RUMC1SajhUM1lVejhtWmRubW9YR1NwRHdmTWxGRVM0ajJEUWktWmtaOHQ3c2E2eDA?oc=5\" target=\"_blank\" rel=\"nofollow noopener\">Knivstikking p\u00e5 bensinstasjon p\u00e5 Ryen<\/a>&nbsp;&nbsp;V\u00e5rtOslo<\/li>\n<\/ol>\n","protected":false},"excerpt":{"rendered":"n\u00e5: Knivstikking p\u00e5 bensinstasjon i Oslo&nbsp;&nbsp;VG Melding om knivstikking p\u00e5 Ryen &#8211; gjerningsperson anholdt av vitne&nbsp;&nbsp;Avisa Oslo (+)&hellip;\n","protected":false},"author":2,"featured_media":101417,"comment_status":"","ping_status":"","sticky":false,"template":"","format":"standard","meta":{"footnotes":""},"categories":[5],"tags":[31,20,21,24,25,15,19,22,23,17,18,13,30,28,29,14,16,26,27],"class_list":{"0":"post-101416","1":"post","2":"type-post","3":"status-publish","4":"format-standard","5":"has-post-thumbnail","7":"category-overskrifter","8":"tag-breaking","9":"tag-breaking-news","10":"tag-breakingnews","11":"tag-featured-news","12":"tag-featurednews","13":"tag-headlines","14":"tag-hovedoppslag","15":"tag-latest-news","16":"tag-latestnews","17":"tag-main-news","18":"tag-mainnews","19":"tag-news","20":"tag-no","21":"tag-norge","22":"tag-norway","23":"tag-nyheter","24":"tag-overskrifter","25":"tag-top-stories","26":"tag-topstories"},"share_on_mastodon":{"url":"https:\/\/pubeurope.com\/@no\/115644507349190697","error":""},"_links":{"self":[{"href":"https:\/\/www.europesays.com\/no\/wp-json\/wp\/v2\/posts\/101416","targetHints":{"allow":["GET"]}}],"collection":[{"href":"https:\/\/www.europesays.com\/no\/wp-json\/wp\/v2\/posts"}],"about":[{"href":"https:\/\/www.europesays.com\/no\/wp-json\/wp\/v2\/types\/post"}],"author":[{"embeddable":true,"href":"https:\/\/www.europesays.com\/no\/wp-json\/wp\/v2\/users\/2"}],"replies":[{"embeddable":true,"href":"https:\/\/www.europesays.com\/no\/wp-json\/wp\/v2\/comments?post=101416"}],"version-history":[{"count":0,"href":"https:\/\/www.europesays.com\/no\/wp-json\/wp\/v2\/posts\/101416\/revisions"}],"wp:featuredmedia":[{"embeddable":true,"href":"https:\/\/www.europesays.com\/no\/wp-json\/wp\/v2\/media\/101417"}],"wp:attachment":[{"href":"https:\/\/www.europesays.com\/no\/wp-json\/wp\/v2\/media?parent=101416"}],"wp:term":[{"taxonomy":"category","embeddable":true,"href":"https:\/\/www.europesays.com\/no\/wp-json\/wp\/v2\/categories?post=101416"},{"taxonomy":"post_tag","embeddable":true,"href":"https:\/\/www.europesays.com\/no\/wp-json\/wp\/v2\/tags?post=101416"}],"curies":[{"name":"wp","href":"https:\/\/api.w.org\/{rel}","templated":true}]}}