{"id":101420,"date":"2025-12-01T13:24:07","date_gmt":"2025-12-01T13:24:07","guid":{"rendered":"https:\/\/www.europesays.com\/no\/101420\/"},"modified":"2025-12-01T13:24:07","modified_gmt":"2025-12-01T13:24:07","slug":"sju-menn-er-tiltalt-for-a-ha-etablert-ein-cannabisplantasje-i-indre-fosen-nrk-trondelag-lokale-nyheter-tv-og-radio","status":"publish","type":"post","link":"https:\/\/www.europesays.com\/no\/101420\/","title":{"rendered":"Sju menn er tiltalt for \u00e5 ha etablert ein cannabisplantasje i Indre Fosen \u2013 NRK Tr\u00f8ndelag \u2013 Lokale nyheter, TV og radio"},"content":{"rendered":"<p>Det var tollvesenet som f\u00f8rst varsla politiet om garden.<\/p>\n<p><strong>\u2013 Fleire gongar kom vindkast med ein eim som kunne minne om marihuana, fortel statsadvokat Per Morten Schjetne.<\/strong><\/p>\n<p>M\u00e5ndag starta saka der mennene fr\u00e5 Polen st\u00e5r tiltalt for \u00e5 ha produsert \u00abein sv\u00e6rt betydeleg mengde\u00bb cannabis p\u00e5 ein gard i Indre Fosen.<\/p>\n<p>Dei er ogs\u00e5 tiltalt etter den s\u00e5kalla \u00abmafiaparagrafen\u00bb.<\/p>\n<p><img decoding=\"async\"   src=\"data:image\/gif;base64,R0lGODlhAQABAIAAAAAAAP\/\/\/yH5BAEAAAAALAAAAAABAAEAAAIBRAA7\" loading=\"eager\" alt=\"Cannabisplantaje Indre Fosen\" title=\"Foto: Politiet\"\/><\/p>\n<p class=\"\">Politiet ransaka garden i november i fjor.<\/p>\n<p>Foto: Politiet<\/p>\n<p>Den yngste av dei tiltalte er i 20-\u00e5ra, mens den eldste er i 60-\u00e5ra. Fleire av mennene er i familie.<\/p>\n<p><strong>Ein av dei tiltalte erkjenner straffskuld etter tiltalen, mens fire erkjenner delvis straffskuld. Dei to siste mennene nektar straffskuld.<\/strong><\/p>\n<p>Fann over 2000 plantar<\/p>\n<p><strong>\u2013 Ein kan trygt seie at det er eit grisgrendt omr\u00e5de med lite trafikk forbi her, seier statsadvokaten om garden.<\/strong><\/p>\n<p>Politiet gjekk til aksjon mot garden <a href=\"https:\/\/www.nrk.no\/trondelag\/politiet-vil-fengsle-syv-personer-etter-stor-aksjon-mot-gard-i-indre-fosen-i-trondelag-1.17147999\" ec-id=\"pp:article:1.17147999\" ec-name=\"i november i fjor.\" rel=\"nofollow noopener\" target=\"_blank\">i november i fjor.<\/a><\/p>\n<p>Det skjedde etter at Tolletaten hadde varsla politiet.<\/p>\n<p>\u2013 Bakgrunnen for at tolletaten var p\u00e5 adressa er samansett, fortel Schjetne.<\/p>\n<p>Han seier det er fleire grunnar til at tolletaten haldt eit auge med nokon av dei tiltalte mennene.<\/p>\n<p>Da Tolletaten f\u00f8lgde med p\u00e5 garden fr\u00e5 avstand h\u00f8yrde dei ein dur fr\u00e5 garden. Dei kjende ogs\u00e5 lukt fr\u00e5 garden som kunne minne om marihuana, fortalde statsadvokaten.<\/p>\n<p><strong>Politiet blei da underretta og bestemte seg for \u00e5 ransake garden same dag.<\/strong><\/p>\n<p><img decoding=\"async\"   src=\"data:image\/gif;base64,R0lGODlhAQABAIAAAAAAAP\/\/\/yH5BAEAAAAALAAAAAABAAEAAAIBRAA7\" loading=\"eager\" alt=\"Cannabisplantasje Indre Fosen -\" title=\"Foto: Politiet\"\/><\/p>\n<p class=\"\">Ei luke i \u00abklipperommet\u00bb f\u00f8rte ned til m\u00f8kkakjellaren der plantene blei dyrka. <\/p>\n<p>Foto: Politiet<\/p>\n<p>I m\u00f8kkakjellaren i fj\u00f8sen fann dei store rom der cannabis blei dyrka. <\/p>\n<p>I fj\u00f8sen fann dei ogs\u00e5 eigne \u00abklipperom\u00bb der blada blei klippa av marihuanaplantane, og t\u00f8rkerom der plantane blei t\u00f8rka, fortel statsadvokaten.<\/p>\n<p>Plantasjen var ogs\u00e5 utstyrt med lager og utstyr for \u00e5 vakuumpakke det ferdige produktet.<\/p>\n<p><strong>Politiet fann 1392 plantar som stod i pottar, samt 640 t\u00f8rka cannabisplantar.<\/strong><\/p>\n<p>Det tilsvarar 126 kilo \u00abr\u00f8ykbart materiale\u00bb, if\u00f8lge tiltalen.<\/p>\n<p><img decoding=\"async\"   src=\"data:image\/gif;base64,R0lGODlhAQABAIAAAAAAAP\/\/\/yH5BAEAAAAALAAAAAABAAEAAAIBRAA7\" loading=\"eager\" alt=\"Cannabisplantasje Indre Fosen\" title=\"Foto: Politiet\"\/><\/p>\n<p class=\"\">Plantasjen hadde eit eiget t\u00f8rkerom der plantane blei hengt til t\u00f8rk f\u00f8r dei blei vakuumpakka.<\/p>\n<p>Foto: Politiet<\/p>\n<p>\u2013 Truleg tre avlingar kvart \u00e5r<\/p>\n<p>If\u00f8lge tiltalen skal dei sju mennene ha produsert over 2000 plantar cannabis i perioden september til november 2024.<\/p>\n<p>Sj\u00f8lv om tiltalen berre gjeld denne perioden, meiner p\u00e5talemakta at det truleg har vore produsert cannabis p\u00e5 plantasjen ogs\u00e5 f\u00f8r dette.<\/p>\n<p><strong>\u2013 Det er fleire funn i saka som underbygger at det har vore produsert cannabis over lang tid p\u00e5 denne garden, seier Schjetne.<\/strong><\/p>\n<p>\u2013 Dei siste \u00e5ra truleg tre avlingar kvart \u00e5r.<\/p>\n<p>Ein av mennene kj\u00f8pte garden sommaren 2020 for 560.000 kronar.<\/p>\n<p>P\u00e5talemakta meiner hensikta allereie da var \u00e5 etablere ein cannabisplantasje.<\/p>\n<p><img decoding=\"async\"   src=\"data:image\/gif;base64,R0lGODlhAQABAIAAAAAAAP\/\/\/yH5BAEAAAAALAAAAAABAAEAAAIBRAA7\" loading=\"eager\" alt=\"Cannabis-rettssak Tr\u00f8ndelag, dag 1, del 1 - aktor Per Morten Schjetne\" title=\"Foto: Bjarte M. Johannesen \/ NRK\"\/><\/p>\n<p class=\"\">Statsadvokat Per Morten Schjetne er aktor i saka.<\/p>\n<p>Foto: Bjarte M. Johannesen \/ NRK<\/p>\n<p>Schjetne viser mellom anna til at to av dei tiltalte blei stoppa av tollvesenet p\u00e5 Svinesund tidleg i 2021. Dei hadde da med seg 40 liter flytande gj\u00f8dsel.<\/p>\n<p>P\u00e5 garden blei det ogs\u00e5 funne eit aggregat som blei nytta for \u00e5 gi straum til plantasjen.<\/p>\n<p>\u2013 Det er alts\u00e5 stole i Agder i 2020, forklarar Schjetne.<\/p>\n<p><img decoding=\"async\"   src=\"data:image\/gif;base64,R0lGODlhAQABAIAAAAAAAP\/\/\/yH5BAEAAAAALAAAAAABAAEAAAIBRAA7\" loading=\"eager\" alt=\"En dommer sitter i en ornert dommerstol med skjerm og mikrofon foran seg. Bakgrunnen har tre nymalte elementer i tre. Dommeren har p\u00e5 seg en sort kappe og skjorte med slips. Rommet har en formell atmosf\u00e6re, typisk for rettslige omgivelser.\" title=\"Foto: Bjarte M. Johannesen \/ NRK\"\/><\/p>\n<p class=\"\">Daniel L\u00f8steg\u00e5rd Olsen er dommar i saka som g\u00e5r i Tr\u00f8ndelag tingrett fram til 18. desember.<\/p>\n<p>Foto: Bjarte M. Johannesen \/ NRK<\/p>\n<p>Smugla sprit for over 23 millionar<\/p>\n<p>Seks av mennene blei p\u00e5gripen da politiet ransaka garden i november i fjor.<\/p>\n<p>Den siste mannen blei p\u00e5gripen i Stokke i Vestfold i mars. Den siste mannen er i tillegg til \u00e5 delta i cannabisproduksjonen ogs\u00e5 tiltalt for \u00e5 ha smugla store mengder sprit og sigarettar inn i landet.<\/p>\n<p>Totalt skal det if\u00f8lge tiltalen dreie seg om over 18.500 liter sprit og nesten 3,3 millionar sigarettar.<\/p>\n<p><strong>\u2013 Skulle ein ha kj\u00f8pt brennevinet og sigarettane p\u00e5 polet og i butikken hadde det kosta 23.6 millionar kronar, fortel Politiadvokat Bente B\u00f8klepp.<\/strong><\/p>\n<p><img decoding=\"async\"   src=\"data:image\/gif;base64,R0lGODlhAQABAIAAAAAAAP\/\/\/yH5BAEAAAAALAAAAAABAAEAAAIBRAA7\" loading=\"eager\" alt=\"En kvinne sitter ved et skrivebord med en laptop foran seg. Hun har p\u00e5 seg en sort jakke og skjorte. Omgivelsene ser ut til \u00e5 v\u00e6re et m\u00f8terom med trestoler og gardiner i varme farger. En mikrofon er synlig ved hennes side.\" title=\"Foto: Bjarte M. Johannesen \/ NRK\"\/><\/p>\n<p class=\"\">Politiadvokat Bente B\u00f8klepp fortel av ein av mennne bli p\u00e5gripen p\u00e5 eit lager i Vestfold.<\/p>\n<p>Foto: Bjarte M. Johannesen \/ NRK<\/p>\n<p>Styrker innsatsen mot kriminelle nettverk<\/p>\n<p>Politiet i Tr\u00f8ndelag fortel at dei i l\u00f8pet av det siste \u00e5ret har styrka innsatsen mot kriminelle nettverk.<\/p>\n<p>Mellom anna har dei oppretta eit eiget avsnitt med etterforskarteam dedikert til arbeidet mot kriminelle nettverk.<\/p>\n<p>\u2013 Fellestrekk for fleire av sakene er at ein ser klare tilknytingar til personar og nettverk som opererer utanfor Noregs grenser, seier avsnittsleiar Hilde Gustafson i ei pressemelding.<\/p>\n<p><strong>\u2013 Noko som understrekar korleis kriminaliteten i aukande grad styres og koordinerast av utanlandske akt\u00f8rar.<\/strong><\/p>\n<p><img decoding=\"async\"   src=\"data:image\/gif;base64,R0lGODlhAQABAIAAAAAAAP\/\/\/yH5BAEAAAAALAAAAAABAAEAAAIBRAA7\" loading=\"eager\" alt=\"Rettssak cannabis Fosen, Tr\u00f8ndelag, dag 1, del 4\" title=\"Foto: Bjarte M. Johannesen \/ NRK\"\/><\/p>\n<p>Foto: Bjarte M. Johannesen \/ NRK<\/p>\n<p>Ho seier dei arbeidar for \u00e5 hindre at dei kriminelle nettverka f\u00e5r fotfeste i Noreg og Tr\u00f8ndelag.<\/p>\n<p>Avsnittsleiaren peiker p\u00e5 at det er viktig \u00e5 ramme bakmennene.<\/p>\n<p>\u2013 Bakmennene blir avsl\u00f8rt gjennom langvarig, systematisk etterretning, etterforsking og internasjonalt samarbeid.<\/p>\n<p>\u2013 I tillegg m\u00e5 vi heile tida ha fokus p\u00e5 \u00e5 ramme dei \u00f8konomisk gjennom \u00e5 inndra verdiar og jobbe for \u00e5 hindre rekruttering av ungdom inn til nettverka.<\/p>\n<p>Publisert<\/p>\n<p>01.12.2025, kl. 13.07<\/p>\n<p>Oppdatert<\/p>\n<p>01.12.2025, kl. 13.52<\/p>\n","protected":false},"excerpt":{"rendered":"Det var tollvesenet som f\u00f8rst varsla politiet om garden. \u2013 Fleire gongar kom vindkast med ein eim som&hellip;\n","protected":false},"author":2,"featured_media":101421,"comment_status":"","ping_status":"","sticky":false,"template":"","format":"standard","meta":{"footnotes":""},"categories":[10],"tags":[20,21,24,25,15,22,23,13,30,28,29,14,16,26,27],"class_list":{"0":"post-101420","1":"post","2":"type-post","3":"status-publish","4":"format-standard","5":"has-post-thumbnail","7":"category-norge","8":"tag-breaking-news","9":"tag-breakingnews","10":"tag-featured-news","11":"tag-featurednews","12":"tag-headlines","13":"tag-latest-news","14":"tag-latestnews","15":"tag-news","16":"tag-no","17":"tag-norge","18":"tag-norway","19":"tag-nyheter","20":"tag-overskrifter","21":"tag-top-stories","22":"tag-topstories"},"share_on_mastodon":{"url":"https:\/\/pubeurope.com\/@no\/115644534959161274","error":""},"_links":{"self":[{"href":"https:\/\/www.europesays.com\/no\/wp-json\/wp\/v2\/posts\/101420","targetHints":{"allow":["GET"]}}],"collection":[{"href":"https:\/\/www.europesays.com\/no\/wp-json\/wp\/v2\/posts"}],"about":[{"href":"https:\/\/www.europesays.com\/no\/wp-json\/wp\/v2\/types\/post"}],"author":[{"embeddable":true,"href":"https:\/\/www.europesays.com\/no\/wp-json\/wp\/v2\/users\/2"}],"replies":[{"embeddable":true,"href":"https:\/\/www.europesays.com\/no\/wp-json\/wp\/v2\/comments?post=101420"}],"version-history":[{"count":0,"href":"https:\/\/www.europesays.com\/no\/wp-json\/wp\/v2\/posts\/101420\/revisions"}],"wp:featuredmedia":[{"embeddable":true,"href":"https:\/\/www.europesays.com\/no\/wp-json\/wp\/v2\/media\/101421"}],"wp:attachment":[{"href":"https:\/\/www.europesays.com\/no\/wp-json\/wp\/v2\/media?parent=101420"}],"wp:term":[{"taxonomy":"category","embeddable":true,"href":"https:\/\/www.europesays.com\/no\/wp-json\/wp\/v2\/categories?post=101420"},{"taxonomy":"post_tag","embeddable":true,"href":"https:\/\/www.europesays.com\/no\/wp-json\/wp\/v2\/tags?post=101420"}],"curies":[{"name":"wp","href":"https:\/\/api.w.org\/{rel}","templated":true}]}}