{"id":101422,"date":"2025-12-01T13:25:37","date_gmt":"2025-12-01T13:25:37","guid":{"rendered":"https:\/\/www.europesays.com\/no\/101422\/"},"modified":"2025-12-01T13:25:37","modified_gmt":"2025-12-01T13:25:37","slug":"en-svaert-god-nyhet","status":"publish","type":"post","link":"https:\/\/www.europesays.com\/no\/101422\/","title":{"rendered":"\u2013 En sv\u00e6rt god nyhet"},"content":{"rendered":"<p class=\"kicker \" style=\"\">Statsbudsjettet<\/p>\n<p>    Fribel\u00f8pet for uf\u00f8re som kan jobbe ved siden av, skal \u00f8kes til 130.000 kroner, hvis budsjettforliket vedtas. Fagforbundet applauderer.<\/p>\n<p>\n        FORN\u00d8YD: Gerd Eva Volden mener deler av budsjettforliket er sv\u00e6rt gode nyheter.<br \/>\n        Foto: Werner Juvik\/Fagforbundet\n    <\/p>\n<p>Leder Gerd Eva Volden i pensjonist- og uf\u00f8reutvalget i<br \/>\nFagforbundet representerer rundt 137.000 medlemmer, hvorav rundt 18.000 av dem<br \/>\ner uf\u00f8re.<\/p>\n<p>                <img decoding=\"async\" src=\"https:\/\/www.europesays.com\/no\/wp-content\/uploads\/2025\/12\/729420.webp\" width=\"480\" height=\"274\" title=\"ENIGE: Mimir Kristjansson (R\u00f8dt), Tuva Moflag (Ap) og Bj\u00f8rn Arild Gram (Sp) holdt pressekonferanse l\u00f8rdag.\" alt=\"\" loading=\"lazy\" style=\"\"\/><\/p>\n<p>\n            ENIGE: Mimir Kristjansson (R\u00f8dt), Tuva Moflag (Ap) og Bj\u00f8rn Arild Gram (Sp) holdt pressekonferanse l\u00f8rdag.<br \/>\n            Foto: Thomas Fure \/ NTB\n        <\/p>\n<p>I disse dager p\u00e5g\u00e5r hektisk aktivitet for \u00e5 lande et budsjett for Norge \u2013 og unng\u00e5 regjeringskrise. <\/p>\n<p>L\u00f8rdag ble det klart at Ap, Sp og R\u00f8dt er enige om et<br \/>\nbudsjett, som s\u00e5 langt ikke har flertall p\u00e5 Stortinget. <\/p>\n<p>I denne avtalen har det blitt gjort en endring som ikke var<br \/>\ninne i Aps opprinnelige budsjettforslag:<\/p>\n<ul>\n<li class=\"lab-bodytext-line\">Fribel\u00f8pet<br \/>\nfor\u00a0uf\u00f8re\u00a0som kan jobbe ved siden av, \u00f8kes til folketrygdens<br \/>\ngrunnbel\u00f8p eller 130.000 kroner.<\/li>\n<\/ul>\n<p>I dag kan uf\u00f8re bare tjene 0,4 grunnbel\u00f8p, rundt 52.000 kroner,<br \/>\nf\u00f8r trygda avkortes mot inntekten.\u00a0For personer som har gradert uf\u00f8retrygd,<br \/>\ngjelder individuelle inntektsgrenser.\u00a0<\/p>\n<p>\u2013 Dette er en veldig viktig sak for mange av v\u00e5re medlemmer.<br \/>\nBudsjettet er ikke landet enn\u00e5, men vi h\u00e5per virkelig at denne delen blir<br \/>\nst\u00e5ende, sier Gerd Eva Volden.<\/p>\n<p>Kan senke terskel<\/p>\n<p>        <a itemprop=\"url\" class=\"\" href=\"https:\/\/www.fagbladet.no\/nyheter\/lo-vil-unnga-regjeringskrise-na-haper-vi-de-rodgronne-partiene-klarer-a-finne-sammen\/729346\" data-k5a-url=\"https:\/\/www.fagbladet.no\/a\/729346\" rel=\"nofollow noopener\" target=\"_blank\"><\/p>\n<p>            LO vil unng\u00e5 regjeringskrise: \u2013 N\u00e5 h\u00e5per vi de r\u00f8dgr\u00f8nne partiene klarer \u00e5 finne sammen<\/p>\n<p>        <\/a><\/p>\n<p>Volden ser mange positive effekter dersom grunnbel\u00f8pet blir<br \/>\nh\u00f8yere:<\/p>\n<p>\u2013 Da vil flere kunne bruke eventuell restarbeidsevne, uten \u00e5<br \/>\nv\u00e6re redd for \u00e5 f\u00e5 tilbakebetalingskrav. Vi mangler blant annet mennesker til \u00e5<br \/>\njobbe innenfor helsevesenet, og med en slik endring kan terskelen senkes for at<br \/>\nflere blir med og bidrar, sier Volden. <\/p>\n<p>Hun peker ogs\u00e5 p\u00e5 en del uf\u00f8re som engasjerer seg politisk,<br \/>\neller p\u00e5 andre m\u00e5ter kanskje har en godtgj\u00f8ring, kan nyte godt av endringen. <\/p>\n<p>\u2013 En stor gruppe har ufrivillig falt ut av arbeidslivet. Ingen<br \/>\nblir uf\u00f8r fordi de vil det. N\u00e5r fribel\u00f8pet n\u00e5 \u00f8kes, kan det bidra til at f\u00e6rre<br \/>\nm\u00e5 st\u00e5 med lua i h\u00e5nda, sier Volden.<\/p>\n<p>P\u00e5 plass fra 2027?<\/p>\n<p>Det var R\u00f8dt som flagget denne seieren l\u00f8rdag: <\/p>\n<p>                <img decoding=\"async\" src=\"https:\/\/www.europesays.com\/no\/wp-content\/uploads\/2025\/12\/725360.webp\" width=\"480\" height=\"274\" title=\"FRONTER SEIER: R\u00f8dts Marie Sneve Martinussen, her under Fagforbundets landsm\u00f8te.\" alt=\"\" loading=\"lazy\" style=\"\"\/><\/p>\n<p>\n            FRONTER SEIER: R\u00f8dts Marie Sneve Martinussen, her under Fagforbundets landsm\u00f8te.<br \/>\n            Foto: Alf Ragnar Olsen\n        <\/p>\n<p>\u2013 Det er et viktig skritt i kampen mot Forskjells-Norge,<br \/>\nskrev R\u00f8dt-leder Marie Sneve Martinussen p\u00e5 Facebook.<\/p>\n<p>Det er noen tekniske l\u00f8sninger som m\u00e5 p\u00e5 plass, og derfor vil<br \/>\nendringen skje fra 1. oktober 2026, som er f\u00f8rste mulige dato det lar seg gj\u00f8re,<br \/>\nmeldte R\u00f8dt. <\/p>\n<p> \u2013 Det betyr at det blir en gradvis opptrapping,<br \/>\nog fra og med 1. januar 2027 er vi alts\u00e5 oppe p\u00e5 et \u00e5rlig fribel\u00f8p p\u00e5 ett<br \/>\ngrunnbel\u00f8p, skriver R\u00f8dt-lederen. <\/p>\n","protected":false},"excerpt":{"rendered":"Statsbudsjettet Fribel\u00f8pet for uf\u00f8re som kan jobbe ved siden av, skal \u00f8kes til 130.000 kroner, hvis budsjettforliket vedtas.&hellip;\n","protected":false},"author":2,"featured_media":101423,"comment_status":"","ping_status":"","sticky":false,"template":"","format":"standard","meta":{"footnotes":""},"categories":[5],"tags":[20,21,24,25,15,19,22,23,17,18,13,30,28,29,14,16,26,27],"class_list":{"0":"post-101422","1":"post","2":"type-post","3":"status-publish","4":"format-standard","5":"has-post-thumbnail","7":"category-overskrifter","8":"tag-breaking-news","9":"tag-breakingnews","10":"tag-featured-news","11":"tag-featurednews","12":"tag-headlines","13":"tag-hovedoppslag","14":"tag-latest-news","15":"tag-latestnews","16":"tag-main-news","17":"tag-mainnews","18":"tag-news","19":"tag-no","20":"tag-norge","21":"tag-norway","22":"tag-nyheter","23":"tag-overskrifter","24":"tag-top-stories","25":"tag-topstories"},"share_on_mastodon":{"url":"https:\/\/pubeurope.com\/@no\/115644539001617409","error":""},"_links":{"self":[{"href":"https:\/\/www.europesays.com\/no\/wp-json\/wp\/v2\/posts\/101422","targetHints":{"allow":["GET"]}}],"collection":[{"href":"https:\/\/www.europesays.com\/no\/wp-json\/wp\/v2\/posts"}],"about":[{"href":"https:\/\/www.europesays.com\/no\/wp-json\/wp\/v2\/types\/post"}],"author":[{"embeddable":true,"href":"https:\/\/www.europesays.com\/no\/wp-json\/wp\/v2\/users\/2"}],"replies":[{"embeddable":true,"href":"https:\/\/www.europesays.com\/no\/wp-json\/wp\/v2\/comments?post=101422"}],"version-history":[{"count":0,"href":"https:\/\/www.europesays.com\/no\/wp-json\/wp\/v2\/posts\/101422\/revisions"}],"wp:featuredmedia":[{"embeddable":true,"href":"https:\/\/www.europesays.com\/no\/wp-json\/wp\/v2\/media\/101423"}],"wp:attachment":[{"href":"https:\/\/www.europesays.com\/no\/wp-json\/wp\/v2\/media?parent=101422"}],"wp:term":[{"taxonomy":"category","embeddable":true,"href":"https:\/\/www.europesays.com\/no\/wp-json\/wp\/v2\/categories?post=101422"},{"taxonomy":"post_tag","embeddable":true,"href":"https:\/\/www.europesays.com\/no\/wp-json\/wp\/v2\/tags?post=101422"}],"curies":[{"name":"wp","href":"https:\/\/api.w.org\/{rel}","templated":true}]}}