{"id":101432,"date":"2025-12-01T13:32:11","date_gmt":"2025-12-01T13:32:11","guid":{"rendered":"https:\/\/www.europesays.com\/no\/101432\/"},"modified":"2025-12-01T13:32:11","modified_gmt":"2025-12-01T13:32:11","slug":"martine-lunde-avslorer-ny-flamme-etter-sjokkbruddet","status":"publish","type":"post","link":"https:\/\/www.europesays.com\/no\/101432\/","title":{"rendered":"Martine Lunde avsl\u00f8rer ny flamme etter sjokkbruddet"},"content":{"rendered":"<p class=\"kicker \" style=\"\">Martine Lunde:\u00a0<\/p>\n<p>  Influenseren avsl\u00f8rer at hun har en ny mann i kikkerten.\u00a0<\/p>\n<p>\n    GLADNYHET: Martine Lunde r\u00f8per at hun har begynt \u00e5 date igjen etter bruddet. Foto: Andreas Fadum \/ Se og H\u00f8r\n  <\/p>\n<p>I november \u00e5pnet influenser<a href=\"https:\/\/www.seher.no\/kjendis\/kom-som-et-stort-sjokk\/83896502\" rel=\"nofollow noopener\" target=\"_blank\"> Martine\u00a0Lunde (29)<\/a> opp om bruddet med Aleksander S\u00e6terst\u00f8l (30), som traff henne langt hardere enn hun hadde forberedt seg p\u00e5. <\/p>\n<p>    <a itemprop=\"url\" href=\"https:\/\/www.seher.no\/kjendis\/kom-som-et-stort-sjokk\/83896502\" rel=\"nofollow noopener\" target=\"_blank\"><\/p>\n<p>      <img loading=\"lazy\" decoding=\"async\" src=\"https:\/\/www.europesays.com\/no\/wp-content\/uploads\/2025\/12\/83896352.webp\" width=\"147\" height=\"98\" title=\"Om bruddet: - Et sjokk\" alt=\"\" class=\"lazyload\" style=\"--aspect-ratio-image: 1.50; \"\/><\/p>\n<p>        Om bruddet: &#8211; Et sjokk<\/p>\n<p>    <\/a><\/p>\n<p>I en video p\u00e5\u00a0<a href=\"https:\/\/www.tiktok.com\/@rakel_berntzen\/video\/7576281863686262038?_r=1&amp;_t=ZN-91fkEcj0GgQ\" rel=\"nofollow noopener\" target=\"_blank\">Tiktok<\/a>\u00a0fortalte Martine at de hadde ulike syn p\u00e5 fremtiden, og hun innr\u00f8mmet at hun merket at noe var i ferd med \u00e5 endre seg i relasjonen f\u00f8r det ble slutt.\u00a0<\/p>\n<p>        SLUTT: Etter syv \u00e5r kom beskjeden om at Martine Lunde og Aleksander S\u00e6terst\u00f8l hadde valgt \u00e5 g\u00e5 fra hverandre. Video: R\u00f8d L\u00f8per<\/p>\n<p>Likevel kom det br\u00e5tt p\u00e5:<\/p>\n<p> &#8211; Da det ble slutt, skal jeg \u00e6rlig innr\u00f8mme at det var et stort sjokk for meg, det var det. Mer enn det vil jeg ikke g\u00e5 inn p\u00e5. Men det har v\u00e6rt veldig mange rykter om hvordan det skjedde, og det har v\u00e6rt s\u00e5rende, delte hun \u00e6rlig i videoen.\u00a0<\/p>\n<p>    <a itemprop=\"url\" href=\"https:\/\/www.seher.no\/kjendis\/forste-gang\/83796858\" rel=\"nofollow noopener\" target=\"_blank\"><\/p>\n<p>      <img loading=\"lazy\" decoding=\"async\" src=\"https:\/\/www.europesays.com\/no\/wp-content\/uploads\/2025\/12\/83796876.webp\" width=\"147\" height=\"98\" title=\"F\u00f8rste gang\" alt=\"\" class=\"lazyload\" style=\"--aspect-ratio-image: 1.50; \"\/><\/p>\n<p>        F\u00f8rste gang<\/p>\n<p>    <\/a><\/p>\n<p>Mandag gjester 29-\u00e5ringen podkasten <a href=\"https:\/\/podcasts.apple.com\/no\/podcast\/martine-lunde-det-var-et-sjokk\/id1681626390?i=1000739058781\" rel=\"nofollow noopener\" target=\"_blank\">\u00abHanna &amp; de heldige\u00bb<\/a>, hvor hun letter p\u00e5 sl\u00f8ret om hvordan det st\u00e5r til med kj\u00e6rlighetslivet.<\/p>\n<p class=\"font-weight-bold m-font-weight-bold\" data-lab-font_weight=\"font-weight-bold\"> &#8211; N\u00e5 sp\u00f8r du godt. Jeg har det veldig bra om dagen. Jeg har datet en person som jeg har det veldig fint med, r\u00f8per hun i podkastepisoden.\u00a0<\/p>\n<p>          <img loading=\"lazy\" decoding=\"async\" src=\"https:\/\/www.europesays.com\/no\/wp-content\/uploads\/2025\/12\/83922436.webp\" width=\"686\" height=\"995\" title=\"DATER: Influenseren deler nye detaljer om kj\u00e6rlighetslivet. Foto: Andreas Fadum \/ Se og H\u00f8r\" alt=\"\" class=\"\" style=\"--aspect-ratio-image: 0.69; \"\/><\/p>\n<p>\n          DATER: Influenseren deler nye detaljer om kj\u00e6rlighetslivet. Foto: Andreas Fadum \/ Se og H\u00f8r\n      <\/p>\n<p class=\"font-weight-normal m-font-weight-normal\" data-lab-font_weight=\"font-weight-normal\">Mens mange kj\u00e6rlighetshistorier i dag starter med et sveip p\u00e5 skjermen, begynte Martine og hennes nye flamme p\u00e5 den klassiske m\u00e5ten, nemlig i virkeligheten.\u00a0\u00a0<\/p>\n<p>    <a itemprop=\"url\" href=\"https:\/\/www.seher.no\/kjendis\/sa-darlig-singel\/83486769\" rel=\"nofollow noopener\" target=\"_blank\"><\/p>\n<p>      <img loading=\"lazy\" decoding=\"async\" src=\"https:\/\/www.europesays.com\/no\/wp-content\/uploads\/2025\/12\/83486633.webp\" width=\"147\" height=\"98\" title=\"- S\u00e5 d\u00e5rlig singel\" alt=\"\" class=\"lazyload\" style=\"--aspect-ratio-image: 1.50; \"\/><\/p>\n<p>        &#8211; S\u00e5 d\u00e5rlig singel<\/p>\n<p>    <\/a><\/p>\n<p class=\"font-weight-bold m-font-weight-bold\" data-lab-font_weight=\"font-weight-bold\">&#8211; Det er veldig koselig. Datingapper har ikke v\u00e6rt min greie, og jeg merker at jeg ikke klarer \u00e5 snakke med folk jeg ikke kjenner. S\u00e5 jeg er glad for at vi m\u00f8ttes p\u00e5 den m\u00e5ten, og det var full klaff med en gang. Det f\u00f8ltes p\u00e5 ekte ut som at vi kjente hverandre fra f\u00f8r. Det var kjemperart.<\/p>\n<p>Hvem det dreier seg om, holder hun forel\u00f8pig hemmelig. <\/p>\n<p>        SJOKK: Influenser Martine Lunde fikk sjokk da hun oppdaget hvilke tjenester hun har abonnert p\u00e5. Video: Thea Hope\/ R\u00f8d L\u00f8per<\/p>\n<p>Etter bruddet har Martine v\u00e6rt \u00e5pen om at hun \u00f8nsker seg barn og \u00e5 m\u00f8te dr\u00f8mmemannen. P\u00e5 sp\u00f8rsm\u00e5l om dette er en potensiell partner for nettopp det, svarer hun:\u00a0<\/p>\n<p class=\"font-weight-bold m-font-weight-bold\" data-lab-font_weight=\"font-weight-bold\">&#8211; Jeg h\u00e5per det i alle fall. Han er en skikkelig fin person.\u00a0<\/p>\n<p class=\"italic m-italic\" data-lab-italic=\"italic\">Se og H\u00f8r har fors\u00f8kt \u00e5 f\u00e5 en kommentar fra Martine Lunde, men hun har ikke svart p\u00e5 v\u00e5r henvendelse.\u00a0<\/p>\n<p><script async src=\"\/\/www.tiktok.com\/embed.js\"><\/script><\/p>\n","protected":false},"excerpt":{"rendered":"Martine Lunde:\u00a0 Influenseren avsl\u00f8rer at hun har en ny mann i kikkerten.\u00a0 GLADNYHET: Martine Lunde r\u00f8per at hun&hellip;\n","protected":false},"author":2,"featured_media":101433,"comment_status":"","ping_status":"","sticky":false,"template":"","format":"standard","meta":{"footnotes":""},"categories":[5],"tags":[6444,20,21,24,25,15,19,479,22,23,17,18,2432,13,30,28,29,14,16,26,27],"class_list":{"0":"post-101432","1":"post","2":"type-post","3":"status-publish","4":"format-standard","5":"has-post-thumbnail","7":"category-overskrifter","8":"tag-aleksander-saeterstol","9":"tag-breaking-news","10":"tag-breakingnews","11":"tag-featured-news","12":"tag-featurednews","13":"tag-headlines","14":"tag-hovedoppslag","15":"tag-kjendis","16":"tag-latest-news","17":"tag-latestnews","18":"tag-main-news","19":"tag-mainnews","20":"tag-martine-lunde","21":"tag-news","22":"tag-no","23":"tag-norge","24":"tag-norway","25":"tag-nyheter","26":"tag-overskrifter","27":"tag-top-stories","28":"tag-topstories"},"share_on_mastodon":{"url":"https:\/\/pubeurope.com\/@no\/115644566500638759","error":""},"_links":{"self":[{"href":"https:\/\/www.europesays.com\/no\/wp-json\/wp\/v2\/posts\/101432","targetHints":{"allow":["GET"]}}],"collection":[{"href":"https:\/\/www.europesays.com\/no\/wp-json\/wp\/v2\/posts"}],"about":[{"href":"https:\/\/www.europesays.com\/no\/wp-json\/wp\/v2\/types\/post"}],"author":[{"embeddable":true,"href":"https:\/\/www.europesays.com\/no\/wp-json\/wp\/v2\/users\/2"}],"replies":[{"embeddable":true,"href":"https:\/\/www.europesays.com\/no\/wp-json\/wp\/v2\/comments?post=101432"}],"version-history":[{"count":0,"href":"https:\/\/www.europesays.com\/no\/wp-json\/wp\/v2\/posts\/101432\/revisions"}],"wp:featuredmedia":[{"embeddable":true,"href":"https:\/\/www.europesays.com\/no\/wp-json\/wp\/v2\/media\/101433"}],"wp:attachment":[{"href":"https:\/\/www.europesays.com\/no\/wp-json\/wp\/v2\/media?parent=101432"}],"wp:term":[{"taxonomy":"category","embeddable":true,"href":"https:\/\/www.europesays.com\/no\/wp-json\/wp\/v2\/categories?post=101432"},{"taxonomy":"post_tag","embeddable":true,"href":"https:\/\/www.europesays.com\/no\/wp-json\/wp\/v2\/tags?post=101432"}],"curies":[{"name":"wp","href":"https:\/\/api.w.org\/{rel}","templated":true}]}}