{"id":101465,"date":"2025-12-01T14:11:11","date_gmt":"2025-12-01T14:11:11","guid":{"rendered":"https:\/\/www.europesays.com\/no\/101465\/"},"modified":"2025-12-01T14:11:11","modified_gmt":"2025-12-01T14:11:11","slug":"alf-helge-aarskog-er-dod-ilaks","status":"publish","type":"post","link":"https:\/\/www.europesays.com\/no\/101465\/","title":{"rendered":"Alf-Helge Aarskog er d\u00f8d | iLaks"},"content":{"rendered":"<p><strong>Den mange\u00e5rige Mowi-toppen gikk bort fredag, etter kort tids sykeleie.<\/strong><\/p>\n<p>Han ga seg i 2019. Da hadde han ledet Mowi i nesten ti \u00e5r. Han var med det den lengstsittende konsernsjef i Mowi siden gr\u00fcnderen Thor Mowinckel.<\/p>\n<p>Alf-Helge Aarskog var f\u00f8dt i 1967, og vokste opp p\u00e5 g\u00e5rd p\u00e5 Rovde p\u00e5 Sunnm\u00f8re. Han tok sin utdannelse p\u00e5 NMBU, og bestemte seg tidlig for \u00e5 drive med fiskeoppdrett.<\/p>\n<p>Etter endt utdannelse arbeidet han i Felleskj\u00f8pet, Mowi, Fjord Seafood og Ler\u00f8y \u2013 f\u00f8r han igjen gikk tilbake til Mowi, som konsernsjef.<\/p>\n<p>Overgangen var kontroversiell. Han ble hentet til Mowi fra stillingen som toppsjef i Ler\u00f8y \u2013 av dav\u00e6rende styreleder i Mowi og tidligere Ler\u00f8y-topp Ole-Eirik Ler\u00f8y.<\/p>\n<p><strong>Les ogs\u00e5:<\/strong> <a href=\"https:\/\/ilaks.no\/takk-alf-helge\/\" rel=\"nofollow noopener\" target=\"_blank\">Takk, Alf-Helge<\/a><\/p>\n<p>Under Aarskog skulle Mowi integrere virksomheten inn mot foredling, fiskef\u00f4r og br\u00f8nnb\u00e5t. Et sentralt grep var oppkj\u00f8pet av storkunden Morpol. Selskapet pr\u00f8vde seg ogs\u00e5, uten hell, p\u00e5 oppkj\u00f8p av konkurrentene Cermaq og Grieg Seafood.<\/p>\n<p>\u2013 Jeg ga meg i 2019. Det var nok veldig rett. Egentlig burde ingen, verken sjefer eller styreledere eller noen, sitte i posisjoner i mer enn syv \u00e5r. Syv-\u00e5tte \u00e5r. Du merker det p\u00e5\u2026 jeg ser ingen som er skarp etter \u00e5 ha v\u00e6rt der i \u00e5tte \u00e5r, uttalte Alf-Helge Aarskog i et intervju i forbindelse med boken \u201cGoldfinger \u2013 Historien om Mowi\u201d, som ble utgitt i fjor.<\/p>\n<p>\u2013 Jeg har l\u00e6rt ganske mye etter jeg sluttet. Leverand\u00f8rindustrien.. det som ligger rundt dette her, det ser du egentlig aldri som CEO i Mowi. Du skj\u00f8nner ikke hvor viktig ozon er for det som skjer med \u00e5 bygge p\u00e5 land. Du skj\u00f8nner ikke alt som ligger i leveransene som ligger i lukket anlegg i sj\u00f8 eller til offshore. Alt som skal til. Det er ganske mange s\u00e5nne sm\u00e5 og mellomstore akt\u00f8rer som bidrar til at oppdrettsn\u00e6ringen har blitt det den er, sa Aarskog.<\/p>\n<p>Etter tiden i Mowi har Alf-Helge Aarskog hatt flere styreverv, og de siste tre \u00e5rene har han arbeidet som prosjektleder i Eide Fjordbruk.<\/p>\n","protected":false},"excerpt":{"rendered":"Den mange\u00e5rige Mowi-toppen gikk bort fredag, etter kort tids sykeleie. Han ga seg i 2019. Da hadde han&hellip;\n","protected":false},"author":2,"featured_media":101466,"comment_status":"","ping_status":"","sticky":false,"template":"","format":"standard","meta":{"footnotes":""},"categories":[5],"tags":[20,21,24,25,15,19,22,23,17,18,13,30,28,29,14,16,26,27],"class_list":{"0":"post-101465","1":"post","2":"type-post","3":"status-publish","4":"format-standard","5":"has-post-thumbnail","7":"category-overskrifter","8":"tag-breaking-news","9":"tag-breakingnews","10":"tag-featured-news","11":"tag-featurednews","12":"tag-headlines","13":"tag-hovedoppslag","14":"tag-latest-news","15":"tag-latestnews","16":"tag-main-news","17":"tag-mainnews","18":"tag-news","19":"tag-no","20":"tag-norge","21":"tag-norway","22":"tag-nyheter","23":"tag-overskrifter","24":"tag-top-stories","25":"tag-topstories"},"share_on_mastodon":{"url":"https:\/\/pubeurope.com\/@no\/115644719621692416","error":""},"_links":{"self":[{"href":"https:\/\/www.europesays.com\/no\/wp-json\/wp\/v2\/posts\/101465","targetHints":{"allow":["GET"]}}],"collection":[{"href":"https:\/\/www.europesays.com\/no\/wp-json\/wp\/v2\/posts"}],"about":[{"href":"https:\/\/www.europesays.com\/no\/wp-json\/wp\/v2\/types\/post"}],"author":[{"embeddable":true,"href":"https:\/\/www.europesays.com\/no\/wp-json\/wp\/v2\/users\/2"}],"replies":[{"embeddable":true,"href":"https:\/\/www.europesays.com\/no\/wp-json\/wp\/v2\/comments?post=101465"}],"version-history":[{"count":0,"href":"https:\/\/www.europesays.com\/no\/wp-json\/wp\/v2\/posts\/101465\/revisions"}],"wp:featuredmedia":[{"embeddable":true,"href":"https:\/\/www.europesays.com\/no\/wp-json\/wp\/v2\/media\/101466"}],"wp:attachment":[{"href":"https:\/\/www.europesays.com\/no\/wp-json\/wp\/v2\/media?parent=101465"}],"wp:term":[{"taxonomy":"category","embeddable":true,"href":"https:\/\/www.europesays.com\/no\/wp-json\/wp\/v2\/categories?post=101465"},{"taxonomy":"post_tag","embeddable":true,"href":"https:\/\/www.europesays.com\/no\/wp-json\/wp\/v2\/tags?post=101465"}],"curies":[{"name":"wp","href":"https:\/\/api.w.org\/{rel}","templated":true}]}}