{"id":101471,"date":"2025-12-01T14:17:14","date_gmt":"2025-12-01T14:17:14","guid":{"rendered":"https:\/\/www.europesays.com\/no\/101471\/"},"modified":"2025-12-01T14:17:14","modified_gmt":"2025-12-01T14:17:14","slug":"debatt-tronderdebatt-at-kommunene-ikke-er-sokkrike-er-et-politisk-valg","status":"publish","type":"post","link":"https:\/\/www.europesays.com\/no\/101471\/","title":{"rendered":"Debatt, Tr\u00f8nderdebatt | At kommunene ikke er s\u00f8kkrike, er et politisk valg"},"content":{"rendered":"\n<p><b>En annen <\/b>m\u00e5te \u00e5 organisere NTE-eierskapet p\u00e5 kunne gitt milliardinntekter til kommunene i Nord-Tr\u00f8ndelag. Det merkverdige er at dette er u\u00f8nsket informasjon for verdalsordf\u00f8rer Knut Snorre Sandnes.<\/p>\n<p><b>Innherred har<\/b> giret opp journalistikken om NTE i h\u00f8st. Bakteppet er det viktige eierm\u00f8tet 2. og 3. desember, der eierkommunene skal legge premisser for ny eierstrategi for det mest verdifulle selskapet kommunene eier. Vi har belyst en rekke temaer: H\u00f8ye lederl\u00f8nninger, sv\u00e6rt lavt utbytte til eierne, milliardoppkj\u00f8p i Nord-Norge med uklare gevinstmuligheter og en merksnodig eierkonstruksjon med lukkede eierm\u00f8ter som gj\u00f8r at kommunestyrerepresentanter rundt omkring ikke er i stand til \u00e5 ha en meningsfull oppfatning om selskapet de eier.<\/p>\n<p><b>V\u00e5r dekning <\/b>har falt verdalsordf\u00f8rer Knut Snorre Sandnes tungt for brystet. I innlegget klager han p\u00e5 titler, begreper og vinklinger vi har benyttet. At et viktig kontrollorgan (bedriftsforsamlingen) i NTE ble stengt ned f\u00f8r oppkj\u00f8pet av vindparken i Troms var ikke relevant for Innherred \u00e5 omtale med et kritisk blikk, synes han \u00e5 mene. At PR-sjefen i NTE sender mail med sterkt forsvar av vindkj\u00f8pet til ordf\u00f8rerne var utelukkende \u00abnyttig informasjon\u00bb, og ikke noe fors\u00f8k p\u00e5 \u00e5 p\u00e5virke hva ordf\u00f8rerne skal mene om saken, mener Sandnes. Samtidig er han misforn\u00f8yd med at vi p\u00e5 lederplass beskriver ordf\u00f8rerne som naive.<\/p>\n<p><b>Vi har <\/b>omtalt de forhold rundt NTE vi mener har offentlig interesse, med de ord som vi mener dekker virkeligheten p\u00e5 en tydelig m\u00e5te. Til gjengjeld er vi veldig \u00e5pen for \u00e5 motta leserinnlegg, ogs\u00e5 de som er kritiske til oss og v\u00e5r dekning. Derfor er det bra at Sandnes etter en h\u00f8st med h\u00f8yest mulig NTE-tystnad fra hans side endelig tar til tastaturet. Det er kanskje litt spesielt at han velger \u00e5 sende kritikken av Innherreds NTE-dekning ogs\u00e5 til Tr\u00f8nder-Avisa, siden det n\u00f8dvendigvis m\u00e5 bli litt forvirrende for de av TAs lesere som ikke har lest v\u00e5re artikler. Men la g\u00e5: Vi applauderer at han blir med i debatten (Sandnes ville eksempelvis ikke kommentere l\u00f8nnsniv\u00e5et i NTE da Innherred ringte alle ordf\u00f8rerne i Nord-Tr\u00f8ndelag).<\/p>\n<p><b>Men det <\/b>baller seg for ordf\u00f8reren n\u00e5r han skal kritisere v\u00e5r sak om at Verdal og Levanger har g\u00e5tt glipp av milliardinntekter. Bakteppet er at vi har sett p\u00e5 hva et potensielt salg av NTE kunne gitt av inntekter, og hva avkastningen av et slikt salg ville gitt dersom pengene ble plassert i verdipapirer. Vi s\u00e5 p\u00e5 perioden 1. januar 2024 til i dag. Svaret er at avkastningen ville v\u00e6rt rundt \u00e9n milliard kroner til Levanger og Verdal over to \u00e5r, forutsatt at NTE selges for 20 milliarder kroner. Det kunne ogs\u00e5 v\u00e6rt enda mer: Hadde kommunene eksempelvis plassert overskuddet fra et salg inn i Sparebank1-styrte Odin-fondene, ville det gitt enda st\u00f8rre avkastning. Poenget er alts\u00e5 ikke om pengene var plassert hos Sissener eller andre, poenget er at den alternative avkastningen er ekstremt god. S\u00e5 god at det b\u00f8r vekke nysgjerrighet hos alle som har en eiendel verdt rundt 20 milliarder kroner. Det kan hende at selskapet ikke er helt likefram \u00e5 selge. Men dette vet man ganske lite om, for s\u00e5 langt er selve tanken s\u00e5 tabu \u00e5 tenke i nordtr\u00f8nderske kommuner at det ikke er skikkelig vurdert. Som avis \u00f8nsker vi ikke \u00e5 forholde oss til tabuer og dogmer. Vi \u00f8nsker \u00e5 f\u00e5 dem p\u00e5 bordet og diskutere dem rasjonelt.<\/p>\n<p>   <img decoding=\"async\" width=\"4000\" height=\"6000\" fetchpriority=\"low\"  loading=\"lazy\"  src=\"https:\/\/www.europesays.com\/no\/wp-content\/uploads\/2025\/12\/Espen+Leirset+bilde.jpg\" alt=\"Espen Leirset, ansvarlig redakt\u00f8r Mediehuset Innherred\" class=\"brick-c-cFOWSL\" style=\"--brick-image-ratio: 4000 \/ 6000;\"\/><\/p>\n<p>      Espen Leirset, ansvarlig redakt\u00f8r i Mediehuset Innherred.<br \/>\n      Foto: Roger M. Svendsen\n    <\/p>\n<p><a href=\"https:\/\/www.innherred.no\/nyheter\/n\/d45GPB\/slik-ville-de-brukt-nte-millionene-ikke-mangel-paa-ting-aa-bruke-de-paa\" rel=\"nofollow noopener\" target=\"_blank\"><b>Men Sandnes <\/b>mener det er \u00abfeil informasjon til leserne\u00bb \u00e5 skrive hva som ville v\u00e6rt avkastningen av en salgssum av NTE. Dette er feil, mener Sandnes, fordi aksjon\u00e6ravtalen med de andre kommunene sier at NTE ikke skal selges. Men vi m\u00e5 nesten minne om at Verdal H\u00f8yre senest forrige uke har brutt l\u00f8ftet sitt overfor velgerne, med \u00e5 g\u00e5 inn for \u00f8kt eiendomsskatt. Hvorfor er det innafor \u00e5 bryte l\u00f8ftet til velgerne, men ikke \u00e5 reforhandle en aksjon\u00e6ravtale? En aksjon\u00e6ravtale er ikke hugget i stein slik steintavlene til Moses var. En avtale kan reforhandles. En avtale kan endres n\u00e5r virkeligheten endrer seg, og partene er enig om \u00e5 endre. N\u00e5r partene blir gjort oppmerksom p\u00e5 at en avtale man har inng\u00e5tt medf\u00f8rer et tap i milliardklassen sammenlignet med \u00e5 innrette seg p\u00e5 annet vis, kunne man jo se for seg at dette var \u00f8nsket informasjon. Noe som ble satt pris p\u00e5. Og noe man tok til etterretning, og dr\u00f8ftet med sine ordf\u00f8rerkolleger: \u00abEr det noe vi kan gj\u00f8re annerledes her?\u00bb<\/p>\n<p><b>Men slik <\/b>sees alts\u00e5 ikke virkeligheten i Verdal r\u00e5dhus. Det virker som dette er informasjon verdalsordf\u00f8reren skulle \u00f8nske han var foruten, og angriper lokalavisa for \u00abfeil\u00bb n\u00e5r vi forteller om det. Samtidig har han, s\u00e5 vidt vi vet, ikke tatt noe initiativ for \u00e5 f\u00e5 mer kunnskap eller utredninger om alternative eierstrategier fra kommunens side. Det er besynderlig at han anklager avisa for \u00e5 gj\u00f8re \u00abfeil\u00bb n\u00e5r vi beskriver hva som kunne v\u00e6rt resultatet av en alternativ politisk strategi.<\/p>\n<p><b>Faktum er <\/b>at det er et politisk valg \u00e5 innrette eierskapet slik kommunene har gjort. Og det er et politisk valg \u00e5 endre det. Derfor er det dypt problematisk at ordf\u00f8rer Sandnes hevder avisa farer med feil n\u00e5r vi gir denne informasjonen til v\u00e5re lesere. Den p\u00e5standen burde Sandnes rett og slett holdt seg for god til.<\/p>\n<p>  <a href=\"https:\/\/www.t-a.no\/5-116-2263525\" class=\"related-teaser default-opinion-teaser article--c-eRUmMG article--c-eRUmMG-jKCPdD-design-default article--c-eRUmMG-kpKLOW-cv\" rel=\"nofollow noopener\" target=\"_blank\"><\/p>\n<p>\n            Les ogs\u00e5<\/p>\n<p>              N\u00e5r og hvor har vi g\u00e5tt glipp av \u00e9n milliard?\n        <\/p>\n<p>  <\/a><\/p>\n","protected":false},"excerpt":{"rendered":"En annen m\u00e5te \u00e5 organisere NTE-eierskapet p\u00e5 kunne gitt milliardinntekter til kommunene i Nord-Tr\u00f8ndelag. Det merkverdige er at&hellip;\n","protected":false},"author":2,"featured_media":3842,"comment_status":"","ping_status":"","sticky":false,"template":"","format":"standard","meta":{"footnotes":""},"categories":[10],"tags":[36,20,21,37,24,25,15,22,23,13,30,28,29,3452,14,1533,16,26,27,1485],"class_list":{"0":"post-101471","1":"post","2":"type-post","3":"status-publish","4":"format-standard","5":"has-post-thumbnail","7":"category-norge","8":"tag-art","9":"tag-breaking-news","10":"tag-breakingnews","11":"tag-debatt","12":"tag-featured-news","13":"tag-featurednews","14":"tag-headlines","15":"tag-latest-news","16":"tag-latestnews","17":"tag-news","18":"tag-no","19":"tag-norge","20":"tag-norway","21":"tag-nte","22":"tag-nyheter","23":"tag-opinion","24":"tag-overskrifter","25":"tag-top-stories","26":"tag-topstories","27":"tag-tronderdebatt"},"share_on_mastodon":{"url":"https:\/\/pubeurope.com\/@no\/115644743605970330","error":""},"_links":{"self":[{"href":"https:\/\/www.europesays.com\/no\/wp-json\/wp\/v2\/posts\/101471","targetHints":{"allow":["GET"]}}],"collection":[{"href":"https:\/\/www.europesays.com\/no\/wp-json\/wp\/v2\/posts"}],"about":[{"href":"https:\/\/www.europesays.com\/no\/wp-json\/wp\/v2\/types\/post"}],"author":[{"embeddable":true,"href":"https:\/\/www.europesays.com\/no\/wp-json\/wp\/v2\/users\/2"}],"replies":[{"embeddable":true,"href":"https:\/\/www.europesays.com\/no\/wp-json\/wp\/v2\/comments?post=101471"}],"version-history":[{"count":0,"href":"https:\/\/www.europesays.com\/no\/wp-json\/wp\/v2\/posts\/101471\/revisions"}],"wp:featuredmedia":[{"embeddable":true,"href":"https:\/\/www.europesays.com\/no\/wp-json\/wp\/v2\/media\/3842"}],"wp:attachment":[{"href":"https:\/\/www.europesays.com\/no\/wp-json\/wp\/v2\/media?parent=101471"}],"wp:term":[{"taxonomy":"category","embeddable":true,"href":"https:\/\/www.europesays.com\/no\/wp-json\/wp\/v2\/categories?post=101471"},{"taxonomy":"post_tag","embeddable":true,"href":"https:\/\/www.europesays.com\/no\/wp-json\/wp\/v2\/tags?post=101471"}],"curies":[{"name":"wp","href":"https:\/\/api.w.org\/{rel}","templated":true}]}}