{"id":101491,"date":"2025-12-01T14:49:09","date_gmt":"2025-12-01T14:49:09","guid":{"rendered":"https:\/\/www.europesays.com\/no\/101491\/"},"modified":"2025-12-01T14:49:09","modified_gmt":"2025-12-01T14:49:09","slug":"knivstikking-pa-bensinstasjon-i-oslo-sivile-grep-inn-stor-oslo","status":"publish","type":"post","link":"https:\/\/www.europesays.com\/no\/101491\/","title":{"rendered":"Knivstikking p\u00e5 bensinstasjon i Oslo \u2013 sivile grep inn \u2013 Stor-Oslo"},"content":{"rendered":"<p>En person er p\u00e5grepet og arrestert etter en knivstikking p\u00e5 Esso Ryen i Oslo.<\/p>\n<p>\u2013 Politiet fikk inn melding 13:27 om at en person skal ha blitt stukket med kniv, skriver de i politiloggen.<\/p>\n<p>Samtidig fikk politiet melding om at det var kontroll p\u00e5 gjerningspersonen og v\u00e5penet som har blitt benyttet.<\/p>\n<p>En mann er kj\u00f8rt til legevakt etter hendelsen. Mannen har ikke alvorlige skader.<\/p>\n<p>Tore Barstad i politiet sier til NTB at det var en krangel som utl\u00f8ste hendelsen.<\/p>\n<p>\u2013 Det har v\u00e6rt en krangel i forkant, og p\u00e5 en eller annen m\u00e5te s\u00e5 har vedkommende som n\u00e5 er p\u00e5grepet, f\u00e5tt tak i en kniv og rammet en annen kar i kroppen og i l\u00e5ret.<\/p>\n<p>Det var sivile p\u00e5 stedet som grep inn og holdt igjen personen med kniven.<\/p>\n","protected":false},"excerpt":{"rendered":"En person er p\u00e5grepet og arrestert etter en knivstikking p\u00e5 Esso Ryen i Oslo. \u2013 Politiet fikk inn&hellip;\n","protected":false},"author":2,"featured_media":101492,"comment_status":"","ping_status":"","sticky":false,"template":"","format":"standard","meta":{"footnotes":""},"categories":[5],"tags":[20,21,24,25,15,19,22,23,17,18,13,30,28,29,14,16,26,27],"class_list":{"0":"post-101491","1":"post","2":"type-post","3":"status-publish","4":"format-standard","5":"has-post-thumbnail","7":"category-overskrifter","8":"tag-breaking-news","9":"tag-breakingnews","10":"tag-featured-news","11":"tag-featurednews","12":"tag-headlines","13":"tag-hovedoppslag","14":"tag-latest-news","15":"tag-latestnews","16":"tag-main-news","17":"tag-mainnews","18":"tag-news","19":"tag-no","20":"tag-norge","21":"tag-norway","22":"tag-nyheter","23":"tag-overskrifter","24":"tag-top-stories","25":"tag-topstories"},"share_on_mastodon":{"url":"https:\/\/pubeurope.com\/@no\/115644869005203726","error":""},"_links":{"self":[{"href":"https:\/\/www.europesays.com\/no\/wp-json\/wp\/v2\/posts\/101491","targetHints":{"allow":["GET"]}}],"collection":[{"href":"https:\/\/www.europesays.com\/no\/wp-json\/wp\/v2\/posts"}],"about":[{"href":"https:\/\/www.europesays.com\/no\/wp-json\/wp\/v2\/types\/post"}],"author":[{"embeddable":true,"href":"https:\/\/www.europesays.com\/no\/wp-json\/wp\/v2\/users\/2"}],"replies":[{"embeddable":true,"href":"https:\/\/www.europesays.com\/no\/wp-json\/wp\/v2\/comments?post=101491"}],"version-history":[{"count":0,"href":"https:\/\/www.europesays.com\/no\/wp-json\/wp\/v2\/posts\/101491\/revisions"}],"wp:featuredmedia":[{"embeddable":true,"href":"https:\/\/www.europesays.com\/no\/wp-json\/wp\/v2\/media\/101492"}],"wp:attachment":[{"href":"https:\/\/www.europesays.com\/no\/wp-json\/wp\/v2\/media?parent=101491"}],"wp:term":[{"taxonomy":"category","embeddable":true,"href":"https:\/\/www.europesays.com\/no\/wp-json\/wp\/v2\/categories?post=101491"},{"taxonomy":"post_tag","embeddable":true,"href":"https:\/\/www.europesays.com\/no\/wp-json\/wp\/v2\/tags?post=101491"}],"curies":[{"name":"wp","href":"https:\/\/api.w.org\/{rel}","templated":true}]}}