{"id":101493,"date":"2025-12-01T14:55:08","date_gmt":"2025-12-01T14:55:08","guid":{"rendered":"https:\/\/www.europesays.com\/no\/101493\/"},"modified":"2025-12-01T14:55:08","modified_gmt":"2025-12-01T14:55:08","slug":"ny-sikkerhetskontroll-pa-oslo-lufthavn-kan-gjore-reiser-mer-effektive-stor-oslo","status":"publish","type":"post","link":"https:\/\/www.europesays.com\/no\/101493\/","title":{"rendered":"Ny sikkerhetskontroll p\u00e5 Oslo lufthavn \u2013 kan gj\u00f8re reiser mer effektive \u2013 Stor-Oslo"},"content":{"rendered":"<p>I 2028 f\u00e5r Oslo lufthavn ny sikkerhetskontroll. Den nye kontrollen kan gj\u00f8re reiser mer effektive.<\/p>\n<p>Det opplyser Avinor i en pressemelding.<\/p>\n<p>Grunnet ny teknologi kan reisende slippe \u00e5 ta elektronikk ut av h\u00e5ndbagasjen.<\/p>\n<p>\u2013 P\u00e5 sikt, avhengig av EUs regelverk, kan det ogs\u00e5 bli enklere \u00e5 reise med v\u00e6ske.<\/p>\n<p>Det sier lufthavndirekt\u00f8r p\u00e5 Oslo lufthavn, Thorgeir Landevaag.<\/p>\n<p><img decoding=\"async\"   src=\"data:image\/gif;base64,R0lGODlhAQABAIAAAAAAAP\/\/\/yH5BAEAAAAALAAAAAABAAEAAAIBRAA7\" loading=\"eager\" alt=\"Oslo lufthavn Thorgeir Landevaag + to kvinner\" title=\"Foto: Nadir Alam \/ NRK\"\/><\/p>\n<p class=\"\">Thorgeir Landevaag.<\/p>\n<p>Foto: Nadir Alam \/ NRK<\/p>\n<p>\u2013 Tryggere og mer smidig reiseopplevelse<\/p>\n<p>I regi av EU p\u00e5g\u00e5r det et arbeid med strengere krav til teknologi i sikkerhetskontroller.<\/p>\n<p>\u2013 Dette vil skape en tryggere og mer smidig reiseopplevelse, og sikre at vi f\u00f8lger fremtidige internasjonale krav og standarder, sier Landevaag.<\/p>\n<p>\u2013 M\u00e5let er \u00e5 gj\u00f8re reisen enklere for alle.<\/p>\n<p><img decoding=\"async\"   src=\"data:image\/gif;base64,R0lGODlhAQABAIAAAAAAAP\/\/\/yH5BAEAAAAALAAAAAABAAEAAAIBRAA7\" loading=\"eager\" alt=\"En gruppe mennesker i p\u00e5 en flyplass\" title=\"Foto: Henrik Einangshaug \/ NRK\"\/><\/p>\n<p class=\"\">Oslo lufthavn.<\/p>\n<p>Foto: Henrik Einangshaug \/ NRK<\/p>\n<p>Det er forel\u00f8pig kun Oslo lufthavn som \u00f8nsker \u00e5 skrifte ut teknologien i sikkerhetskontrollen.<\/p>\n<p>\u2013 Dette er sv\u00e6rt kostbart utstyr, og \u00e5rsaken til at det haster mest p\u00e5 Oslo lufthavn, er b\u00e5de levetid p\u00e5 utstyret, samt regelverk, sier Landevaag.<\/p>\n<p>Ombyggingen av den nye sikkerhetskontrollen starter i januar 2026 og skal v\u00e6re klar f\u00f8r sommeren i 2028.<\/p>\n<p>Publisert<\/p>\n<p>01.12.2025, kl. 14.10<\/p>\n<p>Oppdatert<\/p>\n<p>01.12.2025, kl. 14.31<\/p>\n","protected":false},"excerpt":{"rendered":"I 2028 f\u00e5r Oslo lufthavn ny sikkerhetskontroll. Den nye kontrollen kan gj\u00f8re reiser mer effektive. Det opplyser Avinor&hellip;\n","protected":false},"author":2,"featured_media":101494,"comment_status":"","ping_status":"","sticky":false,"template":"","format":"standard","meta":{"footnotes":""},"categories":[10],"tags":[20,21,24,25,15,22,23,13,30,28,29,14,16,26,27],"class_list":{"0":"post-101493","1":"post","2":"type-post","3":"status-publish","4":"format-standard","5":"has-post-thumbnail","7":"category-norge","8":"tag-breaking-news","9":"tag-breakingnews","10":"tag-featured-news","11":"tag-featurednews","12":"tag-headlines","13":"tag-latest-news","14":"tag-latestnews","15":"tag-news","16":"tag-no","17":"tag-norge","18":"tag-norway","19":"tag-nyheter","20":"tag-overskrifter","21":"tag-top-stories","22":"tag-topstories"},"share_on_mastodon":{"url":"https:\/\/pubeurope.com\/@no\/115644892786945696","error":""},"_links":{"self":[{"href":"https:\/\/www.europesays.com\/no\/wp-json\/wp\/v2\/posts\/101493","targetHints":{"allow":["GET"]}}],"collection":[{"href":"https:\/\/www.europesays.com\/no\/wp-json\/wp\/v2\/posts"}],"about":[{"href":"https:\/\/www.europesays.com\/no\/wp-json\/wp\/v2\/types\/post"}],"author":[{"embeddable":true,"href":"https:\/\/www.europesays.com\/no\/wp-json\/wp\/v2\/users\/2"}],"replies":[{"embeddable":true,"href":"https:\/\/www.europesays.com\/no\/wp-json\/wp\/v2\/comments?post=101493"}],"version-history":[{"count":0,"href":"https:\/\/www.europesays.com\/no\/wp-json\/wp\/v2\/posts\/101493\/revisions"}],"wp:featuredmedia":[{"embeddable":true,"href":"https:\/\/www.europesays.com\/no\/wp-json\/wp\/v2\/media\/101494"}],"wp:attachment":[{"href":"https:\/\/www.europesays.com\/no\/wp-json\/wp\/v2\/media?parent=101493"}],"wp:term":[{"taxonomy":"category","embeddable":true,"href":"https:\/\/www.europesays.com\/no\/wp-json\/wp\/v2\/categories?post=101493"},{"taxonomy":"post_tag","embeddable":true,"href":"https:\/\/www.europesays.com\/no\/wp-json\/wp\/v2\/tags?post=101493"}],"curies":[{"name":"wp","href":"https:\/\/api.w.org\/{rel}","templated":true}]}}