{"id":101497,"date":"2025-12-01T15:02:23","date_gmt":"2025-12-01T15:02:23","guid":{"rendered":"https:\/\/www.europesays.com\/no\/101497\/"},"modified":"2025-12-01T15:02:23","modified_gmt":"2025-12-01T15:02:23","slug":"innvandring-flyktninger-sa-nei-til-flere-flyktninger-i-fredrikstad-jo-vi-ma-slutte-a-rekke-ut-en-hand","status":"publish","type":"post","link":"https:\/\/www.europesays.com\/no\/101497\/","title":{"rendered":"Innvandring, Flyktninger | Sa nei til flere flyktninger i Fredrikstad: \u2013 Jo, vi m\u00e5 slutte \u00e5 rekke ut en h\u00e5nd"},"content":{"rendered":"\n<p>(<a rel=\"Follow nofollow noopener\" href=\"https:\/\/www.f-b.no\/fredrikstad-sier-nei-til-flyktninger-igjen-jo-vi-ma-slutte-a-rekke-ut-en-hand\/s\/5-59-3765646\" target=\"_blank\">Fredriksstad Blad<\/a>): Er det riktig av Fredrikstad \u00e5 si nei til \u00e5 ta imot flyktninger ogs\u00e5 neste \u00e5r p\u00e5 grunn av kommunens \u00f8konomi? Ja, mente b\u00e5de kommunedirekt\u00f8ren og 9 av 15 politikere i formannskapet. Nei, mente mindretallet.<\/p>\n<p>\u2013 Jeg vil anbefale \u00e5 fortsette denne nullinjen til vi har f\u00e5tt reell respons nasjonalt.<\/p>\n<p>Det var den klare anbefalingen fra kommunedirekt\u00f8r Inger Hegna da politikerne i formannskapet skulle svare p\u00e5 den siste anmodningen<a rel=\"Follow nofollow noopener\" href=\"https:\/\/einnsyn.no\/api\/v2\/fil?iri=https:\/\/einnsyn.fredrikstad.kommune.no\/e92e90cf-b900-4fc1-b971-4b022ae07062\" target=\"_blank\"> fra Integrerings- og mangfoldsdirektoratet<\/a> (IMDi):<\/p>\n<p>Kan Fredrikstad v\u00e6re s\u00e5 snille \u00e5 bosette 40 nye flyktninger?<\/p>\n<p>Kommunedirekt\u00f8ren hadde p\u00e5 forh\u00e5nd <a rel=\"Follow nofollow noopener\" href=\"https:\/\/www.f-b.no\/stopp-for-flyktninger-i-fredrikstad-kommunen-vil-si-nei\/s\/5-59-3747797\" target=\"_blank\">anbefalt \u00e5 si nei for andre \u00e5ret p\u00e5 rad<\/a> p\u00e5 grunn av kommunens h\u00f8ye utgifter til flyktninger og den anstrengte kommune\u00f8konomien.<\/p>\n<p>Ap ville f\u00f8lge anmodningen og ta imot de 40 flyktningene.<\/p>\n<p>\u2013 Kan ikke slutte \u00e5 rekke ut en h\u00e5nd<\/p>\n<p>\u2013 For det f\u00f8rste er tallgrunnlaget i denne saken tydelig p\u00e5 at Fredrikstad kommune har kapasitet i flere tjenester. Den forteller blant annet at skoler og barnehager mener at de kan ta imot barnedelen av dem som kommer. Dessuten starter integreringen p\u00e5 rett m\u00e5te n\u00e5r vi bosetter selv starter integreringen p\u00e5 rett m\u00e5te, sa Vidar Schei.<\/p>\n<p>Han mente at det vil gi bedre forutsetninger og redusere muligheten for at folk faller utenfor.<\/p>\n<p>   <img decoding=\"async\" width=\"5494\" height=\"3639\" fetchpriority=\"low\"  loading=\"lazy\"  src=\"https:\/\/www.europesays.com\/no\/wp-content\/uploads\/2025\/12\/Formannskapet_ERHA-9508.jpg\" alt=\"\" class=\"brick-c-cFOWSL\" style=\"--brick-image-ratio: 5494 \/ 3639;\"\/><\/p>\n<p>      Erik Skauen (MDG)  mente at vi ikke kan slutte \u00e5 rekke ut en h\u00e5nd til de som trenger det mest.<br \/>\n      Foto: Erik Hagen\n    <\/p>\n<p>\u2013 Vi er ikke blinde for utfordringen det kan medf\u00f8re. Fredrikstad er i en krevende \u00f8konomisk situasjon. Men l\u00f8ser vi situasjonen ved \u00e5 trekke oss fra ansvaret eller ved \u00e5 v\u00e6re del av l\u00f8sningen? sa Schei.<\/p>\n<p>Han fikk umiddelbar st\u00f8tte fra MDG og Sp.<\/p>\n<p>\u2013 Det er ikke tvil om at vi har store utfordringer som belaster kommune\u00f8konomien mye, men vi kan ikke slutte \u00e5 rekke ut en h\u00e5nd til de som trenger det mest, sa Erik Skauen (MDG).<\/p>\n<p><b>Les ogs\u00e5: <a class=\"simple-relation related-teaser article--c-eRUmMG article--c-eRUmMG-fZoQSp-design-nettavisen article--c-eRUmMG-gwthdJ-cv\" href=\"https:\/\/www.nettavisen.no\/hoyre-og-frp-vil-ikke-ta-imot-n-eneste-flyktning-dramatisk\/s\/5-95-2749695\" rel=\"nofollow noopener\" target=\"_blank\">H\u00f8yre og Frp vil ikke ta imot \u00e9n eneste flyktning: \u2013 Dramatisk<\/a><\/b><\/p>\n<p>\u2013 Jo, vi m\u00e5 slutte<\/p>\n<p>\u2013 Jo, vi m\u00e5 slutte \u00e5 rekke ut en h\u00e5nd. Vi klarer jo ikke \u00e5 rekke ut en h\u00e5nd til de som allerede bor her engang, sa Marianne Kristiansen (Pp).<\/p>\n<p>Hans Ingvald R\u00f8ed (Sp) pekte blant annet p\u00e5 at det i \u00e5r er blitt tatt hensyn til kommuner med store levek\u00e5rsutfordringer, som Fredrikstad: De er bedt om \u00e5 ta imot f\u00e6rre enn tidligere.<\/p>\n<p>\u2013 Hvis ikke Norge, et av verdens rikeste land, skal ta imot flyktninger \u2013 hvem skal da gj\u00f8re det? sa han.<\/p>\n<p>   <img decoding=\"async\" width=\"5129\" height=\"3898\" fetchpriority=\"low\"  loading=\"lazy\"  src=\"https:\/\/www.europesays.com\/no\/wp-content\/uploads\/2025\/12\/Formannskapet_ERHA-9480.jpg\" alt=\"\" class=\"brick-c-cFOWSL\" style=\"--brick-image-ratio: 5129 \/ 3898;\"\/><\/p>\n<p>      Marianne Kristiansen (Pp) mente at det er nettopp \u00e5 rekke ut en h\u00e5nd som Fredrikstad m\u00e5 slutte med.<br \/>\n      Foto: Erik Hagen\n    <\/p>\n<p>\u2013 Vi er verdens rikeste land, ja \u2013 men det er ikke kommune-Norge, sa Leif Eriksen (Frp).<\/p>\n<p>Ordf\u00f8rer Arne Sekkelsten gjentok bekymringene han ofte har luftet om alle sekund\u00e6rflyktningene (se faktaboks) som Fredrikstad ikke f\u00e5r noe tilskudd for. I 2023 var det 4.487 av dem i Fredrikstad.<\/p>\n<p>            FAKTA: Sekund\u00e6rflyktninger<\/p>\n<p>En flyktning er en person som fyller kravene for \u00e5 f\u00e5 beskyttelse (asyl). De aller fleste flyktninger som har f\u00e5tt opphold i Norge blir bosatt ved at IMDi finner en kommune til dem. <\/p>\n<p>Kommunen f\u00e5r da et tilskudd i fem \u00e5r for bosetting og integrering. Etter dette stopper tilskuddene fra staten. Tanken er at da kan flyktningene st\u00e5 p\u00e5 egne ben<\/p>\n<p>En sekund\u00e6rflyktning er en flyktning som flytter fra den kommunen han eller hun ble bosatt i til en annen kommune. Det gis ikke integreringstilskudd for sekund\u00e6rflyktninger. <\/p>\n<p>\u2013 Ut fra det du sier, virker det som om du setter flyktningene vi er blitt anmodet om \u00e5 bosette og sekund\u00e6rflyktninger opp mot hverandre. Med disse 40 f\u00f8lger det jo midler, sa Filsan Warsame (Ap).<\/p>\n<p>    Vil du se neste video?<\/p>\n<p>    <a href=\"https:\/\/www.nettavisen.no\/fredrik-solvang\/jonas-gahr-store\/debatten\/fredrik-solvang-himler-av-jonas-gahr-store-men-i-alle\/v\/5-95-2751917\" class=\"recommend-poster\" data-adp-clicklabel=\"video-recommend\" data-adp-clickvalue=\"poster\" rel=\"nofollow noopener\" target=\"_blank\"><br \/>\n      <img decoding=\"async\" width=\"200\" height=\"200\" loading=\"lazy\" src=\"https:\/\/www.europesays.com\/no\/wp-content\/uploads\/2025\/11\/Solvang+bredde.jpg\" alt=\"\" class=\"brick-c-cFOWSL\" style=\"--brick-image-ratio: 200 \/ 200;\"\/><\/p>\n<p>Himler av St\u00f8re: \u2013 Men i alle\u20261:06<\/p>\n<p>    <\/a><\/p>\n<p>        Stortingsrepresentant Erlend Wiborg (Frp) \u00f8nsker \u00e5 sende unge ukrainske menn i alderen 18-22 tilbake til Ukraina.<br \/>\n        Vil gi et signal<\/p>\n<p>\u2013 Jeg forst\u00e5r at du kan reagere slik. Men p\u00e5 den annen side vet vi at det blant annet f\u00f8lger med ulike familiegjenforeninger med mange av de som kommer hit. Vi klarer med n\u00f8d og neppe \u00e5 b\u00e6re dette i kommune\u00f8konomien, sa Sekkelsten.<\/p>\n<p>Som fortsatte:<\/p>\n<p>\u2013 Poenget mitt er at vi har veldig mange tilflyttere vi ikke f\u00e5r tilskudd for. Jeg tror det \u00e5 kunne si at vi ikke klarer mer, er et signal som har festet seg. Og s\u00e5 sier ikke jeg at vi skal forf\u00f8lge dette sporet i all evighet.<\/p>\n<p>Akkurat poenget med \u00e5 gi et signal trakk ogs\u00e5 kommunedirekt\u00f8r Inger Hegna frem. Hun trakk frem den nasjonale oppmerksomheten Fredrikstad og Sarpsborg n\u00e5 har f\u00e5tt \u2013 der blant annet <a rel=\"Follow nofollow noopener\" href=\"https:\/\/www.f-b.no\/fredrikstad-moter-statsrader-om-sekundartilflytting\/s\/5-59-3753264\" target=\"_blank\">to ministre nylig tok turen til Fredrikstad<\/a> for \u00e5 h\u00f8re om utfordringene.<\/p>\n<p>\u2013 Vi opplever vel n\u00e5 at man erkjenner utfordringen. Den oppmerksomheten hadde nok ikke kommet om man ikke hadde vedtatt null for dette \u00e5ret, sa Hegna.<\/p>\n<p>H, Frp, V og Pp fikk flertall i formannskapet for \u00e5 si nei til flyktninger neste \u00e5r \u2013 mot stemmene til Ap, Sp og MDG.<\/p>\n<p>Saken blir endelig avgjort i bystyret 11. desember.<\/p>\n<p>    Vil du se neste video?<\/p>\n<p>    <a href=\"https:\/\/www.nettavisen.no\/fredrik-solvang\/jonas-gahr-store\/debatten\/fredrik-solvang-himler-av-jonas-gahr-store-men-i-alle\/v\/5-95-2751917\" class=\"recommend-poster\" data-adp-clicklabel=\"video-recommend\" data-adp-clickvalue=\"poster\" rel=\"nofollow noopener\" target=\"_blank\"><br \/>\n      <img decoding=\"async\" width=\"200\" height=\"200\" loading=\"lazy\" src=\"https:\/\/www.europesays.com\/no\/wp-content\/uploads\/2025\/11\/Solvang+bredde.jpg\" alt=\"\" class=\"brick-c-cFOWSL\" style=\"--brick-image-ratio: 200 \/ 200;\"\/><\/p>\n<p>Himler av St\u00f8re: \u2013 Men i alle\u20261:06<\/p>\n<p>    <\/a><\/p>\n","protected":false},"excerpt":{"rendered":"(Fredriksstad Blad): Er det riktig av Fredrikstad \u00e5 si nei til \u00e5 ta imot flyktninger ogs\u00e5 neste \u00e5r&hellip;\n","protected":false},"author":2,"featured_media":101498,"comment_status":"","ping_status":"","sticky":false,"template":"","format":"standard","meta":{"footnotes":""},"categories":[10],"tags":[20,21,24,25,15,22,23,13,30,28,29,14,16,26,27],"class_list":{"0":"post-101497","1":"post","2":"type-post","3":"status-publish","4":"format-standard","5":"has-post-thumbnail","7":"category-norge","8":"tag-breaking-news","9":"tag-breakingnews","10":"tag-featured-news","11":"tag-featurednews","12":"tag-headlines","13":"tag-latest-news","14":"tag-latestnews","15":"tag-news","16":"tag-no","17":"tag-norge","18":"tag-norway","19":"tag-nyheter","20":"tag-overskrifter","21":"tag-top-stories","22":"tag-topstories"},"share_on_mastodon":{"url":"https:\/\/pubeurope.com\/@no\/115644920488609647","error":""},"_links":{"self":[{"href":"https:\/\/www.europesays.com\/no\/wp-json\/wp\/v2\/posts\/101497","targetHints":{"allow":["GET"]}}],"collection":[{"href":"https:\/\/www.europesays.com\/no\/wp-json\/wp\/v2\/posts"}],"about":[{"href":"https:\/\/www.europesays.com\/no\/wp-json\/wp\/v2\/types\/post"}],"author":[{"embeddable":true,"href":"https:\/\/www.europesays.com\/no\/wp-json\/wp\/v2\/users\/2"}],"replies":[{"embeddable":true,"href":"https:\/\/www.europesays.com\/no\/wp-json\/wp\/v2\/comments?post=101497"}],"version-history":[{"count":0,"href":"https:\/\/www.europesays.com\/no\/wp-json\/wp\/v2\/posts\/101497\/revisions"}],"wp:featuredmedia":[{"embeddable":true,"href":"https:\/\/www.europesays.com\/no\/wp-json\/wp\/v2\/media\/101498"}],"wp:attachment":[{"href":"https:\/\/www.europesays.com\/no\/wp-json\/wp\/v2\/media?parent=101497"}],"wp:term":[{"taxonomy":"category","embeddable":true,"href":"https:\/\/www.europesays.com\/no\/wp-json\/wp\/v2\/categories?post=101497"},{"taxonomy":"post_tag","embeddable":true,"href":"https:\/\/www.europesays.com\/no\/wp-json\/wp\/v2\/tags?post=101497"}],"curies":[{"name":"wp","href":"https:\/\/api.w.org\/{rel}","templated":true}]}}