{"id":101506,"date":"2025-12-01T15:16:33","date_gmt":"2025-12-01T15:16:33","guid":{"rendered":"https:\/\/www.europesays.com\/no\/101506\/"},"modified":"2025-12-01T15:16:33","modified_gmt":"2025-12-01T15:16:33","slug":"kan-ha-pavirket-forskning-og-oppfolgingen-av-elever","status":"publish","type":"post","link":"https:\/\/www.europesays.com\/no\/101506\/","title":{"rendered":"\u2013 Kan ha p\u00e5virket forskning og oppf\u00f8lgingen av elever"},"content":{"rendered":"<p>\n        Kunnskapsminister Kari Nessa Nordtun (Ap).<br \/>\n        Foto: J\u00f8rgen Jelstad.\n    <\/p>\n<p>    Statistisk sentralbyr\u00e5 har n\u00e5 korrigert sin offisielle statistikk. \u2013 Forskere kan f\u00e5 anledning til \u00e5 omskalere gamle data, opplyser kunnskapsminister Kari Nessa Nordtun (Ap).\u00a0<\/p>\n<p>\u2013\u00a0\u00a0Det er alvorlig at analysene av nasjonale pr\u00f8ver p\u00e5 5. og 8. trinn i perioden 2014\u20132021 har gitt feil resultater, sier kunnskapsminister Kari Nessa Nordtun. <\/p>\n<p> \u2013 Jeg kan ikke utelukke at feilen kan ha p\u00e5virket oppf\u00f8lgingen av enkeltelever. Forskning som har benyttet data fra nasjonale pr\u00f8ver kan ogs\u00e5 ha v\u00e6rt ber\u00f8rt.\u00a0\u00a0<\/p>\n<p>Uttalelsene kommer i form av et skriftlig svar til R\u00f8dts Hege Bae Nyholt.\u00a0<\/p>\n<p>Nyholt stilte sp\u00f8rsm\u00e5l om analysefeilene av nasjonale pr\u00f8ver i midten av november. Noen dager i forkant hadde Utdanningsnytt fortalt at Utdanningsdirektoratet hadde <a href=\"https:\/\/www.utdanningsnytt.no\/analyse-nasjonale-prover-thom-jambak\/udir-avpubliserer-resultatene-fra-nasjonale-prover-fra-2015-2021\/461809\" rel=\"nofollow noopener\" target=\"_blank\">avpublisert resultatene fra nasjonale pr\u00f8ver\u00a0fra 2015-2021.<\/a><\/p>\n<p>\u00c5rsaken er at resultatene rett og slett ikke stemmer.\u00a0<\/p>\n<p>Plassert p\u00e5 feil niv\u00e5<\/p>\n<p>Forskere ved Frischsenteret avdekket feilen i beregningene h\u00f8sten 2023. If\u00f8lge Udir skyldtes det en <a href=\"https:\/\/www.utdanningsnytt.no\/frischsenteret-nasjonale-prover-utdanning\/udir-snur-og-innrommer-feil-i-nasjonale-prover\/385976\" rel=\"nofollow noopener\" target=\"_blank\">feil i et utdatert dataprogram<\/a>. F\u00f8rst hevdet de at det ikke hadde p\u00e5virket enkeltelevers resultater. To m\u00e5neder senere m\u00e5tte de innr\u00f8emme at <a href=\"https:\/\/www.utdanningsnytt.no\/nasjonale-prover-utdanningsdirektoratet\/feil-med-nasjonale-prover-mer-alvorlig-enn-forst-antatt\/394009\" rel=\"nofollow noopener\" target=\"_blank\">feilene viste seg \u00e5 v\u00e6re mer alvorlig.\u00a0<\/a><\/p>\n<p> Blant annet kan elever som har ligget n\u00e6r grensen mellom to mestringsniv\u00e5er, ha blitt plassert p\u00e5 feil niv\u00e5.<\/p>\n<p>R\u00f8dts Hege Bae Nyholt <a href=\"https:\/\/www.utdanningsnytt.no\/forskning-hege-bae-nyholt-laerer\/arevis-med-nasjonale-provefeil-krever-svar-pa-om-politiske-beslutninger-er-tatt-pa-feil-grunnlag\/461883\" rel=\"nofollow noopener\" target=\"_blank\">ville vite hvilke konsekvenser feilen har hatt, for enkeltelever, for politiske beslutninger og for forskning.\u00a0<\/a><\/p>\n<p>Kunnskapsministeren skriver i sitt svar at det kan ha p\u00e5virket hvilken oppf\u00f8lging elever har f\u00e5tt.\u00a0<\/p>\n<p>Forskere kan omskalere date<\/p>\n<p> \u2013 L\u00e6rerne ser imidlertid resultatene i sammenheng med annen informasjon om elevene, og har f\u00e5tt korrekt informasjon om den enkelte elevs oppgavebesvarelse, skriver statsr\u00e5den.<\/p>\n<p>\u2013 Feilen har imidlertid bidratt til et skjevt inntrykk av norske elevers resultater i nasjonale pr\u00f8ver i perioden og dermed et svakere beslutningsgrunnlag for skoler og myndigheter. Jeg vil understreke at nasjonale pr\u00f8ver kun \u00e9n av flere kilder til kunnskap om tilstanden og utviklingen i skolen. Forskning som har benyttet data fra nasjonale pr\u00f8ver kan ogs\u00e5 ha v\u00e6rt ber\u00f8rt.<\/p>\n<p>Nessa Nordtun opplyser at Statistisk sentralbyr\u00e5 (SSB) n\u00e5 har oppdatert sin offisielle statistikk med korrigerte tall. <\/p>\n<p> \u2013 Forskere og andre brukere vil selv f\u00e5 anledning til \u00e5 gj\u00f8re omskalering p\u00e5 gamle data. Nasjonal utdanningsdatabase vil ogs\u00e5 bli oppdatert med korrigerte skalapoeng, og korrigerte mikrodata vil bli gjort tilgjengelig for forskere, opplyser statsr\u00e5den.\u00a0<\/p>\n<p> \u2013 Det er bra at vi n\u00e5 har f\u00e5tt re-estimerte resultater for perioden. Samtidig har korrigerte tall for perioden 2014\u20132021 n\u00e5 begrenset merverdi for skolene og l\u00e6rerne, og ingen merverdi for elevene som deltok, skriver hun.\u00a0<\/p>\n","protected":false},"excerpt":{"rendered":"Kunnskapsminister Kari Nessa Nordtun (Ap). Foto: J\u00f8rgen Jelstad. Statistisk sentralbyr\u00e5 har n\u00e5 korrigert sin offisielle statistikk. \u2013 Forskere&hellip;\n","protected":false},"author":2,"featured_media":101507,"comment_status":"","ping_status":"","sticky":false,"template":"","format":"standard","meta":{"footnotes":""},"categories":[12],"tags":[20,21,24,25,15,22,23,13,30,28,29,14,16,26,27,42,43,44,45],"class_list":{"0":"post-101506","1":"post","2":"type-post","3":"status-publish","4":"format-standard","5":"has-post-thumbnail","7":"category-verden","8":"tag-breaking-news","9":"tag-breakingnews","10":"tag-featured-news","11":"tag-featurednews","12":"tag-headlines","13":"tag-latest-news","14":"tag-latestnews","15":"tag-news","16":"tag-no","17":"tag-norge","18":"tag-norway","19":"tag-nyheter","20":"tag-overskrifter","21":"tag-top-stories","22":"tag-topstories","23":"tag-verden","24":"tag-world","25":"tag-world-news","26":"tag-worldnews"},"share_on_mastodon":{"url":"https:\/\/pubeurope.com\/@no\/115644975201524946","error":""},"_links":{"self":[{"href":"https:\/\/www.europesays.com\/no\/wp-json\/wp\/v2\/posts\/101506","targetHints":{"allow":["GET"]}}],"collection":[{"href":"https:\/\/www.europesays.com\/no\/wp-json\/wp\/v2\/posts"}],"about":[{"href":"https:\/\/www.europesays.com\/no\/wp-json\/wp\/v2\/types\/post"}],"author":[{"embeddable":true,"href":"https:\/\/www.europesays.com\/no\/wp-json\/wp\/v2\/users\/2"}],"replies":[{"embeddable":true,"href":"https:\/\/www.europesays.com\/no\/wp-json\/wp\/v2\/comments?post=101506"}],"version-history":[{"count":0,"href":"https:\/\/www.europesays.com\/no\/wp-json\/wp\/v2\/posts\/101506\/revisions"}],"wp:featuredmedia":[{"embeddable":true,"href":"https:\/\/www.europesays.com\/no\/wp-json\/wp\/v2\/media\/101507"}],"wp:attachment":[{"href":"https:\/\/www.europesays.com\/no\/wp-json\/wp\/v2\/media?parent=101506"}],"wp:term":[{"taxonomy":"category","embeddable":true,"href":"https:\/\/www.europesays.com\/no\/wp-json\/wp\/v2\/categories?post=101506"},{"taxonomy":"post_tag","embeddable":true,"href":"https:\/\/www.europesays.com\/no\/wp-json\/wp\/v2\/tags?post=101506"}],"curies":[{"name":"wp","href":"https:\/\/api.w.org\/{rel}","templated":true}]}}