{"id":101513,"date":"2025-12-01T15:27:39","date_gmt":"2025-12-01T15:27:39","guid":{"rendered":"https:\/\/www.europesays.com\/no\/101513\/"},"modified":"2025-12-01T15:27:39","modified_gmt":"2025-12-01T15:27:39","slug":"to-arbeidere-bar-kreftfremkallende-stoff-i-fem-timer","status":"publish","type":"post","link":"https:\/\/www.europesays.com\/no\/101513\/","title":{"rendered":"To arbeidere bar kreftfremkallende stoff i fem timer"},"content":{"rendered":"\n<ul class=\"_list_o9xde_3 _list_64s2r_85 _unordered_o9xde_106 text-sans-m\">\n<li class=\"_item_o9xde_30\">To arbeidere p\u00e5 Mongstad ble bedt om \u00e5 b\u00e6re v\u00e6ske som inneholdt kreftfremkallende stoff i fem timer.<\/li>\n<li class=\"_item_o9xde_30\">Havindustritilsynet er kritisk til at Equinor brukte over tre uker p\u00e5 \u00e5 rapportere hendelsen.<\/li>\n<li class=\"_item_o9xde_30\">Equinor har de siste \u00e5rene f\u00e5tt flere p\u00e5legg om \u00e5 forbedre h\u00e5ndteringen av benzenfare.<\/li>\n<li class=\"_item_o9xde_30\">En annen ulykke skjedde  p\u00e5 Mongstad mandag, og i september d\u00f8de en arbeider i en klemulykke.<\/li>\n<\/ul>\n<p>Vis mer <\/p>\n<p class=\"_paragraph_o9xde_4 _paragraph_xtcu6_10 layout-component text-serif-m layout-normal text-serif-m layout-padded\">Med 10-litersb\u00f8tter uten lokk bar to arbeidere s\u00e5kalt naftanaftaNaphtha\/nafta er en brennbar v\u00e6ske av hydrokarboner som brukes som r\u00e5materiale i petrokjemisk industri, som l\u00f8semiddel, og som drivstoff. i fem timer. <\/p>\n<p class=\"_paragraph_o9xde_4 _paragraph_xtcu6_10 layout-component text-serif-m layout-normal text-serif-m layout-padded\">Nafta er en blanding av kjemikalier som inneholder kreftfremkallende stoffer som benzenbenzenFinnes naturlig i r\u00e5olje og bensin og er et kjent kreftfremkallende stoff som kan for\u00e5rsake leukemi ved inn\u00e5nding eller kontakt med hud, og er giftig. . <\/p>\n<p class=\"_paragraph_o9xde_4 _paragraph_xtcu6_10 layout-component text-serif-m layout-normal text-serif-m layout-padded\">Arbeiderne skulle fylle v\u00e6sken over p\u00e5 et m\u00e5leinstrument, for \u00e5 kalibrerekalibrereBetyr \u00e5 forsikre seg om at m\u00e5leinstrumentet gir riktige m\u00e5linger.  dette.<\/p>\n<p>Dette er Mongstad<\/p>\n<p class=\"_paragraph_o9xde_4 _paragraph_xtcu6_10 _paragraph_16v91_10 layout-component text-serif-m layout-normal text-sans-m layout-padded\">Mongstad er det eneste oljeraffineriet i Norge og drives av Equinor. <\/p>\n<p class=\"_paragraph_o9xde_4 _paragraph_xtcu6_10 _paragraph_16v91_10 layout-component text-serif-m layout-normal text-sans-m layout-padded\">Anlegget ligger i Nordhordland, cirka 50 kilometer nord for Bergen.<\/p>\n<p>Vis mer<\/p>\n<p class=\"_paragraph_o9xde_4 _paragraph_xtcu6_10 layout-component text-serif-m layout-normal text-serif-m layout-padded\">Havindustritilsynet konkluderte mandag med at de to arbeiderne ble utsatt for \u00abh\u00f8y kjemisk eksponering\u00bb, men kan ikke svare p\u00e5 n\u00f8yaktig hvor mye.<\/p>\n<p class=\"_paragraph_o9xde_4 _paragraph_xtcu6_10 layout-component text-serif-m layout-normal text-serif-m layout-padded\">Hendelsen skjedde 29. oktober. Men det tok over tre uker f\u00f8r den ble rapportert inn til Havindustritilsynet 19. november.<\/p>\n<p class=\"_paragraph_o9xde_4 _paragraph_xtcu6_10 layout-component text-serif-m layout-normal text-serif-m layout-padded\">Tilsynet unders\u00f8ker n\u00e5 saken og har <a href=\"https:\/\/www.havtil.no\/tilsyn\/viktige-meldinger\/2025\/palegg-til-equinor-om-stans-av-aktivitet-pa-mongstad\/\" class=\"_link_o9xde_39\" rel=\"nofollow noopener\" target=\"_blank\">p\u00e5lagt Equinor<\/a> \u00e5 stanse lignende aktivitet.<\/p>\n<p class=\"_paragraph_o9xde_4 _paragraph_xtcu6_10 layout-component text-serif-m layout-normal text-serif-m layout-padded\">If\u00f8lge VGs opplysninger er begge arbeiderne tilbake p\u00e5 jobb, men eksponeringsfaren knytter seg til eventuelle langsiktige konsekvenser. <\/p>\n<p class=\"_paragraph_o9xde_4 _paragraph_xtcu6_10 layout-component text-serif-m layout-normal text-serif-m layout-padded\"><strong class=\"_strong_o9xde_25\">Benzen kan for\u00e5rsake blant annet blod- og lymfekreft \u2013 og har vist seg \u00e5 v\u00e6re farlig i mye mindre mengder enn hva man f\u00f8rst trodde:<\/strong><\/p>\n<p class=\"_paragraph_o9xde_4 _paragraph_xtcu6_10 layout-component text-serif-m layout-normal text-serif-m layout-padded\">Equinor sier de har startet en intern gransking av hendelsen. Derfor vil de ikke svare p\u00e5 sp\u00f8rsm\u00e5l om detaljer i saken.<\/p>\n<p class=\"_paragraph_o9xde_4 _paragraph_xtcu6_10 layout-component text-serif-m layout-normal text-serif-m layout-padded\">Arbeiderne f\u00f8lges opp av helsetjenesten til Equinor.<\/p>\n<p class=\"_paragraph_o9xde_4 _paragraph_xtcu6_10 layout-component text-serif-m layout-normal text-serif-m layout-padded\">\u2013 Personene har opplevd ubehag etter hendelsen, sier talsperson Ellen Maria Skjelsb\u00e6k.<\/p>\n<p class=\"_paragraph_o9xde_4 _paragraph_xtcu6_10 layout-component text-serif-m layout-normal text-serif-m layout-padded\">VG har blant annet spurt selskapet:<\/p>\n<p class=\"_paragraph_o9xde_4 _paragraph_xtcu6_10 layout-component text-serif-m layout-normal text-serif-m layout-padded\">\u2013 Hadde arbeiderne riktig verneutstyr?<\/p>\n<p class=\"_paragraph_o9xde_4 _paragraph_xtcu6_10 layout-component text-serif-m layout-normal text-serif-m layout-padded\">\u2013 Hadde arbeiderne tilstrekkelig informasjon om hva som var i b\u00f8ttene og hvordan det skulle h\u00e5ndteres?<\/p>\n<p class=\"_paragraph_o9xde_4 _paragraph_xtcu6_10 layout-component text-serif-m layout-normal text-serif-m layout-padded\">Equinor sier de blant annet har skjerpet krav til verneutstyr, men svarer ikke direkte p\u00e5 sp\u00f8rsm\u00e5let om arbeiderne hadde riktig verneutstyr.<\/p>\n<p><img decoding=\"async\" alt=\"Bilde av Ellen Maria Skjelsb\u00e6k\" class=\"_image_ygndg_42\" height=\"23\" itemprop=\"image\" loading=\"lazy\"  src=\"https:\/\/www.europesays.com\/no\/wp-content\/uploads\/2025\/12\/13624e7b-5955-41dc-bd35-2bd0dce2773d\"  width=\"40\"\/><strong class=\"_name_ygndg_51 title-serif-xs\">Ellen Maria Skjelsb\u00e6k<\/strong><\/p>\n<p class=\"_paragraph_o9xde_4 text-sans-m _description_ygndg_56\">Talsperson for Equinor<\/p>\n<p class=\"_paragraph_o9xde_4 _paragraph_xtcu6_10 layout-component text-serif-m layout-normal text-serif-m layout-padded\">\u2013 Verneutstyr ble brukt, men vi vil i granskingen se p\u00e5 om det var tilstrekkelig for arbeidet som skulle utf\u00f8res, sier Skjelsb\u00e6k.<\/p>\n<p class=\"_paragraph_o9xde_4 _paragraph_xtcu6_10 layout-component text-serif-m layout-normal text-serif-m layout-padded\">VG ba for en uke siden om intervju med Equinors direkt\u00f8r p\u00e5 Mongstad, Bernt Tysseland, for \u00e5 stille sp\u00f8rsm\u00e5l om hendelsen. <\/p>\n<p class=\"_paragraph_o9xde_4 _paragraph_xtcu6_10 layout-component text-serif-m layout-normal text-serif-m layout-padded\">\u2013 Ettersom hendelsen er under gransking har ikke Bernt noe \u00e5 legge til utover det per n\u00e5 og takker derfor nei til intervju i denne omgang, sier Skjelsb\u00e6k. <\/p>\n<p> Kritisk til sen beskjed<\/p>\n<p class=\"_paragraph_o9xde_4 _paragraph_xtcu6_10 layout-component text-serif-m layout-normal text-serif-m layout-padded\">Tilsynet er misforn\u00f8yd med at Equinor satt p\u00e5 saken i over tre uker f\u00f8r de varslet myndighetene.<\/p>\n<p class=\"_paragraph_o9xde_4 _paragraph_xtcu6_10 layout-component text-serif-m layout-normal text-serif-m layout-padded\">\u2013 S\u00e5nn skal det ikke v\u00e6re, sier pressekontakt \u00d8yvind Midttun i Havindustritilsynet. <\/p>\n<p class=\"_paragraph_o9xde_4 _paragraph_xtcu6_10 layout-component text-serif-m layout-normal text-serif-m layout-padded\">VG har spurt Equinor om hvorfor de brukte 22 dager p\u00e5 \u00e5 varsle myndighetene om hendelsen. <\/p>\n<p class=\"_paragraph_o9xde_4 _paragraph_xtcu6_10 layout-component text-serif-m layout-normal text-serif-m layout-padded\">Equinors forklaring er at det tok tid f\u00f8r en av arbeiderne ble borte fra jobb. N\u00e5r en arbeider blir borte fra jobb med en skade som kan knyttes til jobben, sl\u00e5r det inn en plikt til \u00e5 rapportere hendelsen. <\/p>\n<p class=\"_paragraph_o9xde_4 _paragraph_xtcu6_10 layout-component text-serif-m layout-normal text-serif-m layout-padded\">Det ble \u00abrutinemessig gjort\u00bb, opplyser Equinor.<\/p>\n<p class=\"_paragraph_o9xde_4 _paragraph_xtcu6_10 layout-component text-serif-m layout-normal text-serif-m layout-padded\">VG har spurt Equinor n\u00e5r arbeideren ble borte fra jobb. VG vil oppdatere saken med et eventuelt svar.<\/p>\n<p><img alt=\"Mongstad.  Foto: Rodrigo Freitas \/ NTB\" class=\"_image_qp4xg_65 layout-component layout-normal\" data-fullscreen- data-track-element-type=\"Article image fullscreen\" data-track-name=\"ImageFullscreen\" decoding=\"async\" loading=\"lazy\" height=\"3549\" itemprop=\"image\"  src=\"https:\/\/www.europesays.com\/no\/wp-content\/uploads\/2025\/12\/f284068e-0a66-426a-9dd1-19ad8e07ba7a\"  style=\"object-position:0% 0%\" width=\"5323\"\/>Mongstad.  Foto: Rodrigo Freitas \/ NTB F\u00e5tt en rekke p\u00e5legg<\/p>\n<p class=\"_paragraph_o9xde_4 _paragraph_xtcu6_10 layout-component text-serif-m layout-normal text-serif-m layout-padded\">Midttun i Havindustritilsynet sier saken ogs\u00e5 \u00abinng\u00e5r i et st\u00f8rre bilde\u00bb, hvor Equinor over lang tid har f\u00e5tt p\u00e5pekninger om \u00abmangler og svakheter\u00bb ved h\u00e5ndteringen sin av benzenfare.<\/p>\n<p class=\"_paragraph_o9xde_4 _paragraph_xtcu6_10 layout-component text-serif-m layout-normal text-serif-m layout-padded\">Equinor har i lengre tid hatt flere tilsynssakertilsynssakerEn tilsynssak betyr at myndighetene kontrollerer at selskapet f\u00f8lger regler for helse- og sikkerhet. Det kan f.eks. skje fordi noen sender et varsel, eller som resultat av en planlagt kontroll. I olje- og gassindustrien er det ikke Arbeidstilsynet, men Havindustritilsynet som skal kontrollere om arbeidsplassene er trygge. g\u00e5ende mot seg hvor selskapet f\u00e5r kritikk for ikke \u00e5 ha god nok kontroll med den kreftfremkallende gassen benzen.<\/p>\n<p class=\"_paragraph_o9xde_4 _paragraph_xtcu6_10 layout-component text-serif-m layout-normal text-serif-m layout-padded\">S\u00e5 sent som i forrige uke ga tilsynet Equinor et nytt p\u00e5legg, etter \u00e5 ha konkludert med at Equinor ikke hadde gjort alt de hadde f\u00e5tt beskjed om \u00e5 gj\u00f8re. <\/p>\n<p class=\"_paragraph_o9xde_4 _paragraph_xtcu6_10 layout-component text-serif-m layout-normal text-serif-m layout-padded\">\u2013 Equinor vet veldig godt hvor farlig benzen er, sier Midttun.<\/p>\n<p class=\"_paragraph_o9xde_4 _paragraph_xtcu6_10 layout-component text-serif-m layout-normal text-serif-m layout-padded\">Equinor sier det siste p\u00e5legget dreier seg om en misforst\u00e5else, hvor selskapet og tilsynet hadde ulike oppfatninger av hva som m\u00e5tte gj\u00f8res. <\/p>\n<p class=\"_paragraph_o9xde_4 _paragraph_xtcu6_10 layout-component text-serif-m layout-normal text-serif-m layout-padded\">\u2013 Det er uheldig, og det vil vi f\u00f8lge opp for \u00e5 vise at vi har m\u00e5linger og dokumentasjon som m\u00f8ter [tilsynet] sine forventninger, sier talsperson Ellen Maria Skjelsb\u00e6k.<\/p>\n<p> Annen ulykke mandag<\/p>\n<p class=\"_paragraph_o9xde_4 _paragraph_xtcu6_10 layout-component text-serif-m layout-normal text-serif-m layout-padded\">S\u00f8ndag ble ogs\u00e5 fire arbeidere p\u00e5 Mongstad sendt til legevakten for en sjekk etter \u00e5 ha f\u00e5tt lutlutEn sterkt etsende v\u00e6ske. Brukes som l\u00f8semiddel, for eksempel i vaskemidler og i luting av fisk. p\u00e5 seg i en urelatert hendelse. <\/p>\n<p class=\"_paragraph_o9xde_4 _paragraph_xtcu6_10 layout-component text-serif-m layout-normal text-serif-m layout-padded\">Equinor sier ingen av arbeiderne ble skadet. Arbeidsuhellet skjedde i forbindelse med arbeid p\u00e5 et r\u00f8r. <\/p>\n<p class=\"_paragraph_o9xde_4 _paragraph_xtcu6_10 layout-component text-serif-m layout-normal text-serif-m layout-padded\">I september ble en 25 \u00e5r gammel svensk arbeider <a href=\"https:\/\/www.vg.no\/nyheter\/i\/OownQb\/yahye-nuur-hussein-25-aar-omkom-i-arbeidsulykken-paa-mongstad\" data-track-element-type=\"Link\" data-track-id=\"link:OownQb\" class=\"_link_o9xde_39\" rel=\"nofollow noopener\" target=\"_blank\">klemt i hjel<\/a> mellom to enorme varmevekslere p\u00e5 Mongstad.<\/p>\n<p> Markus Tobiassen<\/p>\n<p class=\"text-sans-s\">Journalist<\/p>\n<p><img decoding=\"async\" alt=\"Markus Tobiassen\" class=\"_image_uv074_179\" src=\"https:\/\/www.europesays.com\/no\/wp-content\/uploads\/2025\/12\/039e383b-db02-4a08-b565-5686b27a1fc4\" width=\"480\"\/> Rettelse<\/p>\n<p class=\"_paragraph_o9xde_4\">VG skrev i den f\u00f8rste artikkelen at arbeidsuhellet med lut skjedde mandag. Det skjedde s\u00f8ndag. Artikkelen ble oppdatert mandag 1. desember klokken 15:20.<\/p>\n","protected":false},"excerpt":{"rendered":"To arbeidere p\u00e5 Mongstad ble bedt om \u00e5 b\u00e6re v\u00e6ske som inneholdt kreftfremkallende stoff i fem timer. Havindustritilsynet&hellip;\n","protected":false},"author":2,"featured_media":101514,"comment_status":"","ping_status":"","sticky":false,"template":"","format":"standard","meta":{"footnotes":""},"categories":[5],"tags":[20,21,24,25,15,19,22,23,17,18,13,30,28,29,14,16,26,27],"class_list":{"0":"post-101513","1":"post","2":"type-post","3":"status-publish","4":"format-standard","5":"has-post-thumbnail","7":"category-overskrifter","8":"tag-breaking-news","9":"tag-breakingnews","10":"tag-featured-news","11":"tag-featurednews","12":"tag-headlines","13":"tag-hovedoppslag","14":"tag-latest-news","15":"tag-latestnews","16":"tag-main-news","17":"tag-mainnews","18":"tag-news","19":"tag-no","20":"tag-norge","21":"tag-norway","22":"tag-nyheter","23":"tag-overskrifter","24":"tag-top-stories","25":"tag-topstories"},"share_on_mastodon":{"url":"https:\/\/pubeurope.com\/@no\/115645018729133729","error":""},"_links":{"self":[{"href":"https:\/\/www.europesays.com\/no\/wp-json\/wp\/v2\/posts\/101513","targetHints":{"allow":["GET"]}}],"collection":[{"href":"https:\/\/www.europesays.com\/no\/wp-json\/wp\/v2\/posts"}],"about":[{"href":"https:\/\/www.europesays.com\/no\/wp-json\/wp\/v2\/types\/post"}],"author":[{"embeddable":true,"href":"https:\/\/www.europesays.com\/no\/wp-json\/wp\/v2\/users\/2"}],"replies":[{"embeddable":true,"href":"https:\/\/www.europesays.com\/no\/wp-json\/wp\/v2\/comments?post=101513"}],"version-history":[{"count":0,"href":"https:\/\/www.europesays.com\/no\/wp-json\/wp\/v2\/posts\/101513\/revisions"}],"wp:featuredmedia":[{"embeddable":true,"href":"https:\/\/www.europesays.com\/no\/wp-json\/wp\/v2\/media\/101514"}],"wp:attachment":[{"href":"https:\/\/www.europesays.com\/no\/wp-json\/wp\/v2\/media?parent=101513"}],"wp:term":[{"taxonomy":"category","embeddable":true,"href":"https:\/\/www.europesays.com\/no\/wp-json\/wp\/v2\/categories?post=101513"},{"taxonomy":"post_tag","embeddable":true,"href":"https:\/\/www.europesays.com\/no\/wp-json\/wp\/v2\/tags?post=101513"}],"curies":[{"name":"wp","href":"https:\/\/api.w.org\/{rel}","templated":true}]}}