{"id":101519,"date":"2025-12-01T15:34:14","date_gmt":"2025-12-01T15:34:14","guid":{"rendered":"https:\/\/www.europesays.com\/no\/101519\/"},"modified":"2025-12-01T15:34:14","modified_gmt":"2025-12-01T15:34:14","slug":"agderposten-person-siktet-etter-at-beboer-i-90-arene-dode-ved-institusjon-tv2-no","status":"publish","type":"post","link":"https:\/\/www.europesays.com\/no\/101519\/","title":{"rendered":"Agderposten: Person siktet etter at beboer i 90-\u00e5rene d\u00f8de ved institusjon &#8211; TV2.no"},"content":{"rendered":"<ol>\n<li><a href=\"https:\/\/news.google.com\/rss\/articles\/CBMi2AFBVV95cUxNaF9GNEduYkJGQjF5VDFkaWdMQkZuQzNDYjkyekhmWmtaaW9MeEtYLUh5cWdYS1BmT0FkTFBfdGpldGp5Y1E2STB6UVZmTm05Uk1mTkdOQXhVeEZsV0ZwYjZoZ29rb3l2RF95cGM0RnV6ZDN3TjItNURibnNfRWUzMzZNNWJOM0RTSjFnVXlSM0E3NjAxZjcyMjhzQlRiYkdjWVJOaHhTNWVpLTFiYXczRUZuN0cwaFVxbkxEOTkzS09JcktjVWh4UXVPR1R2QkxFc2N5UlA1dE4?oc=5\" target=\"_blank\" rel=\"nofollow noopener\">Agderposten: Person siktet etter at beboer i 90-\u00e5rene d\u00f8de ved institusjon<\/a>&nbsp;&nbsp;TV2.no<\/li>\n<li><a href=\"https:\/\/news.google.com\/rss\/articles\/CBMipAFBVV95cUxQbGtGTlJXb1p0M2FGRFluLXBuRFNuYmowR1BXLXJBRnZhTmw2aElscGdSLWI5ZkhhMUN2cVdQaXRIMzRtRV9rUDJxQVo1Rmg1WWs3Z2lzZ2FMMFVESWtMNmFDb2ZmdlJNZGc5Mk1SRXF3Nkl5UzBURTRZRWxRSlJEMXdOVFlOT1paWjFod2xvZnNjWmNJaDJ3UWpCeWx1Q3pscGlyag?oc=5\" target=\"_blank\" rel=\"nofollow noopener\">Siktet for vold etter d\u00f8dsfall p\u00e5 institusjon<\/a>&nbsp;&nbsp;agderposten.no<\/li>\n<li><a href=\"https:\/\/news.google.com\/rss\/articles\/CBMirgFBVV95cUxOOUpnak9CZ2F0dGJ2YU1YZEk5dzVuOHJBanJ0dkdscGVOVWZMOVp1UVhoVFlFeU56Zmw3MnFUOTQzcTVCU1ItVHNobFRCYWx5bWpUd0ZUMUZ2RVRVcGFIVFhPT190Tk1RRENqM0hDVlJXSVd1LVpBVGhSWk9aSVZyNXJoOTd3ODV0TzA3M1ZpOXZwU2EzM2gyVkRfQkdoeVlzTkhmY1VxWVBrcWNhdEE?oc=5\" target=\"_blank\" rel=\"nofollow noopener\">Person bekreftet d\u00f8d etter hendelse p\u00e5 kommunal institusjon i Arendal<\/a>&nbsp;&nbsp;NRK<\/li>\n<li><a href=\"https:\/\/news.google.com\/rss\/articles\/CBMiswFBVV95cUxPLTUtaThYS3g3TTZRVDFTcF9ZUEFSbjZpMWNuaW9DSmxSNEZHcDU3aFZPOWtzemx4bjlTaHRZbVdNRDBkRGVzTzNiWlpMV25YaHdXR1hSbkFFb3A0T2pLTFpTWHNvMHE3aVhvQXcycnRwY2Z1elU2Z1dHaG5GMUpRcnZ6eHg0bTFHc3NmbWVXU05BbTE0T0ppUnlRWUE5b19tSExjVkd4S1NJXzdGc0dLTHN3bw?oc=5\" target=\"_blank\" rel=\"nofollow noopener\">Person siktet etter at beboer i 90-\u00e5rene d\u00f8de ved institusjon i Agder<\/a>&nbsp;&nbsp;Aftenposten<\/li>\n<li><a href=\"https:\/\/news.google.com\/rss\/articles\/CBMiqwFBVV95cUxOZlAxVFdoVUFOYXY3cW9Cb0RQMy1WN2VPY19UVzE4UGRUU0dzeVBDS2NqMEdCSWZCVDNNMVhpZFUxd1hjaTE1OTBNUmp3bkpyeHZCSTRCYnFBUWM4T1hLcEw4c2lXaTJ5WmZWaG5EQXFLNnFrV2dLMDRUcEZZdElDWklWR1RWR2llZkNpSUlUTWtBeEg0QUcxU016NHUzV0swVElJMEdXOGR5Umc?oc=5\" target=\"_blank\" rel=\"nofollow noopener\">Person siktet etter at beboer i 90-\u00e5rene d\u00f8de ved institusjon i Agder, melder Agderposten<\/a>&nbsp;&nbsp;Radio Haugaland<\/li>\n<\/ol>\n","protected":false},"excerpt":{"rendered":"Agderposten: Person siktet etter at beboer i 90-\u00e5rene d\u00f8de ved institusjon&nbsp;&nbsp;TV2.no Siktet for vold etter d\u00f8dsfall p\u00e5 institusjon&nbsp;&nbsp;agderposten.no&hellip;\n","protected":false},"author":2,"featured_media":7490,"comment_status":"","ping_status":"","sticky":false,"template":"","format":"standard","meta":{"footnotes":""},"categories":[10],"tags":[20,21,24,25,15,22,23,13,30,28,29,14,16,26,27],"class_list":{"0":"post-101519","1":"post","2":"type-post","3":"status-publish","4":"format-standard","5":"has-post-thumbnail","7":"category-norge","8":"tag-breaking-news","9":"tag-breakingnews","10":"tag-featured-news","11":"tag-featurednews","12":"tag-headlines","13":"tag-latest-news","14":"tag-latestnews","15":"tag-news","16":"tag-no","17":"tag-norge","18":"tag-norway","19":"tag-nyheter","20":"tag-overskrifter","21":"tag-top-stories","22":"tag-topstories"},"share_on_mastodon":{"url":"https:\/\/pubeurope.com\/@no\/115645046106042545","error":""},"_links":{"self":[{"href":"https:\/\/www.europesays.com\/no\/wp-json\/wp\/v2\/posts\/101519","targetHints":{"allow":["GET"]}}],"collection":[{"href":"https:\/\/www.europesays.com\/no\/wp-json\/wp\/v2\/posts"}],"about":[{"href":"https:\/\/www.europesays.com\/no\/wp-json\/wp\/v2\/types\/post"}],"author":[{"embeddable":true,"href":"https:\/\/www.europesays.com\/no\/wp-json\/wp\/v2\/users\/2"}],"replies":[{"embeddable":true,"href":"https:\/\/www.europesays.com\/no\/wp-json\/wp\/v2\/comments?post=101519"}],"version-history":[{"count":0,"href":"https:\/\/www.europesays.com\/no\/wp-json\/wp\/v2\/posts\/101519\/revisions"}],"wp:featuredmedia":[{"embeddable":true,"href":"https:\/\/www.europesays.com\/no\/wp-json\/wp\/v2\/media\/7490"}],"wp:attachment":[{"href":"https:\/\/www.europesays.com\/no\/wp-json\/wp\/v2\/media?parent=101519"}],"wp:term":[{"taxonomy":"category","embeddable":true,"href":"https:\/\/www.europesays.com\/no\/wp-json\/wp\/v2\/categories?post=101519"},{"taxonomy":"post_tag","embeddable":true,"href":"https:\/\/www.europesays.com\/no\/wp-json\/wp\/v2\/tags?post=101519"}],"curies":[{"name":"wp","href":"https:\/\/api.w.org\/{rel}","templated":true}]}}