{"id":101524,"date":"2025-12-01T15:37:11","date_gmt":"2025-12-01T15:37:11","guid":{"rendered":"https:\/\/www.europesays.com\/no\/101524\/"},"modified":"2025-12-01T15:37:11","modified_gmt":"2025-12-01T15:37:11","slug":"fremstiller-hiphop-pa-en-mate-som-skaper-ubehag","status":"publish","type":"post","link":"https:\/\/www.europesays.com\/no\/101524\/","title":{"rendered":"\u2013 Fremstiller hiphop p\u00e5 en m\u00e5te som skaper ubehag"},"content":{"rendered":"\n<p class=\"_lead_o9xde_2 _lead_xtcu6_50 layout-component text-serif-m layout-normal text-serif-l layout-component layout-wide layout-padded _wide_17hqh_1 layout-padded\">Danserne mener programmet fremstiller hiphop- og street\u00addans\u00adkulturen p\u00e5 en m\u00e5te som skaper ubehag og provokasjon. <\/p>\n<p><img alt=\"Naomi Fadlabi (19) og Jasmin Lindstr\u00f8m (20) st\u00e5r bak innlegget som retter kritikk mot den popul\u00e6re seersuksessen. Foto: Lydia Tefera \/ Chai Saeidi\" class=\"_image_qp4xg_65 layout-component layout-wide\" data-fullscreen- data-track-element-type=\"Article image fullscreen\" data-track-name=\"ImageFullscreen\" fetchpriority=\"high\" decoding=\"sync\" loading=\"eager\" height=\"1668\" itemprop=\"image\"  src=\"https:\/\/www.europesays.com\/no\/wp-content\/uploads\/2025\/12\/23f7fc7f-b2ee-4d6b-a165-714875a32002\"  style=\"object-position:0% 0%\" width=\"2500\"\/>Naomi Fadlabi (19) og Jasmin Lindstr\u00f8m (20) st\u00e5r bak innlegget som retter kritikk mot den popul\u00e6re seersuksessen. Foto: Lydia Tefera \/ Chai Saeidi<\/p>\n<ul aria-hidden=\"true\" class=\"_images_1uft6_111\">\n<li><a class=\"_link_1uft6_116\" href=\"https:\/\/www.vg.no\/forfatter\/even-naevdal\" style=\"z-index:2\" title=\"Even N\u00e6vdal\" rel=\"nofollow noopener\" target=\"_blank\"><img alt=\"Bilde av Even N\u00e6vdal\" class=\"_image_1uft6_93\" fetchpriority=\"low\" loading=\"lazy\" decoding=\"async\" itemprop=\"image\"  src=\"https:\/\/www.europesays.com\/no\/wp-content\/uploads\/2025\/12\/0bed5690-ec08-4f1e-be15-59bdb669879f\"  width=\"480\"\/><\/a><\/li>\n<li><a class=\"_link_1uft6_116\" href=\"https:\/\/www.vg.no\/forfatter\/hannah-solstad-klepp\" style=\"z-index:1\" title=\"Hannah Solstad Klepp\" rel=\"nofollow noopener\" target=\"_blank\"><img alt=\"Bilde av Hannah Solstad Klepp\" class=\"_image_1uft6_93\" fetchpriority=\"low\" loading=\"lazy\" decoding=\"async\" itemprop=\"image\"  src=\"https:\/\/www.europesays.com\/no\/wp-content\/uploads\/2025\/12\/1764603429_140_f811f9c1-64f7-4c50-9133-b5735831a650\"  width=\"480\"\/><\/a><\/li>\n<\/ul>\n<p> Oppdatert mandag 1. desember kl. 16:07     <\/p>\n<p class=\"_paragraph_o9xde_4 _paragraph_xtcu6_10 layout-component text-serif-m layout-normal text-serif-m layout-padded\">Denne helgen gikk frustrasjonen i det norske danse\u00admilj\u00f8et fra interne samtaler til offentlig oppgj\u00f8r. <\/p>\n<p class=\"_paragraph_o9xde_4 _paragraph_xtcu6_10 layout-component text-serif-m layout-normal text-serif-m layout-padded\">L\u00f8rdag publiserte Jasmin Lindstr\u00f8m og Naomi Fadlabi et omfattende <a href=\"https:\/\/www.instagram.com\/p\/DRpdxIvCClj\/?img_index=1\" class=\"_link_o9xde_39\" rel=\"nofollow noopener\" target=\"_blank\">innlegg p\u00e5 Instagram<\/a>, der de retter hard kritikk mot \u00abSkal vi danse\u00bb og TV 2s fremstilling av hiphop- og streetdanskulturen.<\/p>\n<p class=\"_paragraph_o9xde_4 _paragraph_xtcu6_10 layout-component text-serif-m layout-normal text-serif-m layout-padded\">De er begge en del av det lille hiphop- og streetdansmilj\u00f8et i Oslo.<\/p>\n<p class=\"_paragraph_o9xde_4 _paragraph_xtcu6_10 layout-component text-serif-m layout-normal text-serif-m layout-padded\"><strong class=\"_strong_o9xde_25\">\u2013 \u00abSkal vi danse\u00bb fremstiller hiphop og streetdance p\u00e5 en m\u00e5te som skaper ubehag og provokasjon, fordi representasjonen er s\u00e5 ukorrekt at den bagatelliserer en levende kultur og et helt fagfelt.<\/strong><\/p>\n<p class=\"_paragraph_o9xde_4 _paragraph_xtcu6_10 layout-component text-serif-m layout-normal text-serif-m layout-padded\">Slik innleder Lindstr\u00f8m og Fadlabi Instagram-innlegget sitt, som best\u00e5r av ni bilder med tekst.<\/p>\n<p><img alt=\"Viggo Venn og Rikke Lund danser \u00abcommercial street\u00bb i en tidligere sending av \u00abSkal vi danse\u00bb \u2013 en stilart som n\u00e5 er blant det dansemilj\u00f8et reagerer p\u00e5.  Foto: Thomas Andersen \/ TV 2 \/ TV 2 \/ NTB\" class=\"_image_qp4xg_65 layout-component layout-normal\" data-fullscreen- data-track-element-type=\"Article image fullscreen\" data-track-name=\"ImageFullscreen\" decoding=\"async\" loading=\"lazy\" height=\"3000\" itemprop=\"image\"  src=\"https:\/\/www.europesays.com\/no\/wp-content\/uploads\/2025\/12\/e5bef3d7-f375-48f2-82f2-0ff4c2eb2d04\"  style=\"object-position:0% 0%\" width=\"4500\"\/>Viggo Venn og Rikke Lund danser \u00abcommercial street\u00bb i en tidligere sending av \u00abSkal vi danse\u00bb \u2013 en stilart som n\u00e5 er blant det dansemilj\u00f8et reagerer p\u00e5.  Foto: Thomas Andersen \/ TV 2 \/ TV 2 \/ NTB<\/p>\n<p class=\"_paragraph_o9xde_4 _paragraph_xtcu6_10 layout-component text-serif-m layout-normal text-serif-m layout-padded\">Hun og Lindstr\u00f8m reagerer s\u00e6rlig p\u00e5 at TV 2 bruker elementer fra hiphop uten \u00e5 involvere milj\u00f8et som faktisk f\u00f8lger og videref\u00f8rer kulturen.<\/p>\n<p class=\"_paragraph_o9xde_4 _paragraph_xtcu6_10 layout-component text-serif-m layout-normal text-serif-m layout-padded\">De reagerer ogs\u00e5 p\u00e5 begrepsbruken i programmet.<\/p>\n<p class=\"_paragraph_o9xde_4 _paragraph_xtcu6_10 layout-component text-serif-m layout-normal text-serif-m layout-padded\">\u2013 \u00c5 bruke \u00abcommercial street\u00bb og kalle det hiphop p\u00e5 TV er helt feil. \u00abCommercial street\u00bb er ikke en stil, og musikken de danser til passer heller ikke, forklarer hun.<\/p>\n<p class=\"_paragraph_o9xde_4 _paragraph_xtcu6_10 layout-component text-serif-m layout-normal text-serif-m layout-padded\">Samtidig hevder de at ingen av dommerne har s\u00e6rlig kompetanse innenfor hiphop-feltet.<\/p>\n<p class=\"_paragraph_o9xde_4 _paragraph_xtcu6_10 layout-component text-serif-m layout-normal text-serif-m layout-padded\"><strong class=\"_strong_o9xde_25\">Se hva TV 2 svarer lenger ned i saken.<\/strong><\/p>\n<p class=\"_paragraph_o9xde_4 _paragraph_xtcu6_10 layout-component text-serif-m layout-normal text-serif-m layout-padded\">Innlegget har spredt seg raskt i milj\u00f8et og f\u00e5tt stor st\u00f8tte. Flere dansere har skrevet i kommentarfeltet at de kjenner seg igjen i opplevelsen av at programmet behandler ulike stiler med begrenset faglig forst\u00e5else og respekt.<\/p>\n<p class=\"_paragraph_o9xde_4 _paragraph_xtcu6_10 layout-component text-serif-m layout-normal text-serif-m layout-padded\">Proffdanseren Kevin Haugan er blant dem som kjenner seg igjen i kritikken.<\/p>\n<p class=\"_paragraph_o9xde_4 _paragraph_xtcu6_10 layout-component text-serif-m layout-normal text-serif-m layout-padded\">\u2013 Jeg synes det er fint at noen t\u00f8r \u00e5 komme med en tydelig mening. Jeg har jo tenkt mitt ogs\u00e5 som danser, sier han om innlegget.<\/p>\n<p><img alt=\"Kevin Haugan har jobbet profesjonelt med dans og underholdning siden han var ung.  Foto: Gisle Oddstad \/ VG\" class=\"_image_qp4xg_65 layout-component layout-normal\" data-fullscreen- data-track-element-type=\"Article image fullscreen\" data-track-name=\"ImageFullscreen\" decoding=\"async\" loading=\"lazy\" height=\"2077\" itemprop=\"image\"  src=\"https:\/\/www.europesays.com\/no\/wp-content\/uploads\/2025\/12\/1b84b8e8-35a4-4f27-910c-3bcc79cff881\"  style=\"object-position:0% 0%\" width=\"3693\"\/>Kevin Haugan har jobbet profesjonelt med dans og underholdning siden han var ung.  Foto: Gisle Oddstad \/ VG<\/p>\n<p class=\"_paragraph_o9xde_4 _paragraph_xtcu6_10 layout-component text-serif-m layout-normal text-serif-m layout-padded\">Haugan understreker at han er glad for at dans f\u00e5r stor plass p\u00e5 TV, men mener \u00abSkal vi danse\u00bb har et ansvar for \u00e5 v\u00e6re presise n\u00e5r de presenterer ulike sjangre.<\/p>\n<p class=\"_paragraph_o9xde_4 _paragraph_xtcu6_10 layout-component text-serif-m layout-normal text-serif-m layout-padded\">\u2013 Det jeg reagerer p\u00e5, er n\u00e5r de sier \u00abn\u00e5 kommer de med sin hiphop\u00bb eller \u00abn\u00e5 kommer de med sin cha-cha\u00bb, og s\u00e5 er det ikke den stilen i det hele tatt. Skal man kalle det en cha-cha, s\u00e5 m\u00e5 det v\u00e6re en ren cha-cha, sier han.<\/p>\n<p class=\"_paragraph_o9xde_4 _paragraph_xtcu6_10 layout-component text-serif-m layout-normal text-serif-m layout-padded\">Han presiserer ogs\u00e5 at de stilene han nevner kun er eksempler, og at problematikken egentlig gjelder nesten alle stilene som presenteres i programmet.<\/p>\n<p class=\"_paragraph_o9xde_4 _paragraph_xtcu6_10 layout-component text-serif-m layout-normal text-serif-m layout-padded\">Programmet m\u00e5 skille mellom rene stilarter og dans som kun l\u00e5ner uttrykk fra dem, if\u00f8lge Haugan.<\/p>\n<p class=\"_paragraph_o9xde_4 _paragraph_xtcu6_10 layout-component text-serif-m layout-normal text-serif-m layout-padded\"><strong class=\"_strong_o9xde_25\">VG har presentert kritikken for TV 2. <\/strong><\/p>\n<p class=\"_paragraph_o9xde_4 _paragraph_xtcu6_10 layout-component text-serif-m layout-normal text-serif-m layout-padded\">Pressesjef Jan-Petter Dahl skriver blant annet at koreografiene og dansestilene tilpasses TV-formatet.<\/p>\n<p class=\"_paragraph_o9xde_4 _paragraph_xtcu6_10 layout-component text-serif-m layout-normal text-serif-m layout-padded\">\u2013 Vi setter stor pris p\u00e5 alle engasjerte seere og de verdifulle tilbakemeldingene vi f\u00e5r p\u00e5 \u00e5rets sesong av \u00abSkal vi danse\u00bb. Programmet har som ambisjon \u00e5 presentere et bredt spekter av dansesjangre for et stort publikum, og vi tester stadig ut nye sjangre for \u00e5 berike programmet og utfordre deltagerne, skriver han i en e-post til VG.<\/p>\n<p><img decoding=\"async\" alt=\"Bilde av Jan-Petter Dahl\" class=\"_image_ygndg_42\" height=\"27\" itemprop=\"image\" loading=\"lazy\"  src=\"https:\/\/www.europesays.com\/no\/wp-content\/uploads\/2025\/12\/1c39a9c2-de2c-4284-8126-740c4665729c\"  width=\"40\"\/><strong class=\"_name_ygndg_51 title-serif-xs\">Jan-Petter Dahl<\/strong><\/p>\n<p class=\"_paragraph_o9xde_4 text-sans-m _description_ygndg_56\">Pressesjef, TV 2<\/p>\n<p class=\"_paragraph_o9xde_4 _paragraph_xtcu6_10 layout-component text-serif-m layout-normal text-serif-m layout-padded\">Han understreker at \u00abSkal vi danse\u00bb er et underholdningsprogram, der kjendiser p\u00e5 kort tid skal l\u00e6re seg nye danser og vise dem frem for TV-seerne. <\/p>\n<p class=\"_paragraph_o9xde_4 _paragraph_xtcu6_10 layout-component text-serif-m layout-normal text-serif-m layout-padded\">\u2013 Koreografier og dansestiler tilpasses derfor TV-formatet, deltagernes niv\u00e5 og kveldens tema, og vil ikke alltid gjenspeile hver sjanger fullt ut slik de utf\u00f8res i konkurranse- eller fagmilj\u00f8ene.<\/p>\n<p class=\"_paragraph_o9xde_4 _paragraph_xtcu6_10 layout-component text-serif-m layout-normal text-serif-m layout-padded\">N\u00e5r det gjelder kritikken rettet mot dommerne, skriver han f\u00f8lgende:<\/p>\n<p class=\"_paragraph_o9xde_4 _paragraph_xtcu6_10 layout-component text-serif-m layout-normal text-serif-m layout-padded\">\u2013 V\u00e5rt dommerpanel har alle ulik bakgrunn og ekspertise innen dans og showbusiness. Der noen dommere har en sterk bakgrunn fra tradisjonell danseteknikk, fokuserer andre mer p\u00e5 utstr\u00e5ling og innlevelse. M\u00e5let er \u00e5 levere et underholdende program, der dansekunsten st\u00e5r i fokus.<\/p>\n<p>    <script async src=\"\/\/www.instagram.com\/embed.js\"><\/script><\/p>\n","protected":false},"excerpt":{"rendered":"Danserne mener programmet fremstiller hiphop- og street\u00addans\u00adkulturen p\u00e5 en m\u00e5te som skaper ubehag og provokasjon. Naomi Fadlabi (19)&hellip;\n","protected":false},"author":2,"featured_media":101525,"comment_status":"","ping_status":"","sticky":false,"template":"","format":"standard","meta":{"footnotes":""},"categories":[58],"tags":[71,4883,1857,30,28,29,2177,2280,72],"class_list":{"0":"post-101524","1":"post","2":"type-post","3":"status-publish","4":"format-standard","5":"has-post-thumbnail","7":"category-underholdning","8":"tag-entertainment","9":"tag-instagram","10":"tag-kritikk","11":"tag-no","12":"tag-norge","13":"tag-norway","14":"tag-reality-tv","15":"tag-skal-vi-danse","16":"tag-underholdning"},"share_on_mastodon":{"url":"https:\/\/pubeurope.com\/@no\/115645058054469438","error":""},"_links":{"self":[{"href":"https:\/\/www.europesays.com\/no\/wp-json\/wp\/v2\/posts\/101524","targetHints":{"allow":["GET"]}}],"collection":[{"href":"https:\/\/www.europesays.com\/no\/wp-json\/wp\/v2\/posts"}],"about":[{"href":"https:\/\/www.europesays.com\/no\/wp-json\/wp\/v2\/types\/post"}],"author":[{"embeddable":true,"href":"https:\/\/www.europesays.com\/no\/wp-json\/wp\/v2\/users\/2"}],"replies":[{"embeddable":true,"href":"https:\/\/www.europesays.com\/no\/wp-json\/wp\/v2\/comments?post=101524"}],"version-history":[{"count":0,"href":"https:\/\/www.europesays.com\/no\/wp-json\/wp\/v2\/posts\/101524\/revisions"}],"wp:featuredmedia":[{"embeddable":true,"href":"https:\/\/www.europesays.com\/no\/wp-json\/wp\/v2\/media\/101525"}],"wp:attachment":[{"href":"https:\/\/www.europesays.com\/no\/wp-json\/wp\/v2\/media?parent=101524"}],"wp:term":[{"taxonomy":"category","embeddable":true,"href":"https:\/\/www.europesays.com\/no\/wp-json\/wp\/v2\/categories?post=101524"},{"taxonomy":"post_tag","embeddable":true,"href":"https:\/\/www.europesays.com\/no\/wp-json\/wp\/v2\/tags?post=101524"}],"curies":[{"name":"wp","href":"https:\/\/api.w.org\/{rel}","templated":true}]}}