{"id":101542,"date":"2025-12-01T15:54:13","date_gmt":"2025-12-01T15:54:13","guid":{"rendered":"https:\/\/www.europesays.com\/no\/101542\/"},"modified":"2025-12-01T15:54:13","modified_gmt":"2025-12-01T15:54:13","slug":"markedsforing-salg-black-friday-toys-og-humbug","status":"publish","type":"post","link":"https:\/\/www.europesays.com\/no\/101542\/","title":{"rendered":"Markedsf\u00f8ring, Salg | Black Friday, t\u00f8ys og humbug!"},"content":{"rendered":"\n<p><b>Kona og jeg<\/b> hadde \u00e6rend i Troms\u00f8, og siden vi var i n\u00e6rheten av Jekta Storsenter, bestemte vi oss for \u00e5 ta turen innom kj\u00f8pesenteret for \u00e5 sjekke ut hvorvidt vi kunne spare noen kroner p\u00e5 \u00abBlack Friday\u00bb. Dette er varehandelens lokkedue nummer en for vanlige folks konti n\u00e5r vi n\u00e6rmer oss julegavekj\u00f8p til kreti og pleti.<\/p>\n<p><b>Vi bes\u00f8kte<\/b> et titalls butikker, men opplevde at de lovende plakatene med sort skrift p\u00e5 gul bakgrunn utenfor alle inngangspartiene ikke stemte med v\u00e5r forventning til Black Friday. Det var da vi ble oppmerksomme p\u00e5 setningen med sm\u00e5 skrift under 20%, 25%, 40%, 70% rabatt der det stod \u00abgjelder ved kj\u00f8p av 2 eller flere varer\u00bb.<\/p>\n<p><b>Vi var f\u00f8rst<\/b> innom ei sportssjappe for \u00e5 se om jeg kunne f\u00e5 kj\u00f8pt ei boblejakke p\u00e5 Black Friday. Den kostet et sted mellom 4000 \u2013 8000 kroner, og vi kunne f\u00e5 20% rabatt dersom vi kj\u00f8pte minst to jakker.<\/p>\n<p><b>Litt klokere<\/b> p\u00e5 rabattsystemet dro vi innom en lekebutikk som annonserte med 25% \u2013 40% p\u00e5 alt av Lego. Da vi kom til kassen, var de tre utvalgte pakkene ikke del av butikkens Black Friday tilbud, og jeg m\u00e5tte ut med 1200 kroner.<\/p>\n<p><b>I en tredje<\/b> butikk handlet vi kl\u00e6r til barn og barnebarn, men der kunne vi ikke f\u00e5 den lovede rabatten dersom ikke kona eller jeg registrerte oss som medlem av butikkjeden. Og da vet vi hva som skjer! Opplysningene om kj\u00f8per (en av oss!) havner i en database som selger disse videre til andre kjeder som oversv\u00f8mmer oss med tilbud (mail, sms, sosiale media) p\u00e5 varer som er tilpasset alder, kj\u00f8nn og yrke.<\/p>\n<p><b>Jeg tror<\/b> at Ola og Kari Nordmann m\u00e5 bli bedre p\u00e5 \u00e5 avsl\u00f8re prismanipulering, lokketilbud og butikkenes kyniske \u00f8nske om \u00f8kt salgsvolum.<\/p>\n<p><b>Noen varer<\/b> blir satt opp i pris like f\u00f8r Black Friday, og da virker prisene p\u00e5 Black Friday forlokkende, &#8211; humbug! Noen butikker blander varene p\u00e5 Black Friday med varer som har ordin\u00e6r pris, &#8211; humbug! Og s\u00e5 f\u00e5r du ikke kj\u00f8pe varen dersom du ikke kj\u00f8per flere enheter, &#8211; humbug! Og s\u00e5 m\u00e5 du registrere deg som medlem av butikkjeden med navn, telefonnummer og mailadresse for \u00e5 den lovende rabatten, &#8211; humbug!<\/p>\n<p><b>P\u00e5 tur <\/b>gjennom kj\u00f8pesenteret m\u00f8tte vi p\u00e5 foreldre\/svigerforeldre som hadde opplevd det samme, &#8211; og vi var skj\u00f8nt enige om at dette Black Friday konseptet bare er t\u00f8ys og humbug. Butikkene lurer oss, og tjener grovt p\u00e5 volum!<\/p>\n","protected":false},"excerpt":{"rendered":"Kona og jeg hadde \u00e6rend i Troms\u00f8, og siden vi var i n\u00e6rheten av Jekta Storsenter, bestemte vi&hellip;\n","protected":false},"author":2,"featured_media":101543,"comment_status":"","ping_status":"","sticky":false,"template":"","format":"standard","meta":{"footnotes":""},"categories":[5],"tags":[36,10785,9736,20,21,24,25,12878,15,19,7852,22,23,17,18,4263,13,30,28,29,14,1533,16,10930,26,27],"class_list":{"0":"post-101542","1":"post","2":"type-post","3":"status-publish","4":"format-standard","5":"has-post-thumbnail","7":"category-overskrifter","8":"tag-art","9":"tag-black-friday","10":"tag-black-week","11":"tag-breaking-news","12":"tag-breakingnews","13":"tag-featured-news","14":"tag-featurednews","15":"tag-handelsstanden","16":"tag-headlines","17":"tag-hovedoppslag","18":"tag-julehandel","19":"tag-latest-news","20":"tag-latestnews","21":"tag-main-news","22":"tag-mainnews","23":"tag-markedsforing","24":"tag-news","25":"tag-no","26":"tag-norge","27":"tag-norway","28":"tag-nyheter","29":"tag-opinion","30":"tag-overskrifter","31":"tag-salg","32":"tag-top-stories","33":"tag-topstories"},"share_on_mastodon":{"url":"https:\/\/pubeurope.com\/@no\/115645124739881108","error":""},"_links":{"self":[{"href":"https:\/\/www.europesays.com\/no\/wp-json\/wp\/v2\/posts\/101542","targetHints":{"allow":["GET"]}}],"collection":[{"href":"https:\/\/www.europesays.com\/no\/wp-json\/wp\/v2\/posts"}],"about":[{"href":"https:\/\/www.europesays.com\/no\/wp-json\/wp\/v2\/types\/post"}],"author":[{"embeddable":true,"href":"https:\/\/www.europesays.com\/no\/wp-json\/wp\/v2\/users\/2"}],"replies":[{"embeddable":true,"href":"https:\/\/www.europesays.com\/no\/wp-json\/wp\/v2\/comments?post=101542"}],"version-history":[{"count":0,"href":"https:\/\/www.europesays.com\/no\/wp-json\/wp\/v2\/posts\/101542\/revisions"}],"wp:featuredmedia":[{"embeddable":true,"href":"https:\/\/www.europesays.com\/no\/wp-json\/wp\/v2\/media\/101543"}],"wp:attachment":[{"href":"https:\/\/www.europesays.com\/no\/wp-json\/wp\/v2\/media?parent=101542"}],"wp:term":[{"taxonomy":"category","embeddable":true,"href":"https:\/\/www.europesays.com\/no\/wp-json\/wp\/v2\/categories?post=101542"},{"taxonomy":"post_tag","embeddable":true,"href":"https:\/\/www.europesays.com\/no\/wp-json\/wp\/v2\/tags?post=101542"}],"curies":[{"name":"wp","href":"https:\/\/api.w.org\/{rel}","templated":true}]}}