{"id":101546,"date":"2025-12-01T16:02:25","date_gmt":"2025-12-01T16:02:25","guid":{"rendered":"https:\/\/www.europesays.com\/no\/101546\/"},"modified":"2025-12-01T16:02:25","modified_gmt":"2025-12-01T16:02:25","slug":"citis-beste-aksjetips-for-2026-anbefaler-short-pa-norsk-gigant","status":"publish","type":"post","link":"https:\/\/www.europesays.com\/no\/101546\/","title":{"rendered":"Citis beste aksjetips for 2026: Anbefaler short p\u00e5 norsk gigant"},"content":{"rendered":"<p>Citi tror oljeprisene i 2026 vil ligge \u00abnoen f\u00e5 dollar\u00bb lavere enn i 2025, men ikke betydelig lavere. Overskudd i markedet vil materialisere seg n\u00e5 i vinter og f\u00f8re til \u00f8kte oljelagre og nedadg\u00e5ende press p\u00e5 prisene, if\u00f8lge analytiker Alastair R. Syme.<\/p>\n<p>N\u00e5r det gjelder gasspriser, er det \u00abbetydelig nedsiderisiko i 2026\u00bb, til tross for at europeiske (TTF) og asiatiske (JKM) gasspriser er ned rundt 30 prosent hittil i 2025. Nedsiderisikoen skyldes en massiv b\u00f8lge av LNG-tilbud, hovedsakelig fra USA. Citi ser muligheten for at gasspriser kan ende 30\u201350 prosent under hva forward-kurver tilsier.<\/p>\n<p>En mulig l\u00f8sning i Russland\u2013Ukraina-konflikten vil if\u00f8lge Citi kunne f\u00e5 Russland re-integrert i det globale energisystemet, noe som ogs\u00e5 vil presse gassprisene videre ned. Raffineringsmarginer vil imidlertid bli hardest rammet som f\u00f8lge av en fredsavtale, tror storbanken.<\/p>\n<p class=\"subhead\" data-element-type=\"subhead\" data-element-label=\"Mellomtittel\">Aksjeideer<\/p>\n<p>For 2026 anbefaler Citi \u00e5 kj\u00f8pe britiske BP og ConocoPhillips, samt \u00e5 shorte Equinor og Neste.<\/p>\n<p>Equinor omtales som et veddem\u00e5l p\u00e5 fallende gasspriser, hvor Citi som nevnt er pessimistiske.<\/p>\n<p>\u00abKonsensus fra Visible Alpha bruker en gasspris p\u00e5 10,4 dollar pr. MMBtu i 2026 og 8,6 dollar pr. MMBtu i 2027. Begge disse er h\u00f8yere enn 5\u20138 dollar MMBtu-omr\u00e5det vi forventer at prisene vil bevege seg mot,\u00bb skriver Citi.<\/p>\n<p><b>Videre stiller storbanken sp\u00f8rsm\u00e5l ved Equinors langsiktige portef\u00f8lje. Citi tror selskapet enten m\u00e5 akseptere at det vil krympe i takt med fallende produksjon p\u00e5 sokkelen, eller ekspandere i nye bransjer, som kraft.<\/b><\/p>\n<p>\u00abVi forventer at Norge som helhet vil produsere bare halvparten s\u00e5 mye olje og gass i 2040 som i dag,\u00bb skriver Syme.<\/p>\n<p>\u00abDette er et selskap som enten m\u00e5 akseptere krymping og verdsettes deretter, eller fors\u00f8ke \u00e5 omstille virksomheten. Vi tror omstillingen sannsynligvis vil g\u00e5 i retning av kraftproduksjon. (&#8230;) Europeisk energi er i endring, og for at Equinor skal navigere i denne endringen, m\u00e5 selskapet gradvis skifte fra \u00e5 selge engrosprodukter (gass) gjennom r\u00f8rledninger til \u00e5 konkurrere i fragmenterte, lokale kraftmarkeder, der eksisterende akt\u00f8rer er sterke. Dette er en omstilling som, selv om den er n\u00f8dvendig, vi tror vil slite med \u00e5 bli godt mottatt<b>\u00a0<\/b>hos investorene p\u00e5 kort sikt,\u00bb heter det videre.<\/p>\n","protected":false},"excerpt":{"rendered":"Citi tror oljeprisene i 2026 vil ligge \u00abnoen f\u00e5 dollar\u00bb lavere enn i 2025, men ikke betydelig lavere.&hellip;\n","protected":false},"author":2,"featured_media":101547,"comment_status":"","ping_status":"","sticky":false,"template":"","format":"standard","meta":{"footnotes":""},"categories":[56],"tags":[60,61,62,30,28,29],"class_list":{"0":"post-101546","1":"post","2":"type-post","3":"status-publish","4":"format-standard","5":"has-post-thumbnail","7":"category-naeringsliv","8":"tag-business","9":"tag-economy","10":"tag-naeringsliv","11":"tag-no","12":"tag-norge","13":"tag-norway"},"share_on_mastodon":{"url":"https:\/\/pubeurope.com\/@no\/115645156098104808","error":""},"_links":{"self":[{"href":"https:\/\/www.europesays.com\/no\/wp-json\/wp\/v2\/posts\/101546","targetHints":{"allow":["GET"]}}],"collection":[{"href":"https:\/\/www.europesays.com\/no\/wp-json\/wp\/v2\/posts"}],"about":[{"href":"https:\/\/www.europesays.com\/no\/wp-json\/wp\/v2\/types\/post"}],"author":[{"embeddable":true,"href":"https:\/\/www.europesays.com\/no\/wp-json\/wp\/v2\/users\/2"}],"replies":[{"embeddable":true,"href":"https:\/\/www.europesays.com\/no\/wp-json\/wp\/v2\/comments?post=101546"}],"version-history":[{"count":0,"href":"https:\/\/www.europesays.com\/no\/wp-json\/wp\/v2\/posts\/101546\/revisions"}],"wp:featuredmedia":[{"embeddable":true,"href":"https:\/\/www.europesays.com\/no\/wp-json\/wp\/v2\/media\/101547"}],"wp:attachment":[{"href":"https:\/\/www.europesays.com\/no\/wp-json\/wp\/v2\/media?parent=101546"}],"wp:term":[{"taxonomy":"category","embeddable":true,"href":"https:\/\/www.europesays.com\/no\/wp-json\/wp\/v2\/categories?post=101546"},{"taxonomy":"post_tag","embeddable":true,"href":"https:\/\/www.europesays.com\/no\/wp-json\/wp\/v2\/tags?post=101546"}],"curies":[{"name":"wp","href":"https:\/\/api.w.org\/{rel}","templated":true}]}}