{"id":101550,"date":"2025-12-01T16:06:18","date_gmt":"2025-12-01T16:06:18","guid":{"rendered":"https:\/\/www.europesays.com\/no\/101550\/"},"modified":"2025-12-01T16:06:18","modified_gmt":"2025-12-01T16:06:18","slug":"torbjorn-tornqvist-slutter-og-selger-alt-i-gunvor","status":"publish","type":"post","link":"https:\/\/www.europesays.com\/no\/101550\/","title":{"rendered":"Torbj\u00f6rn T\u00f6rnqvist slutter og selger alt i Gunvor"},"content":{"rendered":"<p>Den svenske milliard\u00e6ren Torbj\u00f6rn T\u00f6rnqvist slutter som konsernsjef og selger seg helt ut av energitraderen Gunvor Group, skriver selskapet i en <a href=\"https:\/\/gunvorgroup.com\/news\/management-buy-out\/\" target=\"_blank\" rel=\"nofollow noopener\">pressemelding <\/a> gjengitt av <a href=\"https:\/\/www.ft.com\/content\/3df31b92-006a-44f9-9990-51767b846f75\" target=\"_blank\" rel=\"nofollow noopener\">Financial Times<\/a>.\u00a0<\/p>\n<p>T\u00f6rnqvist og s\u00f8nnen trer ogs\u00e5 ut av styret.<\/p>\n<p>Exiten kommer dr\u00f8yt tre uker etter at USA <a href=\"https:\/\/www.finansavisen.no\/energi\/2025\/11\/07\/8305629\/raser-mot-svensk-oljemilliardaer-kremls-dukke\" target=\"_blank\" rel=\"nofollow noopener\">beskrev Gunvor som\u00a0\u00abKremls nikkedukke\u00bb <\/a>, og blokkerte avtalen om deres <a href=\"https:\/\/www.finansavisen.no\/energi\/2025\/10\/30\/8303579\/lukoil-selger-sin-internasjonale-portefolje-til-gunvor\" target=\"_blank\" rel=\"nofollow noopener\">kj\u00f8p av det sanksjonerte russiske oljeselskapet Lukoils internasjonale portef\u00f8lje<\/a> for 22 milliarder dollar.<\/p>\n<p class=\"subhead\" data-element-type=\"subhead\" data-element-label=\"Mellomtittel\">Putin-alliert partner<\/p>\n<p>T\u00f6rnqvist selger sin eierandel p\u00e5 86 prosent i Gunvor til en gruppe av 60 ledende ansatte, og yter et ti\u00e5rig l\u00e5n for \u00e5 bidra til finansieringen av oppkj\u00f8pet. Med l\u00e5net f\u00f8lger if\u00f8lge avisen en fastrente som vil bli betalt ut \u00e5rlig til en stiftelse eid av den svenske 72-\u00e5ringens familie\u00a0\u00abi opptil ti \u00e5r.\u00bb<\/p>\n<p>Gunvors konserndirekt\u00f8r for Nord- og S\u00f8r-Amerika,\u00a0Gary Pedersen, fronter oppkj\u00f8pet og blir ny toppsjef i selskapet som T\u00f6rnqvist startet sammen med Gennadij Timtsjenko \u2013 en av Russlands president Vladimir Putins allierte.<\/p>\n<p>Timchenko selv ble sanksjonert etter at Russland annekterte Krim i 2014.<\/p>\n<p class=\"subhead\" data-element-type=\"subhead\" data-element-label=\"Mellomtittel\">\u2013 Tiden er inne<\/p>\n<p><img decoding=\"async\" class=\"lazyload \" src=\"https:\/\/www.europesays.com\/no\/wp-content\/uploads\/2025\/12\/1764605178_225_pipe\"  data- alt=\"\"\/><\/p>\n<p>MEDGR\u00dcNDER: Gennadij Timtsjenko ble sanksjonert etter at Russland annekterte Krim i 2014. <strong>Foto: Bloomberg<\/strong><\/p>\n<p class=\"\">\u2013 Tiden er inne for dette skiftet. Et generasjonsskifte har v\u00e6rt godt p\u00e5 vei, og vi har den finansielle styrken, likviditeten og lederskapet til fortsatt \u00e5 fremme v\u00e5r globale vekststrategi, sier Pedersen i en kommentar.\u00a0<\/p>\n<p>\u2013 V\u00e5rt m\u00e5l er \u00e5 opprettholde v\u00e5r lederrolle som en p\u00e5litelig og konkurransedyktig akt\u00f8r i de globale energimarkedene, i dag og langt inn i fremtiden, fortsetter han.<\/p>\n<p>T\u00f6rnqvist kj\u00f8pte ut Timtsjenko i 2014, og har siden fors\u00f8kt \u00e5 distansere Gunvor fra Russland, blant annet ved \u00e5 stanse kj\u00f8p av russisk olje i kj\u00f8lvannet av Putins invasjon av Ukraina i 2022.\u00a0<\/p>\n<p>Gunvor hevder at en s\u00e5kalt \u00abmanagement buyout\u00bb har v\u00e6rt diskutert siden, men det amerikanske finansdepartementets \u00abnikkedukke-innlegg\u00bb p\u00e5 x bidro if\u00f8lge Financial Times til \u00e5 \u00f8ke presset fra l\u00e5ngivere og handelspartnere om \u00e5 avklare sp\u00f8rsm\u00e5l rundt Russland-forbindelsen.<\/p>\n<p class=\"subhead\" data-element-type=\"subhead\" data-element-label=\"Mellomtittel\">\u2013 En katastrofe<\/p>\n<p>\u2013 Det var en katastrofe. Han satte Gunvor i en farlig posisjon. Det er trolig derfor han n\u00e5 m\u00e5 g\u00e5 til dette sv\u00e6rt ekstreme skrittet, nemlig \u00e5 g\u00e5 av, sier\u00a0Lambert Commodities-gr\u00fcnder JF Lambert til avisen, og viser til T\u00f6rnqvists avgang.<\/p>\n<p>\u00abOppkj\u00f8pet har blitt fremskyndet p\u00e5 dette tidspunkt for \u00e5 gjennomf\u00f8re en klar reset, og stake ut kursen videre for et selskap der misoppfatninger om fortiden har blitt en umulig distraksjon\u00bb, heter det blant annet i pressemeldingen.<\/p>\n<p>Transaksjonen kunngjort p\u00e5 mandag vil \u00e5pne for at Gunvor kan fortsette \u00e5 utvide sin virksomhet i USA, der selskapet allerede har tilstedev\u00e6relse i Texas, Montana og Colorado.<\/p>\n<p>Gunvor har 2.000 ansatte, og omsatte for 136 milliarder dollar i fjor.<\/p>\n","protected":false},"excerpt":{"rendered":"Den svenske milliard\u00e6ren Torbj\u00f6rn T\u00f6rnqvist slutter som konsernsjef og selger seg helt ut av energitraderen Gunvor Group, skriver&hellip;\n","protected":false},"author":2,"featured_media":101551,"comment_status":"","ping_status":"","sticky":false,"template":"","format":"standard","meta":{"footnotes":""},"categories":[5],"tags":[20,21,24,25,15,19,22,23,17,18,13,30,28,29,14,16,26,27],"class_list":{"0":"post-101550","1":"post","2":"type-post","3":"status-publish","4":"format-standard","5":"has-post-thumbnail","7":"category-overskrifter","8":"tag-breaking-news","9":"tag-breakingnews","10":"tag-featured-news","11":"tag-featurednews","12":"tag-headlines","13":"tag-hovedoppslag","14":"tag-latest-news","15":"tag-latestnews","16":"tag-main-news","17":"tag-mainnews","18":"tag-news","19":"tag-no","20":"tag-norge","21":"tag-norway","22":"tag-nyheter","23":"tag-overskrifter","24":"tag-top-stories","25":"tag-topstories"},"share_on_mastodon":{"url":"https:\/\/pubeurope.com\/@no\/115645172160256477","error":""},"_links":{"self":[{"href":"https:\/\/www.europesays.com\/no\/wp-json\/wp\/v2\/posts\/101550","targetHints":{"allow":["GET"]}}],"collection":[{"href":"https:\/\/www.europesays.com\/no\/wp-json\/wp\/v2\/posts"}],"about":[{"href":"https:\/\/www.europesays.com\/no\/wp-json\/wp\/v2\/types\/post"}],"author":[{"embeddable":true,"href":"https:\/\/www.europesays.com\/no\/wp-json\/wp\/v2\/users\/2"}],"replies":[{"embeddable":true,"href":"https:\/\/www.europesays.com\/no\/wp-json\/wp\/v2\/comments?post=101550"}],"version-history":[{"count":0,"href":"https:\/\/www.europesays.com\/no\/wp-json\/wp\/v2\/posts\/101550\/revisions"}],"wp:featuredmedia":[{"embeddable":true,"href":"https:\/\/www.europesays.com\/no\/wp-json\/wp\/v2\/media\/101551"}],"wp:attachment":[{"href":"https:\/\/www.europesays.com\/no\/wp-json\/wp\/v2\/media?parent=101550"}],"wp:term":[{"taxonomy":"category","embeddable":true,"href":"https:\/\/www.europesays.com\/no\/wp-json\/wp\/v2\/categories?post=101550"},{"taxonomy":"post_tag","embeddable":true,"href":"https:\/\/www.europesays.com\/no\/wp-json\/wp\/v2\/tags?post=101550"}],"curies":[{"name":"wp","href":"https:\/\/api.w.org\/{rel}","templated":true}]}}