{"id":101556,"date":"2025-12-01T16:12:12","date_gmt":"2025-12-01T16:12:12","guid":{"rendered":"https:\/\/www.europesays.com\/no\/101556\/"},"modified":"2025-12-01T16:12:12","modified_gmt":"2025-12-01T16:12:12","slug":"sylvi-listaug-frp-frp-knuser-ap-pa-ny-maling-borgerlig-flertall","status":"publish","type":"post","link":"https:\/\/www.europesays.com\/no\/101556\/","title":{"rendered":"Sylvi Listaug, Frp | Frp knuser Ap p\u00e5 ny m\u00e5ling \u2013 borgerlig flertall"},"content":{"rendered":"\n<p>Sylvi Listhaugs parti f\u00e5r 25,6 prosent oppslutning p\u00e5 m\u00e5lingen fra Verian, skriver <a rel=\"noopener nofollow\" href=\"https:\/\/www.tv2.no\/nyheter\/innenriks\/na-er-listhaug-storst-igjen\/18337459\/\" target=\"_blank\">kanalen<\/a>. Frp g\u00e5r klart mest fram, mens Ap g\u00e5r mest tilbake.<\/p>\n<p>Dermed er styrkeforholdet mellom de to partiene tilbake der det var f\u00f8r Jens Stoltenbergs comeback som finansminister i februar. M\u00e5lingen er tatt opp fra mandag til og med fredag ettermiddag, f\u00f8r helgens budsjettfiasko p\u00e5 Stortinget.<\/p>\n<p>\u2013 Dette gir oss et sv\u00e6rt godt utgangspunkt for \u00e5 m\u00e5le effekten av den dramatikken som fortsetter \u00e5 utspille seg p\u00e5 Stortinget, sier TV 2s valganalytiker Terje S\u00f8rensen.<\/p>\n<p><b>Les ogs\u00e5: <a href=\"https:\/\/www.nettavisen.no\/nyheter\/mdg-er-anne-holt-a-ga-a-bryte-er-en-fiendtlig-handling\/s\/5-95-2757089\" rel=\"Follow nofollow noopener\" target=\"_blank\">MDG-er Anne Holt: \u2013 \u00c5 g\u00e5, \u00e5 bryte er en fiendtlig handling<\/a><\/b><\/p>\n<p>H\u00f8yre g\u00e5r fram for fjerde gang p\u00e5 rad og f\u00e5r 17,1 prosent. Til sammen str\u00f8mmer 86.000 velgere fra Arbeiderpartiet over til borgerlig side, sammenlignet med valgresultatet i september.<\/p>\n<p>Det er nok til at de borgerlige ville f\u00e5tt et flertall p\u00e5 86 mandater hvis det var valg i dag. De r\u00f8dgr\u00f8nne partiene f\u00e5r 83 mandater.<\/p>\n<p><b>Les ogs\u00e5: <a href=\"https:\/\/www.nettavisen.no\/nyheter\/anniken-hauglie-tar-sluttpakke-i-nho\/s\/5-95-2757042\" rel=\"Follow nofollow noopener\" target=\"_blank\">Anniken Hauglie tar sluttpakke i NHO<\/a><\/b><\/p>\n<p>MDG gj\u00f8r sin beste m\u00e5ling siden valget med 5,8 prosent, en oppgang p\u00e5 1,7 prosentpoeng, mens Senterpartiet f\u00e5r 6,8 prosent \u2013 partiets beste m\u00e5ling siden de forlot regjeringen og en \u00f8kning p\u00e5 1,3 prosentpoeng.<\/p>\n<p>De andre partienes oppslutning: R\u00f8dt 5,5 prosent (-0,8), SV 5 prosent (-0,8), Venstre 3,6 prosent (-1), KrF 4,2 prosent (-1,5) og andre partier 3,3 prosent (-0,6).<\/p>\n<p>1024 personer rundt om i landet er intervjuet i m\u00e5lingen. Feilmarginen er p\u00e5 mellom +\/-1,5 og +\/-3,2 prosentpoeng.<\/p>\n<p>    Vil du se neste video?<\/p>\n<p>    <a href=\"https:\/\/www.nettavisen.no\/fredrik-solvang\/jonas-gahr-store\/debatten\/fredrik-solvang-himler-av-jonas-gahr-store-men-i-alle\/v\/5-95-2751917\" class=\"recommend-poster\" data-adp-clicklabel=\"video-recommend\" data-adp-clickvalue=\"poster\" rel=\"nofollow noopener\" target=\"_blank\"><br \/>\n      <img decoding=\"async\" width=\"200\" height=\"200\" loading=\"lazy\" src=\"https:\/\/www.europesays.com\/no\/wp-content\/uploads\/2025\/11\/Solvang+bredde.jpg\" alt=\"\" class=\"brick-c-cFOWSL\" style=\"--brick-image-ratio: 200 \/ 200;\"\/><\/p>\n<p>Himler av St\u00f8re: \u2013 Men i alle\u20261:06<\/p>\n<p>    <\/a><\/p>\n<p>        Dette hadde Tonje Brenna \u00e5 si om budsjettforhandlingene.<\/p>\n","protected":false},"excerpt":{"rendered":"Sylvi Listhaugs parti f\u00e5r 25,6 prosent oppslutning p\u00e5 m\u00e5lingen fra Verian, skriver kanalen. Frp g\u00e5r klart mest fram,&hellip;\n","protected":false},"author":2,"featured_media":101557,"comment_status":"","ping_status":"","sticky":false,"template":"","format":"standard","meta":{"footnotes":""},"categories":[10],"tags":[20,21,24,25,15,22,23,13,30,28,29,14,16,26,27],"class_list":{"0":"post-101556","1":"post","2":"type-post","3":"status-publish","4":"format-standard","5":"has-post-thumbnail","7":"category-norge","8":"tag-breaking-news","9":"tag-breakingnews","10":"tag-featured-news","11":"tag-featurednews","12":"tag-headlines","13":"tag-latest-news","14":"tag-latestnews","15":"tag-news","16":"tag-no","17":"tag-norge","18":"tag-norway","19":"tag-nyheter","20":"tag-overskrifter","21":"tag-top-stories","22":"tag-topstories"},"share_on_mastodon":{"url":"https:\/\/pubeurope.com\/@no\/115645195691323926","error":""},"_links":{"self":[{"href":"https:\/\/www.europesays.com\/no\/wp-json\/wp\/v2\/posts\/101556","targetHints":{"allow":["GET"]}}],"collection":[{"href":"https:\/\/www.europesays.com\/no\/wp-json\/wp\/v2\/posts"}],"about":[{"href":"https:\/\/www.europesays.com\/no\/wp-json\/wp\/v2\/types\/post"}],"author":[{"embeddable":true,"href":"https:\/\/www.europesays.com\/no\/wp-json\/wp\/v2\/users\/2"}],"replies":[{"embeddable":true,"href":"https:\/\/www.europesays.com\/no\/wp-json\/wp\/v2\/comments?post=101556"}],"version-history":[{"count":0,"href":"https:\/\/www.europesays.com\/no\/wp-json\/wp\/v2\/posts\/101556\/revisions"}],"wp:featuredmedia":[{"embeddable":true,"href":"https:\/\/www.europesays.com\/no\/wp-json\/wp\/v2\/media\/101557"}],"wp:attachment":[{"href":"https:\/\/www.europesays.com\/no\/wp-json\/wp\/v2\/media?parent=101556"}],"wp:term":[{"taxonomy":"category","embeddable":true,"href":"https:\/\/www.europesays.com\/no\/wp-json\/wp\/v2\/categories?post=101556"},{"taxonomy":"post_tag","embeddable":true,"href":"https:\/\/www.europesays.com\/no\/wp-json\/wp\/v2\/tags?post=101556"}],"curies":[{"name":"wp","href":"https:\/\/api.w.org\/{rel}","templated":true}]}}