{"id":101568,"date":"2025-12-01T16:30:16","date_gmt":"2025-12-01T16:30:16","guid":{"rendered":"https:\/\/www.europesays.com\/no\/101568\/"},"modified":"2025-12-01T16:30:16","modified_gmt":"2025-12-01T16:30:16","slug":"sa-nei-til-toppjobb-i-rosenborg","status":"publish","type":"post","link":"https:\/\/www.europesays.com\/no\/101568\/","title":{"rendered":"Sa nei til toppjobb i Rosenborg"},"content":{"rendered":"<p>I oktober ble det kjent at Micke Dorsin gir seg i jobben som klubbens sportssjef.<\/p>\n<p>Det har sendt Rosenborg ut p\u00e5 sportssjef-jakt \u2013 og TV 2 har tidligere skrevet at blant andre Rosenborg-legende Erik Hoftun er aktuell for en retur til gamleklubben.<\/p>\n<p class=\"no_italic m-no_italic\" data-lab-italic=\"\">Mandag f\u00e5r TV 2 opplyst at jobben n\u00e5 st\u00e5r mellom Hoftun og to internasjonale kandidater.<\/p>\n<p class=\"italic m-italic\" data-lab-italic=\"italic\">Mer RBK-prat? I en helt fersk utgave av Eliteserie-podkasten Spiss Vinkel legger TV 2-ekspert Yaw Amankwah voldsomt press p\u00e5 Rosenborg-trener Alfred Johansson:<\/p>\n<p>Rekord-mann<\/p>\n<p>En av disse, holder til i Danmark.<\/p>\n<p>TV 2 f\u00e5r nemlig opplyst at Rosenborg skal ha sett til den danske klubben Viborg, og pekt seg ut sportsdirekt\u00f8r Mads Agesen som en potensiell etterf\u00f8lger til Dorsin.<\/p>\n<p>Dansken er en tidligere forsvarsspiller, og har over 160 kamper p\u00e5 CV-en fra \u00f8verste niv\u00e5 i Danmark.<\/p>\n<p>        <img class=\"image__img lazyload\" itemprop=\"image\" title=\"Foto: Daniel Stiller \/ BILDBYR\u00c5N\" alt=\"CHAMPIONS LEAGUE-KVALIFISERING: Mads Agesen har rikelig mer erfaring fra dansk toppfotball. Foto: Daniel Stiller \/ BILDBYR\u00c5N\" width=\"978\" height=\"551\" bad-src=\"https:\/\/www.europesays.com\/no\/wp-content\/uploads\/2025\/12\/18341707.webp\" fetchpriority=\"auto\" \/><\/p>\n<p>      CHAMPIONS LEAGUE-KVALIFISERING: Mads Agesen har rikelig mer erfaring fra dansk toppfotball.<br \/>\n         Foto: Daniel Stiller \/ BILDBYR\u00c5N<\/p>\n<p>Han blir sett p\u00e5 som en lagspiller, og har f\u00e5tt mye skryt for jobben han har gjort i Viborg siden han i 2023 ble ansatt som klubbens sportssjef.<\/p>\n<p>Blant annet har han flere ganger knust klubbens overgangsrekord. Senest da Anton Gaaei ble solgt til Ajax for over 60 millioner kroner.<\/p>\n<p>Takket nei<\/p>\n<p>Slik TV 2 forst\u00e5r det, skal samtalene ha v\u00e6rt s\u00e5 konkrete at 42-\u00e5ringen har blitt forespeilet hva en avtale p\u00e5 Lerkendal ville inneholde.<\/p>\n<p>Men mandag f\u00e5r TV 2 opplyst at Agesen har valgt \u00e5 si nei til videre samtaler med Rosenborg.<\/p>\n<p>Sp\u00f8rsm\u00e5let er om dette er et forhandlingsutspill &#8211; eller om Rosenborg m\u00e5 fortsette p\u00e5 andre kandidater.<\/p>\n<p>        <img class=\"image__img lazyload\" itemprop=\"image\" title=\"Foto: Ole Martin Wold \/ NTB\" alt=\"RBK-KANDIDAT: Erik Hoftun er fortsatt aktuell for en retur til Rosenborg. Foto: Ole Martin Wold \/ NTB\" width=\"978\" height=\"551\" bad-src=\"https:\/\/www.europesays.com\/no\/wp-content\/uploads\/2025\/12\/18341713.webp\" fetchpriority=\"auto\" \/><\/p>\n<p>      RBK-KANDIDAT: Erik Hoftun er fortsatt aktuell for en retur til Rosenborg.<br \/>\n         Foto: Ole Martin Wold \/ NTB<\/p>\n<p class=\"bold m-bold\" data-lab-font_weight=\"bold\">I s\u00e5fall blir Erik Hoftun fortsatt sett p\u00e5 som en h\u00f8yaktuell kandidat for en retur til Rosenborg. I tillegg skal ytterligere en internasjonal kandidat v\u00e6re med i kampen om toppstillingen i Rosenborg.<\/p>\n<p>TV 2 har tidligere omtalt at tidligere sportsdirekt\u00f8r i Nordsj\u00e6lland, Phil Radley, har v\u00e6rt en kandidat.<\/p>\n<p>Uansett betyr det at Rosenborg n\u00e5 n\u00e6rmer seg Micke Dorsins erstatter.<\/p>\n<p>Verken styreleder Cecilie Gotaas Johnsen eller daglig leder Tore Berdal har besvart TV 2s henvendelser om saken mandag.<\/p>\n","protected":false},"excerpt":{"rendered":"I oktober ble det kjent at Micke Dorsin gir seg i jobben som klubbens sportssjef. Det har sendt&hellip;\n","protected":false},"author":2,"featured_media":101569,"comment_status":"","ping_status":"","sticky":false,"template":"","format":"standard","meta":{"footnotes":""},"categories":[5],"tags":[20,21,24,25,15,19,22,23,17,18,13,30,28,29,14,16,26,27],"class_list":{"0":"post-101568","1":"post","2":"type-post","3":"status-publish","4":"format-standard","5":"has-post-thumbnail","7":"category-overskrifter","8":"tag-breaking-news","9":"tag-breakingnews","10":"tag-featured-news","11":"tag-featurednews","12":"tag-headlines","13":"tag-hovedoppslag","14":"tag-latest-news","15":"tag-latestnews","16":"tag-main-news","17":"tag-mainnews","18":"tag-news","19":"tag-no","20":"tag-norge","21":"tag-norway","22":"tag-nyheter","23":"tag-overskrifter","24":"tag-top-stories","25":"tag-topstories"},"share_on_mastodon":{"url":"https:\/\/pubeurope.com\/@no\/115645266364515501","error":""},"_links":{"self":[{"href":"https:\/\/www.europesays.com\/no\/wp-json\/wp\/v2\/posts\/101568","targetHints":{"allow":["GET"]}}],"collection":[{"href":"https:\/\/www.europesays.com\/no\/wp-json\/wp\/v2\/posts"}],"about":[{"href":"https:\/\/www.europesays.com\/no\/wp-json\/wp\/v2\/types\/post"}],"author":[{"embeddable":true,"href":"https:\/\/www.europesays.com\/no\/wp-json\/wp\/v2\/users\/2"}],"replies":[{"embeddable":true,"href":"https:\/\/www.europesays.com\/no\/wp-json\/wp\/v2\/comments?post=101568"}],"version-history":[{"count":0,"href":"https:\/\/www.europesays.com\/no\/wp-json\/wp\/v2\/posts\/101568\/revisions"}],"wp:featuredmedia":[{"embeddable":true,"href":"https:\/\/www.europesays.com\/no\/wp-json\/wp\/v2\/media\/101569"}],"wp:attachment":[{"href":"https:\/\/www.europesays.com\/no\/wp-json\/wp\/v2\/media?parent=101568"}],"wp:term":[{"taxonomy":"category","embeddable":true,"href":"https:\/\/www.europesays.com\/no\/wp-json\/wp\/v2\/categories?post=101568"},{"taxonomy":"post_tag","embeddable":true,"href":"https:\/\/www.europesays.com\/no\/wp-json\/wp\/v2\/tags?post=101568"}],"curies":[{"name":"wp","href":"https:\/\/api.w.org\/{rel}","templated":true}]}}