{"id":10157,"date":"2025-08-17T03:08:08","date_gmt":"2025-08-17T03:08:08","guid":{"rendered":"https:\/\/www.europesays.com\/no\/10157\/"},"modified":"2025-08-17T03:08:08","modified_gmt":"2025-08-17T03:08:08","slug":"tre-delstater-sender-soldater-fra-nasjonalgarden-til-washington","status":"publish","type":"post","link":"https:\/\/www.europesays.com\/no\/10157\/","title":{"rendered":"Tre delstater sender soldater fra nasjonalgarden til Washington"},"content":{"rendered":"\n<p class=\"_lead_1bvmi_2 _lead_xtcu6_50 layout-component text-serif-m layout-normal text-serif-l layout-component layout-wide layout-padded _wide_17hqh_1 layout-padded\">Tre delstater sender hundrevis av soldater fra nasjonalgarden til Washington. De kommer i tillegg til de 800 som allerede er p\u00e5 plass.<\/p>\n<p><img alt=\"Soldater fra nasjonalgarden patruljerer gatene i Washington.  Foto: ANDREW LEYDEN \/ AFP \/ NTB\" class=\"_image_qp4xg_65 layout-component layout-wide\" data-fullscreen- data-track-element-type=\"Article image fullscreen\" data-track-name=\"ImageFullscreen\" fetchpriority=\"high\" decoding=\"sync\" loading=\"eager\" height=\"3333\" itemprop=\"image\"  src=\"https:\/\/www.europesays.com\/no\/wp-content\/uploads\/2025\/08\/b2c273ec-98f2-4d24-ad05-0938726eeab2\"  style=\"object-position:0% 0%\" width=\"5000\"\/>Soldater fra nasjonalgarden patruljerer gatene i Washington.  Foto: ANDREW LEYDEN \/ AFP \/ NTB<\/p>\n<ul aria-hidden=\"true\" class=\"_images_1y6fe_106\">\n<li><a class=\"_link_1y6fe_111\" href=\"https:\/\/www.vg.no\/forfatter\/ntb\" style=\"z-index:1\" title=\"NTB\" rel=\"nofollow noopener\" target=\"_blank\"><img alt=\"Bilde av NTB\" class=\"_image_1y6fe_88\" fetchpriority=\"low\" loading=\"lazy\" decoding=\"async\" itemprop=\"image\"  src=\"https:\/\/www.europesays.com\/no\/wp-content\/uploads\/2025\/08\/1755400088_51_c33980b0-5d07-4027-84a1-813f90a7c8d6\"  width=\"480\"\/><\/a><\/li>\n<\/ul>\n<p> Oppdatert s\u00f8ndag 17. august kl. 04:35     <\/p>\n<p class=\"_paragraph_1bvmi_4 _paragraph_xtcu6_10 layout-component text-serif-m layout-normal text-serif-m layout-padded\">West Virginia sier de sender 300 til 400 gardetropper, mens S\u00f8r-Carolina lovet 200 og Ohio sier de vil sende 150 i l\u00f8pet av de n\u00e6rmeste dagene.<\/p>\n<p class=\"_paragraph_1bvmi_4 _paragraph_xtcu6_10 layout-component text-serif-m layout-normal text-serif-m layout-padded\">Soldatene kommer i tillegg til de 800 soldatene fra nasjonalgarden i District of Columbia som allerede er i hovedstaden. <\/p>\n<p class=\"_paragraph_1bvmi_4 _paragraph_xtcu6_10 layout-component text-serif-m layout-normal text-serif-m layout-padded\">\u2013 Troppene \u00abvil forbli til lov og orden er gjenopprettet i distriktet, slik presidenten bestemmer,\u00bb sa Pentagons pressetalsperson Kingsley Wilson fredag.<\/p>\n<p class=\"_paragraph_1bvmi_4 _paragraph_xtcu6_10 layout-component text-serif-m layout-normal text-serif-m layout-padded\">Den amerikanske h\u00e6ren har opplyst at Nasjonalgardens oppdrag er \u00e5 s\u00f8rge for en synlig tilstedev\u00e6relse i viktige offentlige omr\u00e5der, og fungere som en synlig avskrekkende faktor mot kriminalitet.<\/p>\n<p class=\"_paragraph_1bvmi_4 _paragraph_xtcu6_10 layout-component text-serif-m layout-normal text-serif-m layout-padded\">Selv om kriminalitetsratene i Washington, D.C. har v\u00e6rt synkende, har Trump hevdet at den er \u00abhelt ute av kontroll\u00bb og truet med en f\u00f8deral overtakelse .<\/p>\n<p class=\"_paragraph_1bvmi_4 _paragraph_xtcu6_10 layout-component text-serif-m layout-normal text-serif-m layout-padded\">\u2013 Jeg skal gj\u00f8re v\u00e5r hovedstad \u00abgreat again\u00bb, skrev Trump i et innlegg p\u00e5 Truth Social da han kunngjorde utplasseringen av nasjonalgarden.<\/p>\n","protected":false},"excerpt":{"rendered":"Tre delstater sender hundrevis av soldater fra nasjonalgarden til Washington. De kommer i tillegg til de 800 som&hellip;\n","protected":false},"author":2,"featured_media":10158,"comment_status":"","ping_status":"","sticky":false,"template":"","format":"standard","meta":{"footnotes":""},"categories":[12],"tags":[20,21,55,24,25,15,22,23,13,30,28,29,14,16,26,27,42,1318,43,44,45],"class_list":{"0":"post-10157","1":"post","2":"type-post","3":"status-publish","4":"format-standard","5":"has-post-thumbnail","7":"category-verden","8":"tag-breaking-news","9":"tag-breakingnews","10":"tag-donald-trump","11":"tag-featured-news","12":"tag-featurednews","13":"tag-headlines","14":"tag-latest-news","15":"tag-latestnews","16":"tag-news","17":"tag-no","18":"tag-norge","19":"tag-norway","20":"tag-nyheter","21":"tag-overskrifter","22":"tag-top-stories","23":"tag-topstories","24":"tag-verden","25":"tag-washington-d-c","26":"tag-world","27":"tag-world-news","28":"tag-worldnews"},"share_on_mastodon":{"url":"","error":""},"_links":{"self":[{"href":"https:\/\/www.europesays.com\/no\/wp-json\/wp\/v2\/posts\/10157","targetHints":{"allow":["GET"]}}],"collection":[{"href":"https:\/\/www.europesays.com\/no\/wp-json\/wp\/v2\/posts"}],"about":[{"href":"https:\/\/www.europesays.com\/no\/wp-json\/wp\/v2\/types\/post"}],"author":[{"embeddable":true,"href":"https:\/\/www.europesays.com\/no\/wp-json\/wp\/v2\/users\/2"}],"replies":[{"embeddable":true,"href":"https:\/\/www.europesays.com\/no\/wp-json\/wp\/v2\/comments?post=10157"}],"version-history":[{"count":0,"href":"https:\/\/www.europesays.com\/no\/wp-json\/wp\/v2\/posts\/10157\/revisions"}],"wp:featuredmedia":[{"embeddable":true,"href":"https:\/\/www.europesays.com\/no\/wp-json\/wp\/v2\/media\/10158"}],"wp:attachment":[{"href":"https:\/\/www.europesays.com\/no\/wp-json\/wp\/v2\/media?parent=10157"}],"wp:term":[{"taxonomy":"category","embeddable":true,"href":"https:\/\/www.europesays.com\/no\/wp-json\/wp\/v2\/categories?post=10157"},{"taxonomy":"post_tag","embeddable":true,"href":"https:\/\/www.europesays.com\/no\/wp-json\/wp\/v2\/tags?post=10157"}],"curies":[{"name":"wp","href":"https:\/\/api.w.org\/{rel}","templated":true}]}}