{"id":101572,"date":"2025-12-01T16:41:11","date_gmt":"2025-12-01T16:41:11","guid":{"rendered":"https:\/\/www.europesays.com\/no\/101572\/"},"modified":"2025-12-01T16:41:11","modified_gmt":"2025-12-01T16:41:11","slug":"drammen-trafikk-bil-har-kjort-i-trafostasjon-jobber-med-livreddende-forstehjelp","status":"publish","type":"post","link":"https:\/\/www.europesays.com\/no\/101572\/","title":{"rendered":"Drammen, Trafikk | Bil har kj\u00f8rt i trafostasjon \u2013 Jobber med livreddende f\u00f8rstehjelp"},"content":{"rendered":"\n<p><b>DRAMMEN: <\/b>Mandag ettermiddag har n\u00f8detatene rykket ut til Marienlyst, der en bil har kj\u00f8rt i veggen p\u00e5 det som ser ut til \u00e5 v\u00e6re en trafostasjon p\u00e5 stedet.<\/p>\n<p>Da de kom fram viste det seg raskt at det dreide seg om en alvorlig ulykke.<\/p>\n<p><b>\u2013 Det drives livreddende f\u00f8rstehjelp p\u00e5 en person, opplyser politiet klokka 17.03.<\/b><\/p>\n<p><b>Ti minutter senere bekrefter politiet at det fortsatt jobbes med livredning p\u00e5 vedkommende. Politiet opplyser ogs\u00e5 at det er store materielle skader p\u00e5 b\u00e5de bil og trafo.<\/b><\/p>\n<p>Drammens Tidendes reportere p\u00e5 stedet forteller at det er et stort oppm\u00f8te fra n\u00f8detatene p\u00e5 stedet. Ved siden av brannvesenet er ogs\u00e5 to politipatruljer og ambulanse p\u00e5 stedet.<\/p>\n<p>Innledningsvis opplyste vaktleder ved 110-sentralen om at det var \u00e9n person i bilen.<\/p>\n<p><b>\u2013 Det er en bil som har kj\u00f8rt av veien p\u00e5 stedet. Vedkommende satt ikke fastklemt, forteller vaktlederen ved 110-sentralen.<\/b><\/p>\n<p>Som f\u00f8lge av ulykken har str\u00f8mmen g\u00e5tt enkelte steder i omr\u00e5det. Klokka 17.30 er 31 personer ber\u00f8rt av str\u00f8mstansen. Glitre nett sin beredskapsbil er p\u00e5 stedet, melder avisas reportere p\u00e5 stedet.<\/p>\n<p>Saken oppdateres!<\/p>\n","protected":false},"excerpt":{"rendered":"DRAMMEN: Mandag ettermiddag har n\u00f8detatene rykket ut til Marienlyst, der en bil har kj\u00f8rt i veggen p\u00e5 det&hellip;\n","protected":false},"author":2,"featured_media":101573,"comment_status":"","ping_status":"","sticky":false,"template":"","format":"standard","meta":{"footnotes":""},"categories":[10],"tags":[36,20,21,427,24,25,15,22,23,13,30,28,29,14,16,1510,26,27,224,51],"class_list":{"0":"post-101572","1":"post","2":"type-post","3":"status-publish","4":"format-standard","5":"has-post-thumbnail","7":"category-norge","8":"tag-art","9":"tag-breaking-news","10":"tag-breakingnews","11":"tag-drammen","12":"tag-featured-news","13":"tag-featurednews","14":"tag-headlines","15":"tag-latest-news","16":"tag-latestnews","17":"tag-news","18":"tag-no","19":"tag-norge","20":"tag-norway","21":"tag-nyheter","22":"tag-overskrifter","23":"tag-story","24":"tag-top-stories","25":"tag-topstories","26":"tag-trafikk","27":"tag-ulykke"},"share_on_mastodon":{"url":"","error":""},"_links":{"self":[{"href":"https:\/\/www.europesays.com\/no\/wp-json\/wp\/v2\/posts\/101572","targetHints":{"allow":["GET"]}}],"collection":[{"href":"https:\/\/www.europesays.com\/no\/wp-json\/wp\/v2\/posts"}],"about":[{"href":"https:\/\/www.europesays.com\/no\/wp-json\/wp\/v2\/types\/post"}],"author":[{"embeddable":true,"href":"https:\/\/www.europesays.com\/no\/wp-json\/wp\/v2\/users\/2"}],"replies":[{"embeddable":true,"href":"https:\/\/www.europesays.com\/no\/wp-json\/wp\/v2\/comments?post=101572"}],"version-history":[{"count":0,"href":"https:\/\/www.europesays.com\/no\/wp-json\/wp\/v2\/posts\/101572\/revisions"}],"wp:featuredmedia":[{"embeddable":true,"href":"https:\/\/www.europesays.com\/no\/wp-json\/wp\/v2\/media\/101573"}],"wp:attachment":[{"href":"https:\/\/www.europesays.com\/no\/wp-json\/wp\/v2\/media?parent=101572"}],"wp:term":[{"taxonomy":"category","embeddable":true,"href":"https:\/\/www.europesays.com\/no\/wp-json\/wp\/v2\/categories?post=101572"},{"taxonomy":"post_tag","embeddable":true,"href":"https:\/\/www.europesays.com\/no\/wp-json\/wp\/v2\/tags?post=101572"}],"curies":[{"name":"wp","href":"https:\/\/api.w.org\/{rel}","templated":true}]}}