{"id":101578,"date":"2025-12-01T16:52:08","date_gmt":"2025-12-01T16:52:08","guid":{"rendered":"https:\/\/www.europesays.com\/no\/101578\/"},"modified":"2025-12-01T16:52:08","modified_gmt":"2025-12-01T16:52:08","slug":"1-desember-tradte-nye-regler-i-kraft-her-kan-bilister-fa-store-boter-for-a-kjore-med-feil-dekk","status":"publish","type":"post","link":"https:\/\/www.europesays.com\/no\/101578\/","title":{"rendered":"1. desember tr\u00e5dte nye regler i kraft: Her kan bilister f\u00e5 store b\u00f8ter for \u00e5 kj\u00f8re med &#8216;feil&#8217; dekk"},"content":{"rendered":"<p>Den 1. desember innf\u00f8rte myndighetene nye krav til dekkbruk i vinterm\u00e5nedene. <\/p>\n<p>Regelendringen gjelder fra f\u00f8rste dag i desember og p\u00e5virker bilister over hele landet. <\/p>\n<p>Sikkerhet p\u00e5 vinterveiene st\u00e5r sentralt, og brudd p\u00e5 reglene kan n\u00e5 f\u00f8re til betydelige b\u00f8ter.<\/p>\n<p>Reglene gjelder i hele Kasakhstan<\/p>\n<p>Kasakhstan har fastsatt at sommerdekk er forbudt \u00e5 bruke fra 1. desember til 28. februar. Kravet er forankret i tollunionens tekniske forskrifter for kj\u00f8ret\u00f8ysikkerhet. <\/p>\n<p>Form\u00e5let er \u00e5 sikre at alle kj\u00f8ret\u00f8y har tilstrekkelig veigrep i perioder med frost og sn\u00f8. <\/p>\n<p>Bilister som bryter forbudet, risikerer en bot p\u00e5 19 660 tenge (386 kroner). <\/p>\n<p>Gjentatte brudd utl\u00f8ser en bot p\u00e5 78.640 tenge (1550 kroner). Neste \u00e5r stiger b\u00f8tene videre.<\/p>\n<p>Det skriver <a href=\"https:\/\/malim.kz\/article\/1-zeltoqsannan-bastap-zurgizusilerge-zana-aiyppul-salynady\" target=\"_blank\" rel=\"noopener nofollow\">malim<\/a>.<\/p>\n<p>Hvorfor Kasakhstan har innf\u00f8rt strengere krav<\/p>\n<p>Kasakhstan har lange og kalde vintre, noe som gj\u00f8r sommerdekk uegnet i store deler av sesongen. <\/p>\n<p>Gummiblandingen i sommerdekk blir stiv i kulde, og veigrepet svekkes betydelig selv n\u00e5r veibanen virker t\u00f8rr. Risikoen for lengre bremselengde og tap av kontroll \u00f8ker derfor markant. <\/p>\n<p>Trafikkreglene sl\u00e5r fast at kj\u00f8ret\u00f8y som ikke oppfyller de tekniske sikkerhetskravene i vinterm\u00e5nedene, ikke skal brukes p\u00e5 veien.<\/p>\n<p>Konsekvenser for bilister<\/p>\n<p>Bilister m\u00e5 n\u00e5 planlegge dekkskift tidligere enn f\u00f8r. Dekksentre opplever ofte k\u00f8 og lange ventetider n\u00e5r desember n\u00e6rmer seg. <\/p>\n<p>En bil som fortsetter \u00e5 kj\u00f8re med sommerdekk i den p\u00e5lagte perioden, kan f\u00e5 b\u00e5de b\u00f8ter og komplikasjoner ved eventuelle uhell, inkludert utfordringer med forsikringen.<\/p>\n<p>Slik unng\u00e5r bilister sanksjoner<\/p>\n<p>Riktig fremgangsm\u00e5te er \u00e5 s\u00f8rge for vintergodkjente dekk f\u00f8r desember. <\/p>\n<p>Vinterdekk gir bedre stabilitet og kortere bremselengde, noe som er avgj\u00f8rende p\u00e5 kasakhstanske vinterveier. <\/p>\n<p>Det anbefales ogs\u00e5 \u00e5 kontrollere m\u00f8nsterdybde og lufttrykk, siden dette har stor betydning for hvordan bilen h\u00e5ndterer underlaget.<\/p>\n<p>Vinterkj\u00f8ring i Kasakhstan stiller \u00f8kte krav til b\u00e5de sj\u00e5f\u00f8ren og bilen. <\/p>\n<p>De nye reglene er innf\u00f8rt for \u00e5 skape tryggere veier, og bilister som f\u00f8lger kravene, f\u00e5r en mer forutsigbar og sikker reise gjennom vinterm\u00e5nedene.<\/p>\n","protected":false},"excerpt":{"rendered":"Den 1. desember innf\u00f8rte myndighetene nye krav til dekkbruk i vinterm\u00e5nedene. Regelendringen gjelder fra f\u00f8rste dag i desember&hellip;\n","protected":false},"author":2,"featured_media":101579,"comment_status":"","ping_status":"","sticky":false,"template":"","format":"standard","meta":{"footnotes":""},"categories":[12],"tags":[20,21,24,25,15,22,23,13,30,28,29,14,16,26,27,42,43,44,45],"class_list":{"0":"post-101578","1":"post","2":"type-post","3":"status-publish","4":"format-standard","5":"has-post-thumbnail","7":"category-verden","8":"tag-breaking-news","9":"tag-breakingnews","10":"tag-featured-news","11":"tag-featurednews","12":"tag-headlines","13":"tag-latest-news","14":"tag-latestnews","15":"tag-news","16":"tag-no","17":"tag-norge","18":"tag-norway","19":"tag-nyheter","20":"tag-overskrifter","21":"tag-top-stories","22":"tag-topstories","23":"tag-verden","24":"tag-world","25":"tag-world-news","26":"tag-worldnews"},"share_on_mastodon":{"url":"https:\/\/pubeurope.com\/@no\/115645352891920779","error":""},"_links":{"self":[{"href":"https:\/\/www.europesays.com\/no\/wp-json\/wp\/v2\/posts\/101578","targetHints":{"allow":["GET"]}}],"collection":[{"href":"https:\/\/www.europesays.com\/no\/wp-json\/wp\/v2\/posts"}],"about":[{"href":"https:\/\/www.europesays.com\/no\/wp-json\/wp\/v2\/types\/post"}],"author":[{"embeddable":true,"href":"https:\/\/www.europesays.com\/no\/wp-json\/wp\/v2\/users\/2"}],"replies":[{"embeddable":true,"href":"https:\/\/www.europesays.com\/no\/wp-json\/wp\/v2\/comments?post=101578"}],"version-history":[{"count":0,"href":"https:\/\/www.europesays.com\/no\/wp-json\/wp\/v2\/posts\/101578\/revisions"}],"wp:featuredmedia":[{"embeddable":true,"href":"https:\/\/www.europesays.com\/no\/wp-json\/wp\/v2\/media\/101579"}],"wp:attachment":[{"href":"https:\/\/www.europesays.com\/no\/wp-json\/wp\/v2\/media?parent=101578"}],"wp:term":[{"taxonomy":"category","embeddable":true,"href":"https:\/\/www.europesays.com\/no\/wp-json\/wp\/v2\/categories?post=101578"},{"taxonomy":"post_tag","embeddable":true,"href":"https:\/\/www.europesays.com\/no\/wp-json\/wp\/v2\/tags?post=101578"}],"curies":[{"name":"wp","href":"https:\/\/api.w.org\/{rel}","templated":true}]}}