{"id":101580,"date":"2025-12-01T16:53:10","date_gmt":"2025-12-01T16:53:10","guid":{"rendered":"https:\/\/www.europesays.com\/no\/101580\/"},"modified":"2025-12-01T16:53:10","modified_gmt":"2025-12-01T16:53:10","slug":"budsjettforhandlinger-anne-holt-mdg-er-anne-holt-a-ga-a-bryte-er-en-fiendtlig-handling-2","status":"publish","type":"post","link":"https:\/\/www.europesays.com\/no\/101580\/","title":{"rendered":"Budsjettforhandlinger, Anne Holt | MDG-er Anne Holt: \u2013 \u00c5 g\u00e5, \u00e5 bryte er en fiendtlig handling"},"content":{"rendered":"\n<p>(<a rel=\"Follow nofollow noopener\" href=\"https:\/\/www.nationen.no\/budsjettkaoset-anne-holt-er-medlem-av-mdg-og-gar-hardt-ut-mot-partiet\/s\/5-148-829589\" target=\"_blank\">Nationen<\/a>): Tidligere forfatter, advokat og politiker Anne Holt sabler ned MDG og deres brudd i forhandlingene om statsbudsjettet. P\u00e5 Facebook skriver hun blant annet dette:<\/p>\n<p>\u00abTil det kaoset og den mildest talt uklare situasjonen som har oppst\u00e5tt i forbindelse med statsbudsjettet, har jeg lite annet \u00e5 si enn akkurat dette:<br \/>Folk m\u00e5 etter min mening ikke G\u00c5 fra en diskusjon\/prosess\/forhandling, v\u00e6re det seg fra de aller minste, personlige forhold, eller de aller st\u00f8rste: politiske forhandlinger. \u00c5 G\u00c5 fra noen i opphetede situasjoner b\u00f8r ikke v\u00e6re et verkt\u00f8y, men en endelig beslutning. Det har konsekvenser. \u00c5 G\u00c5, \u00e5 BRYTE, er en fiendtlig handling, som det kan v\u00e6re sv\u00e6rt vanskelig, nesten umulig, \u00e5 reparere\u00bb.<\/p>\n<p>Holt var tidligere i Arbeiderpartiet og var justisminister i Thorbj\u00f8rn Jaglands regjering p\u00e5 nittitallet.<\/p>\n<p><b><a rel=\"Follow nofollow noopener\" href=\"https:\/\/www.nettavisen.no\/nyheter\/nettavisen-erfarer-fjellsto-store-nekter-enhver-omkamp\/s\/5-95-2755089\" target=\"_blank\">Les ogs\u00e5: St\u00f8re skyter ned hemmelig plan<\/a><\/b><\/p>\n<p><a class=\"simple-relation related-teaser article--c-eRUmMG article--c-eRUmMG-fZoQSp-design-nettavisen article--c-eRUmMG-gwthdJ-cv\" href=\"https:\/\/www.nettavisen.no\/mdgs-landsstyre-full-stotte-til-a-sta-pa-budsjettkravene-ogsa-ved-kabinettssporsmal-fra-ap\/s\/5-148-829471\" rel=\"nofollow noopener\" target=\"_blank\">MDGs landsstyre: Full st\u00f8tte til \u00e5 st\u00e5 p\u00e5 budsjettkravene \u2013 ogs\u00e5 ved kabinettssp\u00f8rsm\u00e5l fra Ap<\/a><\/p>\n<p>Holt forteller at hun er skuffet over sitt eget parti. Hun mener at de sikret seg \u00e5 komme over sperregrensen blant annet ved \u00e5 garantere for r\u00f8dgr\u00f8nn regjering og forhindre at Sylvi Listhaug (Frp) skulle bli statsminister.<\/p>\n<p>\u00abDet er jeg fordi jeg er enig med dem i blant annet det de n\u00e5 krangler om \u2013 og krever. Det jeg p\u00e5 ingen m\u00e5te kan gi tilslutning til, er \u00e5 kaste kortene, og ved innbitt strisinn \u00e5 sette det r\u00f8dgr\u00f8nne prosjektet i fare p\u00e5 denne m\u00e5ten. Det blir ikke bedre klima- og milj\u00f8politikk ved et eventuelt regjeringsskifte. Snarere tvert imot\u00bb, skriver Holt.<\/p>\n<p>Hun er ikke redd for kritikk i retur:<\/p>\n<p>\u00abJust sayin\u2019, and maybe it\u2019s just me. Det f\u00e5r jeg heller t\u00e5le\u00bb.<\/p>\n<p><a class=\"simple-relation related-teaser article--c-eRUmMG article--c-eRUmMG-fZoQSp-design-nettavisen article--c-eRUmMG-gwthdJ-cv\" href=\"https:\/\/www.nettavisen.no\/mdg-lederen-om-budsjettet-det-ma-skje-noen-endringer\/s\/5-148-829430\" rel=\"nofollow noopener\" target=\"_blank\">MDG-lederen om budsjettet: Det m\u00e5 skje noen endringer<\/a><\/p>\n<p>Nationen har v\u00e6rt i kontakt med Holt. Hun \u00f8nsker ikke \u00e5 uttale seg om hun vurderer \u00e5 melde seg ut av MDG. Hun vil heller ikke svare p\u00e5 andre sp\u00f8rsm\u00e5l.<\/p>\n<p>\u2013 Jeg har sagt det jeg har \u00e5 si om saken p\u00e5 Facebook, sier Holt.<\/p>\n<p>    Vil du se neste video?<\/p>\n<p>    <a href=\"https:\/\/www.nettavisen.no\/fredrik-solvang\/jonas-gahr-store\/debatten\/fredrik-solvang-himler-av-jonas-gahr-store-men-i-alle\/v\/5-95-2751917\" class=\"recommend-poster\" data-adp-clicklabel=\"video-recommend\" data-adp-clickvalue=\"poster\" rel=\"nofollow noopener\" target=\"_blank\"><br \/>\n      <img decoding=\"async\" width=\"200\" height=\"200\" loading=\"lazy\" src=\"https:\/\/www.europesays.com\/no\/wp-content\/uploads\/2025\/11\/Solvang+bredde.jpg\" alt=\"\" class=\"brick-c-cFOWSL\" style=\"--brick-image-ratio: 200 \/ 200;\"\/><\/p>\n<p>Himler av St\u00f8re: \u2013 Men i alle\u20261:06<\/p>\n<p>    <\/a><\/p>\n<p>Les hele innlegget her:<\/p>\n<p><a class=\"simple-relation related-teaser article--c-eRUmMG article--c-eRUmMG-fZoQSp-design-nettavisen article--c-eRUmMG-gwthdJ-cv\" href=\"https:\/\/www.nettavisen.no\/landet-trenger-et-rodgront-budsjett\/o\/5-148-829591\" rel=\"nofollow noopener\" target=\"_blank\">Landet trenger et r\u00f8dgr\u00f8nt budsjett<\/a><\/p>\n<p><a class=\"simple-relation related-teaser article--c-eRUmMG article--c-eRUmMG-fZoQSp-design-nettavisen article--c-eRUmMG-gwthdJ-cv\" href=\"https:\/\/www.nettavisen.no\/krf-avviser-budsjettsamarbeid-med-ap\/s\/5-148-829778\" rel=\"nofollow noopener\" target=\"_blank\">KrF avviser budsjettsamarbeid med Ap<\/a><\/p>\n","protected":false},"excerpt":{"rendered":"(Nationen): Tidligere forfatter, advokat og politiker Anne Holt sabler ned MDG og deres brudd i forhandlingene om statsbudsjettet.&hellip;\n","protected":false},"author":2,"featured_media":101541,"comment_status":"","ping_status":"","sticky":false,"template":"","format":"standard","meta":{"footnotes":""},"categories":[10],"tags":[20,21,24,25,15,22,23,13,30,28,29,14,16,26,27],"class_list":{"0":"post-101580","1":"post","2":"type-post","3":"status-publish","4":"format-standard","5":"has-post-thumbnail","7":"category-norge","8":"tag-breaking-news","9":"tag-breakingnews","10":"tag-featured-news","11":"tag-featurednews","12":"tag-headlines","13":"tag-latest-news","14":"tag-latestnews","15":"tag-news","16":"tag-no","17":"tag-norge","18":"tag-norway","19":"tag-nyheter","20":"tag-overskrifter","21":"tag-top-stories","22":"tag-topstories"},"share_on_mastodon":{"url":"https:\/\/pubeurope.com\/@no\/115645356860600799","error":""},"_links":{"self":[{"href":"https:\/\/www.europesays.com\/no\/wp-json\/wp\/v2\/posts\/101580","targetHints":{"allow":["GET"]}}],"collection":[{"href":"https:\/\/www.europesays.com\/no\/wp-json\/wp\/v2\/posts"}],"about":[{"href":"https:\/\/www.europesays.com\/no\/wp-json\/wp\/v2\/types\/post"}],"author":[{"embeddable":true,"href":"https:\/\/www.europesays.com\/no\/wp-json\/wp\/v2\/users\/2"}],"replies":[{"embeddable":true,"href":"https:\/\/www.europesays.com\/no\/wp-json\/wp\/v2\/comments?post=101580"}],"version-history":[{"count":0,"href":"https:\/\/www.europesays.com\/no\/wp-json\/wp\/v2\/posts\/101580\/revisions"}],"wp:featuredmedia":[{"embeddable":true,"href":"https:\/\/www.europesays.com\/no\/wp-json\/wp\/v2\/media\/101541"}],"wp:attachment":[{"href":"https:\/\/www.europesays.com\/no\/wp-json\/wp\/v2\/media?parent=101580"}],"wp:term":[{"taxonomy":"category","embeddable":true,"href":"https:\/\/www.europesays.com\/no\/wp-json\/wp\/v2\/categories?post=101580"},{"taxonomy":"post_tag","embeddable":true,"href":"https:\/\/www.europesays.com\/no\/wp-json\/wp\/v2\/tags?post=101580"}],"curies":[{"name":"wp","href":"https:\/\/api.w.org\/{rel}","templated":true}]}}