{"id":101584,"date":"2025-12-01T17:09:39","date_gmt":"2025-12-01T17:09:39","guid":{"rendered":"https:\/\/www.europesays.com\/no\/101584\/"},"modified":"2025-12-01T17:09:39","modified_gmt":"2025-12-01T17:09:39","slug":"ble-norgesmester-han-er-en-kjempelofter-innherred-no","status":"publish","type":"post","link":"https:\/\/www.europesays.com\/no\/101584\/","title":{"rendered":"Ble norges\u00admester: \u2013 Han er en kjempe\u00adl\u00f8fter &#8211; innherred.no"},"content":{"rendered":"<ol>\n<li><a href=\"https:\/\/news.google.com\/rss\/articles\/CBMihwFBVV95cUxQMWQ3S3J3eEU2MmlIVGRUMEVoVHlLMjRhODFJcFdDa1dMLWl3bnRrOXRkRy1sN0J0RGRxQktwY0p2dk9ncGVDcHhVamJZNXAwZEJXdWFNY2h5LWRwZHBiODVSTy1BYUdkT3RNaVVJTmVkLXUwdThKRDdfNGppVTFzQXRQclg1Zmc?oc=5\" target=\"_blank\" rel=\"nofollow noopener\">Ble norges\u00admester: \u2013 Han er en kjempe\u00adl\u00f8fter<\/a>&nbsp;&nbsp;innherred.no<\/li>\n<li><a href=\"https:\/\/news.google.com\/rss\/articles\/CBMivAFBVV95cUxOMWY5T1dRb2t2dXV1SjNSX3Z4Z1d2bndfVlF5S2NTVWViNGYyakhsQm1iT1lIejNFdHdPYzl4bGVYSS1CVl83NE9hSlRmSlplSXotR3JkQkhyU1JwWEh5MlYyMDFVQWx5ZEZsSFdWWklHT2x4Q182NW1jcVd1Nm9iSTl4Rjh1eFl6RUNrZi1NX2U3NU1QTkdab0NxT3F3S2F0UHNuSko5cUoxMlU1YV80eF80elA1OGFVeUlhNw?oc=5\" target=\"_blank\" rel=\"nofollow noopener\">For 40 \u00e5r siden debuterte Geir i denne hallen &#8211; l\u00f8rdag var han tilbake og tok NM-gull<\/a>&nbsp;&nbsp;Arbeidets Rett<\/li>\n<li><a href=\"https:\/\/news.google.com\/rss\/articles\/CBMieEFVX3lxTE4waDhWSWl1NkhPMWNZaUc3QVVYZ3pycjdtcGlDRkFYODJhNGhjQzhDNDRUOTdGOE1lWFJNdTk2aUVfU1FMMnZ1Z3dQeFJZTEN2a0RBM3d5b2dSdjBzMXlUME4zYV9mREtTQXdlU09nQmxsTUFxU3pHSw?oc=5\" target=\"_blank\" rel=\"nofollow noopener\">NM-fest p\u00e5 Skogn: Ung leder i front<\/a>&nbsp;&nbsp;Tr\u00f8nder-Avisa<\/li>\n<li><a href=\"https:\/\/news.google.com\/rss\/articles\/CBMiswFBVV95cUxQMGh6Ymh0X3l6LWZxVzRYZVFpM2hRbXdqcERjUjdIMThaSV9EZ1NMMVJuSk9ia215cGxCMDBEQWs1MDJLemVDQUpKalpUU2dONkNfTE5RQ2FGdHVzVUhJWnZpQUVLWVUyNWNlYXZDUzdDT0NVRGswSHJWdFhYdUllRzZQcGx0QTd6UG95VUo2MDdCSkE3VWJ1cWVFa2FLbEFRcFBhWFduWVJDeVRRUkcxYWxUZw?oc=5\" target=\"_blank\" rel=\"nofollow noopener\">(+) Gull, gull, gull og ny norgesrekord til Bedin<\/a>&nbsp;&nbsp;Fjell-Ljom<\/li>\n<li><a href=\"https:\/\/news.google.com\/rss\/articles\/CBMilgFBVV95cUxPY2htdFVkeVMzVzJ4RkU0MWNwc2RfMHBic0JUdU5pRTN0NUN1WHdIWU1ncTRfcmgwWERuOW1yZjhDYWR2NWRLV2VudFVhLUpPNTZuRXp0VF9VeEhqbDRZSEVVdDNsZjFHbi0wQWVYeVQ4RFdJalZ1SzlESDMyTVlKUE15bl9EZHNiRHhiRDhFQUJCTjFtOGc?oc=5\" target=\"_blank\" rel=\"nofollow noopener\">Sikter mot gull p\u00e5 hjemmebane: \u2013 Veldig artig<\/a>&nbsp;&nbsp;innherred.no<\/li>\n<\/ol>\n","protected":false},"excerpt":{"rendered":"Ble norges\u00admester: \u2013 Han er en kjempe\u00adl\u00f8fter&nbsp;&nbsp;innherred.no For 40 \u00e5r siden debuterte Geir i denne hallen &#8211; l\u00f8rdag&hellip;\n","protected":false},"author":2,"featured_media":101585,"comment_status":"","ping_status":"","sticky":false,"template":"","format":"standard","meta":{"footnotes":""},"categories":[12],"tags":[20,21,24,25,15,22,23,13,30,28,29,14,16,26,27,42,43,44,45],"class_list":{"0":"post-101584","1":"post","2":"type-post","3":"status-publish","4":"format-standard","5":"has-post-thumbnail","7":"category-verden","8":"tag-breaking-news","9":"tag-breakingnews","10":"tag-featured-news","11":"tag-featurednews","12":"tag-headlines","13":"tag-latest-news","14":"tag-latestnews","15":"tag-news","16":"tag-no","17":"tag-norge","18":"tag-norway","19":"tag-nyheter","20":"tag-overskrifter","21":"tag-top-stories","22":"tag-topstories","23":"tag-verden","24":"tag-world","25":"tag-world-news","26":"tag-worldnews"},"share_on_mastodon":{"url":"https:\/\/pubeurope.com\/@no\/115645419569375236","error":""},"_links":{"self":[{"href":"https:\/\/www.europesays.com\/no\/wp-json\/wp\/v2\/posts\/101584","targetHints":{"allow":["GET"]}}],"collection":[{"href":"https:\/\/www.europesays.com\/no\/wp-json\/wp\/v2\/posts"}],"about":[{"href":"https:\/\/www.europesays.com\/no\/wp-json\/wp\/v2\/types\/post"}],"author":[{"embeddable":true,"href":"https:\/\/www.europesays.com\/no\/wp-json\/wp\/v2\/users\/2"}],"replies":[{"embeddable":true,"href":"https:\/\/www.europesays.com\/no\/wp-json\/wp\/v2\/comments?post=101584"}],"version-history":[{"count":0,"href":"https:\/\/www.europesays.com\/no\/wp-json\/wp\/v2\/posts\/101584\/revisions"}],"wp:featuredmedia":[{"embeddable":true,"href":"https:\/\/www.europesays.com\/no\/wp-json\/wp\/v2\/media\/101585"}],"wp:attachment":[{"href":"https:\/\/www.europesays.com\/no\/wp-json\/wp\/v2\/media?parent=101584"}],"wp:term":[{"taxonomy":"category","embeddable":true,"href":"https:\/\/www.europesays.com\/no\/wp-json\/wp\/v2\/categories?post=101584"},{"taxonomy":"post_tag","embeddable":true,"href":"https:\/\/www.europesays.com\/no\/wp-json\/wp\/v2\/tags?post=101584"}],"curies":[{"name":"wp","href":"https:\/\/api.w.org\/{rel}","templated":true}]}}