{"id":101610,"date":"2025-12-01T17:43:09","date_gmt":"2025-12-01T17:43:09","guid":{"rendered":"https:\/\/www.europesays.com\/no\/101610\/"},"modified":"2025-12-01T17:43:09","modified_gmt":"2025-12-01T17:43:09","slug":"freddy-dos-santos-utestengt-fra-butikk-etter-smagodt-tyveri","status":"publish","type":"post","link":"https:\/\/www.europesays.com\/no\/101610\/","title":{"rendered":"Freddy dos Santos utestengt fra butikk etter sm\u00e5godt-tyveri"},"content":{"rendered":"\n<p class=\"_lead_o9xde_2 _lead_xtcu6_50 layout-component text-serif-m layout-normal text-serif-l layout-component layout-wide layout-padded _wide_17hqh_1 layout-padded\">Den tidligere V\u00e5lerenga-spilleren ble tatt for sm\u00e5godt-tyveri.<\/p>\n<p><img alt=\" Foto: Jonas Been Henriksen \/ NTB\" class=\"_image_qp4xg_65 layout-component layout-wide\" data-fullscreen- data-track-element-type=\"Article image fullscreen\" data-track-name=\"ImageFullscreen\" fetchpriority=\"high\" decoding=\"sync\" loading=\"eager\" height=\"4000\" itemprop=\"image\"  src=\"https:\/\/www.europesays.com\/no\/wp-content\/uploads\/2025\/12\/8e4d35b2-44a2-4cf8-8489-234123b03f4b\"  style=\"object-position:0% 0%\" width=\"6000\"\/> Foto: Jonas Been Henriksen \/ NTB<\/p>\n<ul aria-hidden=\"true\" class=\"_images_1uft6_111\">\n<li><a class=\"_link_1uft6_116\" href=\"https:\/\/www.vg.no\/forfatter\/ane-moerk\" style=\"z-index:1\" title=\"Ane M\u00f8rk Holsen\" rel=\"nofollow noopener\" target=\"_blank\"><img alt=\"Bilde av Ane M\u00f8rk Holsen\" class=\"_image_1uft6_93\" fetchpriority=\"low\" loading=\"lazy\" decoding=\"async\" itemprop=\"image\"  src=\"https:\/\/www.europesays.com\/no\/wp-content\/uploads\/2025\/12\/9b990496-b96d-4e47-8bd6-de8dd6aa683f\"  width=\"480\"\/><\/a><\/li>\n<\/ul>\n<p> Oppdatert mandag 1. desember kl. 17:06     <\/p>\n<p class=\"_paragraph_o9xde_4 _paragraph_xtcu6_10 layout-component text-serif-m layout-normal text-serif-m layout-padded\">Freddy dos Santos m\u00e5 vente til februar med \u00e5 handle i sin lokale matbutikk p\u00e5 Gr\u00fcnerl\u00f8kka. \u00c5rsaken er at han ble tatt for \u00e5 spise sm\u00e5godt f\u00f8r han hadde betalt, skriver<a href=\"https:\/\/www.ao.no\/freddy-dos-santos-utestengt-fra-matbutikk-pa-gr-nerlokka-pa-grunn-av-tyveri\/s\/5-128-1205000\" class=\"_link_o9xde_39\" rel=\"nofollow noopener\" target=\"_blank\"> Avisa Oslo<\/a>. <\/p>\n<p class=\"_paragraph_o9xde_4 _paragraph_xtcu6_10 layout-component text-serif-m layout-normal text-serif-m layout-padded\">VG har v\u00e6rt i kontakt med dos Santos, som ikke \u00f8nsker \u00e5 kommentere saken ytterligere.<\/p>\n<p class=\"_paragraph_o9xde_4 _paragraph_xtcu6_10 layout-component text-serif-m layout-normal text-serif-m layout-padded\">I august stakk den tidligere fotballspilleren innom butikken for \u00e5 kj\u00f8pe godteri. Men f\u00f8r han kom til kassa, spiste han et stykke sm\u00e5godt.<\/p>\n<p class=\"_paragraph_o9xde_4 _paragraph_xtcu6_10 layout-component text-serif-m layout-normal text-serif-m layout-padded\"><strong class=\"_strong_o9xde_25\">\u2013 Jeg tar en og s\u00e5 spiser jeg den f\u00f8r jeg har g\u00e5tt gjennom kassa, forteller dos Santos i V\u00e5lerenga-podkasten \u00abJordaljournalen\u00bb, som AO omtalte f\u00f8rst.<\/strong><\/p>\n<p class=\"_paragraph_o9xde_4 _paragraph_xtcu6_10 layout-component text-serif-m layout-normal text-serif-m layout-padded\">Videre forteller han at ved kassa ventet en vekter p\u00e5 ham.<\/p>\n<p class=\"_paragraph_o9xde_4 _paragraph_xtcu6_10 layout-component text-serif-m layout-normal text-serif-m layout-padded\"><strong class=\"_strong_o9xde_25\">\u2013 Da jeg kom til kassa kommer en vekter bort til meg og sier: \u00abDu har blitt<br \/>tatt p\u00e5 kamera for \u00e5 spise sm\u00e5godt, s\u00e5 jeg m\u00e5 anmelde deg\u00bb, sier do Santos i podkasten.<\/strong><\/p>\n<p><img alt=\"Freddy dos Santos under Verdikampen p\u00e5 Norway Cup p\u00e5 Ekebergsletta i Oslo i sommer.  Foto: Lise \u00c5serud \/ NTB\" class=\"_image_qp4xg_65 layout-component layout-normal\" data-fullscreen- data-track-element-type=\"Article image fullscreen\" data-track-name=\"ImageFullscreen\" decoding=\"async\" loading=\"lazy\" height=\"631\" itemprop=\"image\"  src=\"https:\/\/www.europesays.com\/no\/wp-content\/uploads\/2025\/12\/6c9602ba-90fa-42eb-baf2-bd6f79fe8c7b\"  style=\"object-position:0% 0%\" width=\"943\"\/>Freddy dos Santos under Verdikampen p\u00e5 Norway Cup p\u00e5 Ekebergsletta i Oslo i sommer.  Foto: Lise \u00c5serud \/ NTB<\/p>\n<p class=\"_paragraph_o9xde_4 _paragraph_xtcu6_10 layout-component text-serif-m layout-normal text-serif-m layout-padded\">Dos Santos ble anholdt for tyveri av det ene godteriet og m\u00e5tte oppgi personalia. Han ble ogs\u00e5 utestengt fra butikken i seks m\u00e5neder.<\/p>\n<p class=\"_paragraph_o9xde_4 _paragraph_xtcu6_10 layout-component text-serif-m layout-normal text-serif-m layout-padded\">\u2013 S\u00e5 jeg sp\u00f8r: \u00abEr du seri\u00f8s? For det ene godteriet liksom?\u00bb, sier den tidligere fotballstjernen.<\/p>\n<p class=\"_paragraph_o9xde_4 _paragraph_xtcu6_10 layout-component text-serif-m layout-normal text-serif-m layout-padded\">Han har ikke f\u00e5tt noe brev fra politiet enn\u00e5, men utestengelsen gjelder til februar.<\/p>\n<p class=\"_paragraph_o9xde_4 _paragraph_xtcu6_10 layout-component text-serif-m layout-normal text-serif-m layout-padded\"><strong class=\"_strong_o9xde_25\">\u2013 Det er ikke krise. Det er mer skammen, sier dos Santos.<\/strong><\/p>\n<p class=\"_paragraph_o9xde_4 _paragraph_xtcu6_10 layout-component text-serif-m layout-normal text-serif-m layout-padded\">Den n\u00e5v\u00e6rende markedssjefen p\u00e5 Carls innr\u00f8mmer at dette ikke var hans stolteste \u00f8yeblikk.<\/p>\n<p class=\"_paragraph_o9xde_4 _paragraph_xtcu6_10 layout-component text-serif-m layout-normal text-serif-m layout-padded\"><strong class=\"_strong_o9xde_25\">\u2013 Verdens snilleste mann p\u00e5 48, utestengt i seks m\u00e5neder og anmeldt p\u00e5 grunn av stjeling av sm\u00e5godt, sp\u00f8kte programleder Robin Grov.<\/strong><\/p>\n","protected":false},"excerpt":{"rendered":"Den tidligere V\u00e5lerenga-spilleren ble tatt for sm\u00e5godt-tyveri. Foto: Jonas Been Henriksen \/ NTB Oppdatert mandag 1. desember kl.&hellip;\n","protected":false},"author":2,"featured_media":101611,"comment_status":"","ping_status":"","sticky":false,"template":"","format":"standard","meta":{"footnotes":""},"categories":[5],"tags":[20,21,24,25,15,19,22,23,17,18,13,30,28,29,14,636,16,26,27,46],"class_list":{"0":"post-101610","1":"post","2":"type-post","3":"status-publish","4":"format-standard","5":"has-post-thumbnail","7":"category-overskrifter","8":"tag-breaking-news","9":"tag-breakingnews","10":"tag-featured-news","11":"tag-featurednews","12":"tag-headlines","13":"tag-hovedoppslag","14":"tag-latest-news","15":"tag-latestnews","16":"tag-main-news","17":"tag-mainnews","18":"tag-news","19":"tag-no","20":"tag-norge","21":"tag-norway","22":"tag-nyheter","23":"tag-oslo","24":"tag-overskrifter","25":"tag-top-stories","26":"tag-topstories","27":"tag-vgai"},"share_on_mastodon":{"url":"https:\/\/pubeurope.com\/@no\/115645553578228277","error":""},"_links":{"self":[{"href":"https:\/\/www.europesays.com\/no\/wp-json\/wp\/v2\/posts\/101610","targetHints":{"allow":["GET"]}}],"collection":[{"href":"https:\/\/www.europesays.com\/no\/wp-json\/wp\/v2\/posts"}],"about":[{"href":"https:\/\/www.europesays.com\/no\/wp-json\/wp\/v2\/types\/post"}],"author":[{"embeddable":true,"href":"https:\/\/www.europesays.com\/no\/wp-json\/wp\/v2\/users\/2"}],"replies":[{"embeddable":true,"href":"https:\/\/www.europesays.com\/no\/wp-json\/wp\/v2\/comments?post=101610"}],"version-history":[{"count":0,"href":"https:\/\/www.europesays.com\/no\/wp-json\/wp\/v2\/posts\/101610\/revisions"}],"wp:featuredmedia":[{"embeddable":true,"href":"https:\/\/www.europesays.com\/no\/wp-json\/wp\/v2\/media\/101611"}],"wp:attachment":[{"href":"https:\/\/www.europesays.com\/no\/wp-json\/wp\/v2\/media?parent=101610"}],"wp:term":[{"taxonomy":"category","embeddable":true,"href":"https:\/\/www.europesays.com\/no\/wp-json\/wp\/v2\/categories?post=101610"},{"taxonomy":"post_tag","embeddable":true,"href":"https:\/\/www.europesays.com\/no\/wp-json\/wp\/v2\/tags?post=101610"}],"curies":[{"name":"wp","href":"https:\/\/api.w.org\/{rel}","templated":true}]}}