{"id":101614,"date":"2025-12-01T17:52:27","date_gmt":"2025-12-01T17:52:27","guid":{"rendered":"https:\/\/www.europesays.com\/no\/101614\/"},"modified":"2025-12-01T17:52:27","modified_gmt":"2025-12-01T17:52:27","slug":"hvis-dere-vil-ha-den-sa-skal-jeg-gi-den-til-dere","status":"publish","type":"post","link":"https:\/\/www.europesays.com\/no\/101614\/","title":{"rendered":"\u2013 Hvis dere vil ha den, s\u00e5 skal jeg gi den til dere"},"content":{"rendered":"<p>  USAs president Donald Trump sier at han vil offentliggj\u00f8re resultater fra MR-unders\u00f8kelsen han hadde i oktober.<\/p>\n<p>\n    President Donald Trump snakket med journalister om bord p\u00e5 Air Force One s\u00f8ndag. Foto: Alex Brandon \/ AP \/ NTB\n  <\/p>\n<p>\u2013 Hvis dere vil ha den, s\u00e5 skal jeg gi den til dere, sa presidenten til journalister som fulgte ham p\u00e5 presidentflyet p\u00e5 vei til Washington fra Florida s\u00f8ndag.<\/p>\n<p>Han sa at resultatene fra MR-unders\u00f8kelsen var \u00abperfekte\u00bb. Men han la ogs\u00e5 til at han ikke har \u00abnoen anelse\u00bb om hvilken del av kroppen som legene tok MR-bilder av.<\/p>\n<p>\u2013 Det var bare MR. Hvilken del av kroppen? Det var ikke hjernen, fordi jeg tok en kognitiv test og jeg besto den med glans, sa presidenten.<\/p>\n<p>Det hvite hus har heller ikke kommet med detaljer rundt MR-testen fra oktober, eller sagt noe om hvilken kroppsdel som ble skannet. Pressetalskvinne Karoline Leavitt har sagt at det dreide seg om en rutineunders\u00f8kelse og at resultatene viste at Trumps helse er usedvanlig god.<\/p>\n","protected":false},"excerpt":{"rendered":"USAs president Donald Trump sier at han vil offentliggj\u00f8re resultater fra MR-unders\u00f8kelsen han hadde i oktober. President Donald&hellip;\n","protected":false},"author":2,"featured_media":101615,"comment_status":"","ping_status":"","sticky":false,"template":"","format":"standard","meta":{"footnotes":""},"categories":[12],"tags":[20,21,24,25,15,22,23,13,30,28,29,14,16,26,27,42,43,44,45],"class_list":{"0":"post-101614","1":"post","2":"type-post","3":"status-publish","4":"format-standard","5":"has-post-thumbnail","7":"category-verden","8":"tag-breaking-news","9":"tag-breakingnews","10":"tag-featured-news","11":"tag-featurednews","12":"tag-headlines","13":"tag-latest-news","14":"tag-latestnews","15":"tag-news","16":"tag-no","17":"tag-norge","18":"tag-norway","19":"tag-nyheter","20":"tag-overskrifter","21":"tag-top-stories","22":"tag-topstories","23":"tag-verden","24":"tag-world","25":"tag-world-news","26":"tag-worldnews"},"share_on_mastodon":{"url":"https:\/\/pubeurope.com\/@no\/115645588829510205","error":""},"_links":{"self":[{"href":"https:\/\/www.europesays.com\/no\/wp-json\/wp\/v2\/posts\/101614","targetHints":{"allow":["GET"]}}],"collection":[{"href":"https:\/\/www.europesays.com\/no\/wp-json\/wp\/v2\/posts"}],"about":[{"href":"https:\/\/www.europesays.com\/no\/wp-json\/wp\/v2\/types\/post"}],"author":[{"embeddable":true,"href":"https:\/\/www.europesays.com\/no\/wp-json\/wp\/v2\/users\/2"}],"replies":[{"embeddable":true,"href":"https:\/\/www.europesays.com\/no\/wp-json\/wp\/v2\/comments?post=101614"}],"version-history":[{"count":0,"href":"https:\/\/www.europesays.com\/no\/wp-json\/wp\/v2\/posts\/101614\/revisions"}],"wp:featuredmedia":[{"embeddable":true,"href":"https:\/\/www.europesays.com\/no\/wp-json\/wp\/v2\/media\/101615"}],"wp:attachment":[{"href":"https:\/\/www.europesays.com\/no\/wp-json\/wp\/v2\/media?parent=101614"}],"wp:term":[{"taxonomy":"category","embeddable":true,"href":"https:\/\/www.europesays.com\/no\/wp-json\/wp\/v2\/categories?post=101614"},{"taxonomy":"post_tag","embeddable":true,"href":"https:\/\/www.europesays.com\/no\/wp-json\/wp\/v2\/tags?post=101614"}],"curies":[{"name":"wp","href":"https:\/\/api.w.org\/{rel}","templated":true}]}}