{"id":101618,"date":"2025-12-01T17:54:23","date_gmt":"2025-12-01T17:54:23","guid":{"rendered":"https:\/\/www.europesays.com\/no\/101618\/"},"modified":"2025-12-01T17:54:23","modified_gmt":"2025-12-01T17:54:23","slug":"letingen-fortsetter-etter-savnet-kvinne-i-telemark-2","status":"publish","type":"post","link":"https:\/\/www.europesays.com\/no\/101618\/","title":{"rendered":"Letingen fortsetter etter savnet kvinne i Telemark"},"content":{"rendered":"<p>\u2013 Det har v\u00e6rt 25 personer i aktivt s\u00f8k. Vi har f\u00e5tt hjelp fra Folkehjelpen, Norsk Alpin redningsgruppe, Norske redningshunder og R\u00f8de Kors. I tillegg har vi hatt politiressurser. Sarqueen har ogs\u00e5 v\u00e6rt i s\u00f8k noen timer da v\u00e6ret tillot det, opplyste operasjonsleder Ottar Steinst\u00f8 i S\u00f8r\u00f8st politidistrikt ved 5.40-tiden mandag morgen.<\/p>\n<p>Han varsler at s\u00f8ket fortsetter gjennom dagen.<\/p>\n<p>\u2013 Det er krevende forhold \u00e5 s\u00f8ke i, da det er en del sn\u00f8 og periodevis d\u00e5rlig v\u00e6r Vi fortsetter med s\u00f8ket fremover p\u00e5 dagtid, opplyser Steinst\u00f8.<\/p>\n<p>Kvinnen er i 40-\u00e5rene. Hun hadde ikke kommet tilbake fra treningstur, men bilen hennes ble lokalisert p\u00e5 en parkeringsplass i n\u00e6rheten av Ravnejuv. Hun har ikke blitt observert siden hun dro hjemmefra klokken 10.20 l\u00f8rdag. Leteaksjonen ble iverksatt klokken 13.50 s\u00f8ndag.<\/p>\n","protected":false},"excerpt":{"rendered":"\u2013 Det har v\u00e6rt 25 personer i aktivt s\u00f8k. Vi har f\u00e5tt hjelp fra Folkehjelpen, Norsk Alpin redningsgruppe,&hellip;\n","protected":false},"author":2,"featured_media":1271,"comment_status":"","ping_status":"","sticky":false,"template":"","format":"standard","meta":{"footnotes":""},"categories":[5],"tags":[20,21,24,25,15,19,22,23,17,18,13,30,28,29,14,16,26,27],"class_list":{"0":"post-101618","1":"post","2":"type-post","3":"status-publish","4":"format-standard","5":"has-post-thumbnail","7":"category-overskrifter","8":"tag-breaking-news","9":"tag-breakingnews","10":"tag-featured-news","11":"tag-featurednews","12":"tag-headlines","13":"tag-hovedoppslag","14":"tag-latest-news","15":"tag-latestnews","16":"tag-main-news","17":"tag-mainnews","18":"tag-news","19":"tag-no","20":"tag-norge","21":"tag-norway","22":"tag-nyheter","23":"tag-overskrifter","24":"tag-top-stories","25":"tag-topstories"},"share_on_mastodon":{"url":"https:\/\/pubeurope.com\/@no\/115645596670438980","error":""},"_links":{"self":[{"href":"https:\/\/www.europesays.com\/no\/wp-json\/wp\/v2\/posts\/101618","targetHints":{"allow":["GET"]}}],"collection":[{"href":"https:\/\/www.europesays.com\/no\/wp-json\/wp\/v2\/posts"}],"about":[{"href":"https:\/\/www.europesays.com\/no\/wp-json\/wp\/v2\/types\/post"}],"author":[{"embeddable":true,"href":"https:\/\/www.europesays.com\/no\/wp-json\/wp\/v2\/users\/2"}],"replies":[{"embeddable":true,"href":"https:\/\/www.europesays.com\/no\/wp-json\/wp\/v2\/comments?post=101618"}],"version-history":[{"count":0,"href":"https:\/\/www.europesays.com\/no\/wp-json\/wp\/v2\/posts\/101618\/revisions"}],"wp:featuredmedia":[{"embeddable":true,"href":"https:\/\/www.europesays.com\/no\/wp-json\/wp\/v2\/media\/1271"}],"wp:attachment":[{"href":"https:\/\/www.europesays.com\/no\/wp-json\/wp\/v2\/media?parent=101618"}],"wp:term":[{"taxonomy":"category","embeddable":true,"href":"https:\/\/www.europesays.com\/no\/wp-json\/wp\/v2\/categories?post=101618"},{"taxonomy":"post_tag","embeddable":true,"href":"https:\/\/www.europesays.com\/no\/wp-json\/wp\/v2\/tags?post=101618"}],"curies":[{"name":"wp","href":"https:\/\/api.w.org\/{rel}","templated":true}]}}