{"id":101619,"date":"2025-12-01T17:55:09","date_gmt":"2025-12-01T17:55:09","guid":{"rendered":"https:\/\/www.europesays.com\/no\/101619\/"},"modified":"2025-12-01T17:55:09","modified_gmt":"2025-12-01T17:55:09","slug":"langrenn-emil-iversen-tidligere-langrennstopp-refser-klaebo-og-iversen","status":"publish","type":"post","link":"https:\/\/www.europesays.com\/no\/101619\/","title":{"rendered":"Langrenn, Emil Iversen | Tidligere langrennstopp refser Kl\u00e6bo og Iversen"},"content":{"rendered":"\n<p>Emil Iversen gikk hardt ut mot Skiforbundet da han ble vraket til verdenscup\u00e5pningen i finske Ruka forrige helg.<\/p>\n<p>Tr\u00f8nderen uttalte blant annet at han \u00abtrodde at han var med p\u00e5 skjult kamera\u00bb da han fikk beskjeden.<\/p>\n<p>Senere fulgte Johannes H\u00f8sflot opp kritikken og kalte vrakingen av kompisen for d\u00e5rlig h\u00e5ndverk av ledelsen.<\/p>\n<p>Bjervig ut mot profilene<\/p>\n<p>I et innlegg p\u00e5 LinkedIn svarer tidligere langrennssjef Espen Bjervig p\u00e5 uttalelsene fra profilene.<\/p>\n<p>\u00abN\u00e5r noen av v\u00e5re beste l\u00f8pere bruker mediene til \u00e5 uttrykke misn\u00f8ye om uttak, organisering og ledelse, ender sporten i et negativt lys. Uttalelser om \u00abd\u00e5rlig h\u00e5ndverk\u00bb, \u00abskjult kamera\u00bb og \u00abde skal ikke ha \u00e6ren for det\u00bb skaper st\u00f8y og negativitet\u00bb, skriver Bjervig i et innlegg p\u00e5 det sosiale nettverket <a href=\"https:\/\/no.linkedin.com\/posts\/espen-bjervig-7238b83_krise-uttak-til-world-cup-i-langrenn-dette-activity-7400941873999241217-Y83l\" rel=\"nofollow noopener\" target=\"_blank\">LinkedIn<\/a>.<\/p>\n<p>   <img decoding=\"async\" width=\"6607\" height=\"4498\" fetchpriority=\"low\"  loading=\"lazy\"  src=\"https:\/\/www.europesays.com\/no\/wp-content\/uploads\/2025\/12\/NTB_OqbAXlKOgus.jpg\" alt=\"Beitost\u00f8len 20231116. &#10;Espen Bjervig under mediem\u00f8tet p\u00e5 Beitost\u00f8len foran den den nasjonale sesong\u00e5pningen p\u00e5 Beitost\u00f8len.&#10;Foto: Geir Olsen \/ NTB\" class=\"brick-c-cFOWSL\" style=\"--brick-image-ratio: 6607 \/ 4498;\"\/><\/p>\n<p>      KRITISK: Espen Bjervig er ikke imponert.<br \/>\n      Foto: Geir Olsen (NTB)\n    <\/p>\n<p>Emil Iversen endte opp med \u00e5 g\u00e5 Norgescup da han ble vraket til verdenscupen og vant to renn p\u00e5 G\u00e5l\u00e5.<\/p>\n<p>Da uttalte Kl\u00e6bo at \u00ablandslagsledelsen p\u00e5 ingen m\u00e5te skulle ha \u00e6ren for det\u00bb, da NRK spurte om det var et genistrek \u00e5 gj\u00f8re Iversen tent gjennom vrakingen.<\/p>\n<p>Sammenligner med n\u00e6ringslivet<\/p>\n<p>Overfor VG utdyper Bjervig sin kritikk mot profilene.<\/p>\n<p>\u2013 Jeg reagerer p\u00e5 at ut\u00f8vere bruker media for \u00e5 prate ned et system man er en del av. De kritiserer det med forskjellige benevnelser, de snakker om personer, saksgang og s\u00e5nne ting. Jeg synes ikke det er en god m\u00e5te \u00e5 bygge kultur og en sport p\u00e5, sier han.<\/p>\n<p>Verken Kl\u00e6bo eller Iversen \u00f8nsker \u00e5 svare p\u00e5 kritikken fra Bjervig, som videre skriver f\u00f8lgende:<\/p>\n<p>\u00abI n\u00e6ringslivet ville man aldri offentlig snakket ned sin egen arbeidsplass, det er diskvalifiserende. I lagidretter som fotball, ser vi de siste ukene hvordan spillere l\u00f8fter hverandre, skaper resultater, ikke konflikter\u00bb.<\/p>\n<p>Nettavisen-kommentator<a href=\"https:\/\/www.nettavisen.no\/norsk-debatt\/emil-iversen-er-ikke-problemet-det-er-kompisene\/o\/5-95-2755746\" rel=\"Follow nofollow noopener\" target=\"_blank\"> Ernst A. Lersveen tar et oppgj\u00f8r med begge partene i debatten<\/a>.<\/p>\n<p>Han mener Kl\u00e6bo er inhabil, siden han er en god venn av Iversen, og han forst\u00e5r seg heller ikke p\u00e5 kritikken fra Bjervig.<\/p>\n<p>\u00abHallo, Bjervig!<\/p>\n<p>Dette er noe s\u00e5 ufarlig som idrett! Langrenn er ogs\u00e5 underholdning. Og diskusjon og uenighet er helt ufarlig. Som oftest kommer det ogs\u00e5 noe godt ut av det. Kanskje n\u00e6ringslivet har noe \u00e5 l\u00e6re av idretten p\u00e5 dette omr\u00e5det?\u00bb, skriver Lersveen.<\/p>\n<p>Forrige helgs resultater p\u00e5 G\u00e5l\u00e5 gj\u00f8r at Emil Iversen har f\u00e5tt plass p\u00e5 10 kilometer fri og 20 kilometer med skibytte i verdenscupen p\u00e5 Lillehammer kommende helg.<\/p>\n","protected":false},"excerpt":{"rendered":"Emil Iversen gikk hardt ut mot Skiforbundet da han ble vraket til verdenscup\u00e5pningen i finske Ruka forrige helg.&hellip;\n","protected":false},"author":2,"featured_media":101620,"comment_status":"","ping_status":"","sticky":false,"template":"","format":"standard","meta":{"footnotes":""},"categories":[59],"tags":[30,28,29,83,82],"class_list":{"0":"post-101619","1":"post","2":"type-post","3":"status-publish","4":"format-standard","5":"has-post-thumbnail","7":"category-sport","8":"tag-no","9":"tag-norge","10":"tag-norway","11":"tag-sport","12":"tag-sports"},"share_on_mastodon":{"url":"https:\/\/pubeurope.com\/@no\/115645600642684675","error":""},"_links":{"self":[{"href":"https:\/\/www.europesays.com\/no\/wp-json\/wp\/v2\/posts\/101619","targetHints":{"allow":["GET"]}}],"collection":[{"href":"https:\/\/www.europesays.com\/no\/wp-json\/wp\/v2\/posts"}],"about":[{"href":"https:\/\/www.europesays.com\/no\/wp-json\/wp\/v2\/types\/post"}],"author":[{"embeddable":true,"href":"https:\/\/www.europesays.com\/no\/wp-json\/wp\/v2\/users\/2"}],"replies":[{"embeddable":true,"href":"https:\/\/www.europesays.com\/no\/wp-json\/wp\/v2\/comments?post=101619"}],"version-history":[{"count":0,"href":"https:\/\/www.europesays.com\/no\/wp-json\/wp\/v2\/posts\/101619\/revisions"}],"wp:featuredmedia":[{"embeddable":true,"href":"https:\/\/www.europesays.com\/no\/wp-json\/wp\/v2\/media\/101620"}],"wp:attachment":[{"href":"https:\/\/www.europesays.com\/no\/wp-json\/wp\/v2\/media?parent=101619"}],"wp:term":[{"taxonomy":"category","embeddable":true,"href":"https:\/\/www.europesays.com\/no\/wp-json\/wp\/v2\/categories?post=101619"},{"taxonomy":"post_tag","embeddable":true,"href":"https:\/\/www.europesays.com\/no\/wp-json\/wp\/v2\/tags?post=101619"}],"curies":[{"name":"wp","href":"https:\/\/api.w.org\/{rel}","templated":true}]}}