{"id":101621,"date":"2025-12-01T18:04:10","date_gmt":"2025-12-01T18:04:10","guid":{"rendered":"https:\/\/www.europesays.com\/no\/101621\/"},"modified":"2025-12-01T18:04:10","modified_gmt":"2025-12-01T18:04:10","slug":"kumudu-44-vil-hjelpe-ofrene-etter-naturkatastrofen-jeg-klarer-ikke-a-sitte-stille-og-se-pa-namdalsavisa","status":"publish","type":"post","link":"https:\/\/www.europesays.com\/no\/101621\/","title":{"rendered":"Kumudu (44) vil hjelpe ofrene etter naturkatastrofen: \u2013 Jeg klarer ikke \u00e5 sitte stille og se p\u00e5 &#8211; Namdalsavisa"},"content":{"rendered":"<ol>\n<li><a href=\"https:\/\/news.google.com\/rss\/articles\/CBMizwFBVV95cUxQY2xtX28xR2U4WHpZX2JMR3Q5dlR2QkdGVXZtdGhOdWM1MEVRWXdrcmRwSW51T2tTTmhRRUZOWDBmSHpzZmUxNzFzQUdmQk5tS0c3SWVNbkdzWnpTRnhiMlgwMm5OeUVSSTNWMFkwTUJZdFdybHkyZEtPZlc5Snc5SFh5SmY2bmMzcU5pZHhhbzVtN3ZudjdSR3hvNzNYNnJjQUNMcGl2LXJQU01QVUFIUS05c0lRU1dRdkNiQmhicGZpTmtheE5EdnJTM2ZTMjA?oc=5\" target=\"_blank\" rel=\"nofollow noopener\">Kumudu (44) vil hjelpe ofrene etter naturkatastrofen: \u2013 Jeg klarer ikke \u00e5 sitte stille og se p\u00e5<\/a>&nbsp;&nbsp;Namdalsavisa<\/li>\n<li><a href=\"https:\/\/news.google.com\/rss\/articles\/CBMikwFBVV95cUxNcDB6cUU2UnFtREJObHRNVndVNFFtUnhtYjRDVFdvUlk3SGdUYXJDQWhzTjkwNEo0a21yRzJmazY2QWVmZkJIYkhTeHZvenItOXhUT1liUl9FNlhTTThBc3Rsd3Q5Nk9XaHVCMXUxdlFwUXp6dmJFcGk2aVhhRTREV3V0Q1BuRkxKVEJWM2ZHeF9nTDQ?oc=5\" target=\"_blank\" rel=\"nofollow noopener\">N\u00e6r 1000 d\u00f8de i voldsomme flommer i S\u00f8r\u00f8st-Asia: \u2013\u2060 Huset mitt er helt oversv\u00f8mt<\/a>&nbsp;&nbsp;VG<\/li>\n<li><a href=\"https:\/\/news.google.com\/rss\/articles\/CBMiswFBVV95cUxNemdRSVlQeVRnLTFwWnlXbFhNbVQzZVppR2QxdDBoTGpnSDRUUVdBcjJ3TUMwaXg4YkdITkFQUm4wVnhXNUtCZlNIcUdUVTVWaWhobGR3dzh4cDZPSTl1MEdUa0J5M1BTZUpwTHdkNUo3a2EtQ1pEdGVLREpNQkNaelpjeVUyak96ZW5PNlMtMGZiWEt5T1djQVhhTFhBV2lTN05rb1hHbjBsQ2pzMlpxbWY4dw?oc=5\" target=\"_blank\" rel=\"nofollow noopener\">Over 500 d\u00f8de og flere hundre er savnet etter flom og jordskred i Indonesia \u2013 Siste nytt<\/a>&nbsp;&nbsp;NRK<\/li>\n<li><a href=\"https:\/\/news.google.com\/rss\/articles\/CBMif0FVX3lxTE9Rd1FQUi12T2FWYTZ0Y2s5XzVFcENXODBqdGhGRnB3Y1JGUk5waTU1Y05taGgtdWhjbTZ1V0JtOWE5dXRCanM1X3RkTjBhb19BQS0tdkVsdmtDOTNzU0lpb183RUYyRFF3QU8wQW1JSmVJUGpydTRHRURtQ0UyZG8?oc=5\" target=\"_blank\" rel=\"nofollow noopener\">Syklon herjer: D\u00f8dstallene stiger<\/a>&nbsp;&nbsp;Dagbladet<\/li>\n<li><a href=\"https:\/\/news.google.com\/rss\/articles\/CBMimwFBVV95cUxPQXVYMkdkTTByTjBHWndfX1ZyMC1VNmtJZmNrRzVrWmt4OWg2WW1QbERIakozbV9mX0lZZmxOYVFUbHAxLWVNS1E0VlM0V0FZOGxjZnN6eTFiblI0aEc3YmhUU1I5bFMyNnhPcHN4OXBCZmZTYVVqNFhtRDZYRHlTMVduREVEU21QSE9Nd1JsYlBaZF80SmlVQjk2SQ?oc=5\" target=\"_blank\" rel=\"nofollow noopener\">N\u00e6rmere 2000 d\u00f8de og savnede i flom i S\u00f8r\u00f8st-Asia<\/a>&nbsp;&nbsp;adressa.no<\/li>\n<\/ol>\n","protected":false},"excerpt":{"rendered":"Kumudu (44) vil hjelpe ofrene etter naturkatastrofen: \u2013 Jeg klarer ikke \u00e5 sitte stille og se p\u00e5&nbsp;&nbsp;Namdalsavisa N\u00e6r&hellip;\n","protected":false},"author":2,"featured_media":101622,"comment_status":"","ping_status":"","sticky":false,"template":"","format":"standard","meta":{"footnotes":""},"categories":[12],"tags":[20,21,24,25,15,22,23,13,30,28,29,14,16,26,27,42,43,44,45],"class_list":{"0":"post-101621","1":"post","2":"type-post","3":"status-publish","4":"format-standard","5":"has-post-thumbnail","7":"category-verden","8":"tag-breaking-news","9":"tag-breakingnews","10":"tag-featured-news","11":"tag-featurednews","12":"tag-headlines","13":"tag-latest-news","14":"tag-latestnews","15":"tag-news","16":"tag-no","17":"tag-norge","18":"tag-norway","19":"tag-nyheter","20":"tag-overskrifter","21":"tag-top-stories","22":"tag-topstories","23":"tag-verden","24":"tag-world","25":"tag-world-news","26":"tag-worldnews"},"share_on_mastodon":{"url":"https:\/\/pubeurope.com\/@no\/115645636000728521","error":""},"_links":{"self":[{"href":"https:\/\/www.europesays.com\/no\/wp-json\/wp\/v2\/posts\/101621","targetHints":{"allow":["GET"]}}],"collection":[{"href":"https:\/\/www.europesays.com\/no\/wp-json\/wp\/v2\/posts"}],"about":[{"href":"https:\/\/www.europesays.com\/no\/wp-json\/wp\/v2\/types\/post"}],"author":[{"embeddable":true,"href":"https:\/\/www.europesays.com\/no\/wp-json\/wp\/v2\/users\/2"}],"replies":[{"embeddable":true,"href":"https:\/\/www.europesays.com\/no\/wp-json\/wp\/v2\/comments?post=101621"}],"version-history":[{"count":0,"href":"https:\/\/www.europesays.com\/no\/wp-json\/wp\/v2\/posts\/101621\/revisions"}],"wp:featuredmedia":[{"embeddable":true,"href":"https:\/\/www.europesays.com\/no\/wp-json\/wp\/v2\/media\/101622"}],"wp:attachment":[{"href":"https:\/\/www.europesays.com\/no\/wp-json\/wp\/v2\/media?parent=101621"}],"wp:term":[{"taxonomy":"category","embeddable":true,"href":"https:\/\/www.europesays.com\/no\/wp-json\/wp\/v2\/categories?post=101621"},{"taxonomy":"post_tag","embeddable":true,"href":"https:\/\/www.europesays.com\/no\/wp-json\/wp\/v2\/tags?post=101621"}],"curies":[{"name":"wp","href":"https:\/\/api.w.org\/{rel}","templated":true}]}}