{"id":101625,"date":"2025-12-01T18:06:14","date_gmt":"2025-12-01T18:06:14","guid":{"rendered":"https:\/\/www.europesays.com\/no\/101625\/"},"modified":"2025-12-01T18:06:14","modified_gmt":"2025-12-01T18:06:14","slug":"kirsti-bergsto-tror-pa-enighet-mellom-partiene","status":"publish","type":"post","link":"https:\/\/www.europesays.com\/no\/101625\/","title":{"rendered":"Kirsti Bergst\u00f8 tror p\u00e5 enighet mellom partiene"},"content":{"rendered":"\n<p class=\"_lead_o9xde_2 _lead_xtcu6_50 layout-component text-serif-m layout-normal text-serif-l layout-component layout-wide layout-padded _wide_17hqh_1 layout-padded\">Kirsti Bergst\u00f8 har stor tro p\u00e5 at de r\u00f8dgr\u00f8nne partiene blir enige om stats\u00adbudsjettet f\u00f8r fredag. Hun sier at det er ulike skisser p\u00e5 bordet. <\/p>\n<p><img alt=\"UTENFOR BRENNA: SV-leder Kirsti Bergst\u00f8 tror p\u00e5 enighet innen fredag.  Foto: G\u00f8ran Bohlin \/ VG\" class=\"_image_qp4xg_65 layout-component layout-wide\" data-fullscreen- data-track-element-type=\"Article image fullscreen\" data-track-name=\"ImageFullscreen\" fetchpriority=\"high\" decoding=\"sync\" loading=\"eager\" height=\"5480\" itemprop=\"image\"  src=\"https:\/\/www.europesays.com\/no\/wp-content\/uploads\/2025\/12\/2a095fdc-7f1c-4d0f-88ab-6329c70f9c52\"  style=\"object-position:0% 0%\" width=\"6689\"\/>UTENFOR BRENNA: SV-leder Kirsti Bergst\u00f8 tror p\u00e5 enighet innen fredag.  Foto: G\u00f8ran Bohlin \/ VG Oppdatert mandag 1. desember kl. 19:00    <\/p>\n<ul class=\"_list_o9xde_3 _list_64s2r_85 _unordered_o9xde_106 text-sans-m\">\n<li class=\"_item_o9xde_30\">Arbeiderpartiet, Sp og R\u00f8dt trenger st\u00f8tte fra SV og MDG for flertall for statsbudsjettet.<\/li>\n<li class=\"_item_o9xde_30\">Hvis enighet ikke n\u00e5s, kan St\u00f8re bli truet med \u00e5 m\u00e5tte g\u00e5 av-<\/li>\n<li class=\"_item_o9xde_30\">SV-leder Kirsti Bergst\u00f8 fremhever viktigheten av enighet for trygg styring av landet.<\/li>\n<\/ul>\n<p>Vis mer <\/p>\n<p class=\"_paragraph_o9xde_4 _paragraph_xtcu6_10 layout-component text-serif-m layout-normal text-serif-m layout-padded\">\u2013 Jeg har hatt gode samtaler i dag. De m\u00e5 fortsette. M\u00e5let til SV er \u00e5 sikre flertall for en god budsjettenighet som alle kan stille seg bak. Det har v\u00e6rt m\u00e5let hele tiden, sier <a href=\"https:\/\/www.vg.no\/tag\/kirsti-bergstoe?utm_source=vg-article&amp;utm_medium=auto-tagger&amp;utm_campaign=wr6qgL\" class=\"_link_o9xde_39\" rel=\"nofollow noopener\" target=\"_blank\">Kirsti Bergst\u00f8<\/a> til VG. <\/p>\n<p class=\"_paragraph_o9xde_4 _paragraph_xtcu6_10 layout-component text-serif-m layout-normal text-serif-m layout-padded\">Hun var like etter klokken 17.30 p\u00e5 vei ut fra parlamentarisk lederparlamentarisk lederEn parlamentarisk leder er den personen som leder arbeidet til en partigruppe i parlamentet, som i Norge er Stortinget. Tonje Brennas (Ap) kontor p\u00e5 Stortinget. Temaet har v\u00e6rt statsbudsjettetstatsbudsjettetStatsbudsjettet er en plan for hvordan staten skal bruke penger og hvor inntektene skal komme fra i l\u00f8pet av et \u00e5r..<\/p>\n<p class=\"_paragraph_o9xde_4 _paragraph_xtcu6_10 layout-component text-serif-m layout-normal text-serif-m layout-padded\">\u2013 Det aller viktigste er \u00e5 finne en enighet som kan samle hele den r\u00f8dgr\u00f8nne siden og som har flertall bak seg. Det blir n\u00f8dvendig for en trygg styring av landet, men ogs\u00e5 for at de gode tingene som ligger i mindretallets forslag faktisk blir virkelighet, sier hun.<\/p>\n<p><img alt=\"M\u00d8TER PRESSEN: Bergst\u00f8   Foto: G\u00f8ran Bohlin \/ VG\" class=\"_image_qp4xg_65 layout-component layout-normal\" data-fullscreen- data-track-element-type=\"Article image fullscreen\" data-track-name=\"ImageFullscreen\" decoding=\"async\" loading=\"lazy\" height=\"5504\" itemprop=\"image\"  src=\"https:\/\/www.europesays.com\/no\/wp-content\/uploads\/2025\/12\/b59ac9b4-be27-49a0-8f00-f6c4755b0103\"  style=\"object-position:0% 0%\" width=\"8256\"\/>M\u00d8TER PRESSEN: Bergst\u00f8   Foto: G\u00f8ran Bohlin \/ VG<\/p>\n<p class=\"_paragraph_o9xde_4 _paragraph_xtcu6_10 layout-component text-serif-m layout-normal text-serif-m layout-padded\">Arbeiderpartiet ble l\u00f8rdag enige med Sp og R\u00f8dt om en budsjettavtale. De trenger b\u00e5de SV og MDGs st\u00f8tte for \u00e5 f\u00e5 flertall for budsjettet i Stortinget.<\/p>\n<p class=\"_paragraph_o9xde_4 _paragraph_xtcu6_10 layout-component text-serif-m layout-normal text-serif-m layout-padded\">Den st\u00f8tten m\u00e5 de sikre seg f\u00f8r finansdebatten p\u00e5 fredag. <\/p>\n<p class=\"_paragraph_o9xde_4 _paragraph_xtcu6_10 layout-component text-serif-m layout-normal layout-padded\"><strong class=\"_strong_o9xde_25\">Les ogs\u00e5:<\/strong> <a href=\"https:\/\/www.vg.no\/i\/xrAowG\" data-track-element-type=\"Link\" data-track-id=\"link:xrAowG\" class=\"_link_o9xde_39\" rel=\"nofollow noopener\" target=\"_blank\">Dette m\u00e5 du vite om budsjettkrisen<\/a><\/p>\n<p class=\"_paragraph_o9xde_4 _paragraph_xtcu6_10 layout-component text-serif-m layout-normal text-serif-m layout-padded\">Hvis det ikke skjer kan St\u00f8re m\u00e5tte stille kabinettssp\u00f8rsm\u00e5l for \u00e5 f\u00e5 flertall. Det betyr at han truer med at regjeringen g\u00e5r av hvis de ikke vinner avstemningen. <\/p>\n<p class=\"_paragraph_o9xde_4 _paragraph_xtcu6_10 layout-component text-serif-m layout-normal text-serif-m layout-padded\">\u2013 M\u00e5 dere ha noe p\u00e5 b\u00e5de milj\u00f8 og Palestina?<\/p>\n<p class=\"_paragraph_o9xde_4 _paragraph_xtcu6_10 layout-component text-serif-m layout-normal text-serif-m layout-padded\">\u2013 Vi jobber med forskjellige l\u00f8sninger for \u00e5 f\u00e5 en helhet, slik at alle partier kan st\u00e5 bak det. Det er det viktige, sier hun. <\/p>\n<p>   \u2013 M\u00e5 samle det r\u00f8dgr\u00f8nne laget<\/p>\n<p class=\"_paragraph_o9xde_4 _paragraph_xtcu6_10 layout-component text-serif-m layout-normal text-serif-m layout-padded\">Bergst\u00f8 m\u00f8tte ogs\u00e5 Brenna tidligere mandag. Hun uttalte ogs\u00e5 da at hun hadde stor tro p\u00e5 at de r\u00f8dgr\u00f8nne partiene kan finne sammen.<\/p>\n<p class=\"_paragraph_o9xde_4 _paragraph_xtcu6_10 layout-component text-serif-m layout-normal text-serif-m layout-padded\">\u2013 Hva slags samtaler er planlagt n\u00e5 mellom dere og regjeringen?<\/p>\n<p class=\"_paragraph_o9xde_4 _paragraph_xtcu6_10 layout-component text-serif-m layout-normal text-serif-m layout-padded\">\u2013 Det er ulike samtaler til ulike tider med ulike skisser p\u00e5 bordet. Jeg g\u00e5r ikke n\u00e6rmere inn p\u00e5 det. <\/p>\n<p class=\"_paragraph_o9xde_4 _paragraph_xtcu6_10 layout-component text-serif-m layout-normal text-serif-m layout-padded\">\u2013 Snakker du direkte med St\u00f8re?<\/p>\n<p class=\"_paragraph_o9xde_4 _paragraph_xtcu6_10 layout-component text-serif-m layout-normal text-serif-m layout-padded\">\u2013 Jeg snakker med de det er hensiktsmessig \u00e5 snakke med. N\u00e5 m\u00e5 vi klare \u00e5 samle det r\u00f8dgr\u00f8nne laget og f\u00e5 et budsjett som faktisk har et flertall bak seg. Det tror jeg alle er tjent med.<\/p>\n<p><img alt=\"Foto: G\u00f8ran Bohlin \/ VG\" class=\"_image_qp4xg_65 layout-component layout-normal\" data-fullscreen- data-track-element-type=\"Article image fullscreen\" data-track-name=\"ImageFullscreen\" decoding=\"async\" loading=\"lazy\" height=\"5504\" itemprop=\"image\"  src=\"https:\/\/www.europesays.com\/no\/wp-content\/uploads\/2025\/12\/0b0bb936-7260-41f4-995d-dc568561eec5\"  style=\"object-position:0% 0%\" width=\"8256\"\/>Foto: G\u00f8ran Bohlin \/ VG<\/p>\n<p class=\"_paragraph_o9xde_4 _paragraph_xtcu6_10 layout-component text-serif-m layout-normal text-serif-m layout-padded\">\u2013 Tror du at du f\u00e5r det til? <\/p>\n<p class=\"_paragraph_o9xde_4 _paragraph_xtcu6_10 layout-component text-serif-m layout-normal text-serif-m layout-padded\">\u2013 Jeg har stor tro. Jeg har h\u00e5p og jeg tror at det kan lande bra.<\/p>\n<p class=\"_paragraph_o9xde_4 _paragraph_xtcu6_10 layout-component text-serif-m layout-normal text-serif-m layout-padded\">\u2013 N\u00e5r b\u00f8r det skje?<\/p>\n<p class=\"_paragraph_o9xde_4 _paragraph_xtcu6_10 layout-component text-serif-m layout-normal text-serif-m layout-padded\">\u2013 Behandlingen er om f\u00e5 dager. N\u00e5 m\u00e5 vi bruke dagene godt for \u00e5 finne l\u00f8sninger, finne enighet og klare \u00e5 lande en helhet som b\u00e5de er god for alle partiene, men ogs\u00e5 har flertallet som trengs s\u00e5nn at god politikk ikke bare er p\u00e5 papiret, men ogs\u00e5 i livene og virkeligheten til folk.    <\/p>\n<p class=\"_paragraph_o9xde_4 _paragraph_xtcu6_10 layout-component text-serif-m layout-normal layout-padded\"><strong class=\"_strong_o9xde_25\">Les ogs\u00e5:<\/strong> <a href=\"https:\/\/www.vg.no\/i\/d45Epw\" data-track-element-type=\"Link\" data-track-id=\"link:d45Epw\" class=\"_link_o9xde_39\" rel=\"nofollow noopener\" target=\"_blank\">Slik vil St\u00f8re l\u00f8se budsjettkrisen<\/a><\/p>\n<p class=\"_paragraph_o9xde_4 _paragraph_xtcu6_10 layout-component text-serif-m layout-normal text-serif-m layout-padded\">\u2013 Kan dere stemme ned St\u00f8re hvis han stiller kabinettssp\u00f8rsm\u00e5lkabinettssp\u00f8rsm\u00e5lKabinettssp\u00f8rsm\u00e5l er n\u00e5r en regjering truer med \u00e5 g\u00e5 av hvis de ikke f\u00e5r st\u00f8tte fra parlamentet i en viktig sak, som for eksempel statsbudsjettet.?<\/p>\n<p class=\"_paragraph_o9xde_4 _paragraph_xtcu6_10 layout-component text-serif-m layout-normal text-serif-m layout-padded\">\u2013 N\u00e5 forholder vi oss til de gode samtalene vi har og den prosessen vi er inne i. S\u00e5 har jeg stor tro p\u00e5 at vi klarer \u00e5 lande en enighet som har en retning alle kan v\u00e6re med p\u00e5.<\/p>\n<p class=\"_paragraph_o9xde_4 _paragraph_xtcu6_10 layout-component text-serif-m layout-normal text-serif-m layout-padded\">\u2013 Kan du ha en retning uten \u00e5 \u00e5pne budsjettforhandlingene? <\/p>\n<p class=\"_paragraph_o9xde_4 _paragraph_xtcu6_10 layout-component text-serif-m layout-normal text-serif-m layout-padded\">\u2013 Det er mange m\u00e5ter \u00e5 komme til enighet p\u00e5. Jeg pr\u00f8ver \u00e5 finne dem alle. <\/p>\n<p><img alt=\"\" class=\"_image_qp4xg_65 layout-component layout-normal\" data-fullscreen- data-track-element-type=\"Article image fullscreen\" data-track-name=\"ImageFullscreen\" decoding=\"async\" loading=\"lazy\" height=\"4284\" itemprop=\"image\"  src=\"https:\/\/www.europesays.com\/no\/wp-content\/uploads\/2025\/12\/9ac8536c-a5ed-410f-b069-23d6aa655700\"  style=\"object-position:0% 0%\" width=\"5712\"\/><\/p>\n<p class=\"_paragraph_o9xde_4 _paragraph_xtcu6_10 layout-component text-serif-m layout-normal text-serif-m layout-padded\">MDG-leder Arild Hermstad sier at det ikke er noe nytt mandag kveld.<\/p>\n<p class=\"_paragraph_o9xde_4 _paragraph_xtcu6_10 layout-component text-serif-m layout-normal text-serif-m layout-padded\">\u2013 Det er ikke noe nytt, men vi snakker i alle fall sammen. Det er fint, sier Hermstad til VG.<\/p>\n<p class=\"_paragraph_o9xde_4 _paragraph_xtcu6_10 layout-component text-serif-m layout-normal text-serif-m layout-padded\">Han sier at det er vanskelig \u00e5 vite n\u00e5r det kan skje noe.<\/p>\n<p class=\"_paragraph_o9xde_4 _paragraph_xtcu6_10 layout-component text-serif-m layout-normal text-serif-m layout-padded\">\u2013 Bergst\u00f8 sier at det finnes flere konkrete skisser p\u00e5 bordet. Er det tilfellet for dere?<\/p>\n<p class=\"_paragraph_o9xde_4 _paragraph_xtcu6_10 layout-component text-serif-m layout-normal text-serif-m layout-padded\">\u2013 Nei, det finnes ikke, sier han. <\/p>\n","protected":false},"excerpt":{"rendered":"Kirsti Bergst\u00f8 har stor tro p\u00e5 at de r\u00f8dgr\u00f8nne partiene blir enige om stats\u00adbudsjettet f\u00f8r fredag. Hun sier&hellip;\n","protected":false},"author":2,"featured_media":101626,"comment_status":"","ping_status":"","sticky":false,"template":"","format":"standard","meta":{"footnotes":""},"categories":[5],"tags":[20,21,24,25,15,19,2471,22,23,17,18,13,30,28,281,29,14,16,26,27],"class_list":{"0":"post-101625","1":"post","2":"type-post","3":"status-publish","4":"format-standard","5":"has-post-thumbnail","7":"category-overskrifter","8":"tag-breaking-news","9":"tag-breakingnews","10":"tag-featured-news","11":"tag-featurednews","12":"tag-headlines","13":"tag-hovedoppslag","14":"tag-kirsti-bergsto","15":"tag-latest-news","16":"tag-latestnews","17":"tag-main-news","18":"tag-mainnews","19":"tag-news","20":"tag-no","21":"tag-norge","22":"tag-norsk-politikk","23":"tag-norway","24":"tag-nyheter","25":"tag-overskrifter","26":"tag-top-stories","27":"tag-topstories"},"share_on_mastodon":{"url":"https:\/\/pubeurope.com\/@no\/115645643936937643","error":""},"_links":{"self":[{"href":"https:\/\/www.europesays.com\/no\/wp-json\/wp\/v2\/posts\/101625","targetHints":{"allow":["GET"]}}],"collection":[{"href":"https:\/\/www.europesays.com\/no\/wp-json\/wp\/v2\/posts"}],"about":[{"href":"https:\/\/www.europesays.com\/no\/wp-json\/wp\/v2\/types\/post"}],"author":[{"embeddable":true,"href":"https:\/\/www.europesays.com\/no\/wp-json\/wp\/v2\/users\/2"}],"replies":[{"embeddable":true,"href":"https:\/\/www.europesays.com\/no\/wp-json\/wp\/v2\/comments?post=101625"}],"version-history":[{"count":0,"href":"https:\/\/www.europesays.com\/no\/wp-json\/wp\/v2\/posts\/101625\/revisions"}],"wp:featuredmedia":[{"embeddable":true,"href":"https:\/\/www.europesays.com\/no\/wp-json\/wp\/v2\/media\/101626"}],"wp:attachment":[{"href":"https:\/\/www.europesays.com\/no\/wp-json\/wp\/v2\/media?parent=101625"}],"wp:term":[{"taxonomy":"category","embeddable":true,"href":"https:\/\/www.europesays.com\/no\/wp-json\/wp\/v2\/categories?post=101625"},{"taxonomy":"post_tag","embeddable":true,"href":"https:\/\/www.europesays.com\/no\/wp-json\/wp\/v2\/tags?post=101625"}],"curies":[{"name":"wp","href":"https:\/\/api.w.org\/{rel}","templated":true}]}}