{"id":101631,"date":"2025-12-01T18:14:42","date_gmt":"2025-12-01T18:14:42","guid":{"rendered":"https:\/\/www.europesays.com\/no\/101631\/"},"modified":"2025-12-01T18:14:42","modified_gmt":"2025-12-01T18:14:42","slug":"risor-gjerstad-aabs-julekalender","status":"publish","type":"post","link":"https:\/\/www.europesays.com\/no\/101631\/","title":{"rendered":"Ris\u00f8r, Gjerstad | AABs julekalender"},"content":{"rendered":"\n<p>Det er noen \u00e5r siden sist, men n\u00e5 er vi igang igjen &#8211; her er \u00e5rets julekalender i din favorittavis Aust-Agder Blad. Sp\u00f8rsm\u00e5let er, kort og godt, hvem er det som skjuler seg bak skjegg og lue? De 24 utvalgte i \u00e5rets kalender er hyppige gjester i spaltene, og burde ikke v\u00e6re for fremmede.<\/p>\n<p><b>S\u00e5 &#8211; klarer du \u00e5 se hvem som er gjemt i dagens luke? Skriv inn svar, navn og e-postadresse i skjemaet under.<\/b><\/p>\n<p>   <img decoding=\"async\" width=\"1248\" height=\"832\" fetchpriority=\"low\"  loading=\"lazy\"  src=\"https:\/\/www.europesays.com\/no\/wp-content\/uploads\/2025\/12\/1.png\" alt=\"\" class=\"brick-c-cFOWSL\" style=\"--brick-image-ratio: 1248 \/ 832;\"\/><\/p>\n<p>Svar p\u00e5 skjemaet under, og du er med i trekningen av Flax-lodd. Vi trekker \u00e9n vinner, hver dag, som f\u00e5r to Flax-lodd i posten. I tillegg har vi ganske heftige premier til alle som deltar, fra 1. desember til julaften. Blant samtlige som deltar trekker vi nemlig seks heldige vinnere av hver sin hovedpremie. De er:<\/p>\n<ul>\n<li>Middag for to p\u00e5 <b>R\u00e5dhusgata <\/b>i Ris\u00f8r<\/li>\n<li>Gratis rens av dress eller kjole til to heldige vinnere hos <b>Resolve<\/b><\/li>\n<li>Mat- og godte-kasse fra <b>Rema 1000<\/b> verdt 500 kroner<\/li>\n<li>Eksklusiv og ettertraktet Ris\u00f8r-julekule og ring fra <b>Embla Design<\/b><\/li>\n<li>To digitale \u00e5rsabonnement p\u00e5 <b>Aust-Agder Blad<\/b><\/li>\n<\/ul>\n<p>(ingen ansatte i Aust-Agder Blad eller Amedia kan delta i konkurransen. Premiene kan ikke omsettes i kontanter, og m\u00e5 brukes f\u00f8r utgangen av 2026. Premiene m\u00e5 hentes i Aust-Agder Blads redaksjon, eller avtale utlevering. Premiene sendes ikke.)<\/p>\n","protected":false},"excerpt":{"rendered":"Det er noen \u00e5r siden sist, men n\u00e5 er vi igang igjen &#8211; her er \u00e5rets julekalender i&hellip;\n","protected":false},"author":2,"featured_media":101632,"comment_status":"","ping_status":"","sticky":false,"template":"","format":"standard","meta":{"footnotes":""},"categories":[5],"tags":[36,20,21,24,25,2573,15,19,5721,22,23,17,18,13,30,28,29,14,16,2572,1510,26,27],"class_list":{"0":"post-101631","1":"post","2":"type-post","3":"status-publish","4":"format-standard","5":"has-post-thumbnail","7":"category-overskrifter","8":"tag-art","9":"tag-breaking-news","10":"tag-breakingnews","11":"tag-featured-news","12":"tag-featurednews","13":"tag-gjerstad","14":"tag-headlines","15":"tag-hovedoppslag","16":"tag-julekalender","17":"tag-latest-news","18":"tag-latestnews","19":"tag-main-news","20":"tag-mainnews","21":"tag-news","22":"tag-no","23":"tag-norge","24":"tag-norway","25":"tag-nyheter","26":"tag-overskrifter","27":"tag-risor","28":"tag-story","29":"tag-top-stories","30":"tag-topstories"},"share_on_mastodon":{"url":"https:\/\/pubeurope.com\/@no\/115645675308282305","error":""},"_links":{"self":[{"href":"https:\/\/www.europesays.com\/no\/wp-json\/wp\/v2\/posts\/101631","targetHints":{"allow":["GET"]}}],"collection":[{"href":"https:\/\/www.europesays.com\/no\/wp-json\/wp\/v2\/posts"}],"about":[{"href":"https:\/\/www.europesays.com\/no\/wp-json\/wp\/v2\/types\/post"}],"author":[{"embeddable":true,"href":"https:\/\/www.europesays.com\/no\/wp-json\/wp\/v2\/users\/2"}],"replies":[{"embeddable":true,"href":"https:\/\/www.europesays.com\/no\/wp-json\/wp\/v2\/comments?post=101631"}],"version-history":[{"count":0,"href":"https:\/\/www.europesays.com\/no\/wp-json\/wp\/v2\/posts\/101631\/revisions"}],"wp:featuredmedia":[{"embeddable":true,"href":"https:\/\/www.europesays.com\/no\/wp-json\/wp\/v2\/media\/101632"}],"wp:attachment":[{"href":"https:\/\/www.europesays.com\/no\/wp-json\/wp\/v2\/media?parent=101631"}],"wp:term":[{"taxonomy":"category","embeddable":true,"href":"https:\/\/www.europesays.com\/no\/wp-json\/wp\/v2\/categories?post=101631"},{"taxonomy":"post_tag","embeddable":true,"href":"https:\/\/www.europesays.com\/no\/wp-json\/wp\/v2\/tags?post=101631"}],"curies":[{"name":"wp","href":"https:\/\/api.w.org\/{rel}","templated":true}]}}