{"id":101637,"date":"2025-12-01T18:22:13","date_gmt":"2025-12-01T18:22:13","guid":{"rendered":"https:\/\/www.europesays.com\/no\/101637\/"},"modified":"2025-12-01T18:22:13","modified_gmt":"2025-12-01T18:22:13","slug":"vinmonopolet-har-gatt-tom-for-fysiske-gavekort","status":"publish","type":"post","link":"https:\/\/www.europesays.com\/no\/101637\/","title":{"rendered":"Vinmonopolet har g\u00e5tt tom for fysiske gavekort"},"content":{"rendered":"\n<p class=\"_lead_o9xde_2 _lead_xtcu6_50 layout-component text-serif-m layout-normal text-serif-l layout-component layout-wide layout-padded _wide_17hqh_1 layout-padded\">Noen butikker har g\u00e5tt tomme for fysiske gavekort etter at en leveranse ble stanset av svenske tollere.<\/p>\n<p><img alt=\"Vinmonopolet mener det ikke er grunn til bekymring.  Foto: Amanda Pedersen Giske \/ NTB\" class=\"_image_qp4xg_65 layout-component layout-wide\" data-fullscreen- data-track-element-type=\"Article image fullscreen\" data-track-name=\"ImageFullscreen\" fetchpriority=\"high\" decoding=\"sync\" loading=\"eager\" height=\"2786\" itemprop=\"image\"  src=\"https:\/\/www.europesays.com\/no\/wp-content\/uploads\/2025\/12\/eacf1984-b879-4177-a64e-8be051d3a4c8\"  style=\"object-position:0% 0%\" width=\"4179\"\/>Vinmonopolet mener det ikke er grunn til bekymring.  Foto: Amanda Pedersen Giske \/ NTB<\/p>\n<ul aria-hidden=\"true\" class=\"_images_1uft6_111\">\n<li><a class=\"_link_1uft6_116\" href=\"https:\/\/www.vg.no\/forfatter\/ingrid-storeboe\" style=\"z-index:2\" title=\"Ingrid Storeb\u00f8\" rel=\"nofollow noopener\" target=\"_blank\"><img alt=\"Bilde av Ingrid Storeb\u00f8\" class=\"_image_1uft6_93\" fetchpriority=\"low\" loading=\"lazy\" decoding=\"async\" itemprop=\"image\"  src=\"https:\/\/www.europesays.com\/no\/wp-content\/uploads\/2025\/12\/b3fc896d-536d-4041-8257-79b6b2cd3323\"  width=\"480\"\/><\/a><\/li>\n<li><a class=\"_link_1uft6_116\" href=\"https:\/\/www.vg.no\/forfatter\/haakon-f-hoeydal\" style=\"z-index:1\" title=\"H\u00e5kon F. H\u00f8ydal\" rel=\"nofollow noopener\" target=\"_blank\"><img alt=\"Bilde av H\u00e5kon F. H\u00f8ydal\" class=\"_image_1uft6_93\" fetchpriority=\"low\" loading=\"lazy\" decoding=\"async\" itemprop=\"image\"  src=\"https:\/\/www.europesays.com\/no\/wp-content\/uploads\/2025\/12\/1764613331_889_791defbc-20b8-4779-b615-3d02a4d66e97\"  width=\"480\"\/><\/a><\/li>\n<\/ul>\n<p> Oppdatert mandag 1. desember kl. 17:30    <\/p>\n<ul class=\"_list_o9xde_3 _list_64s2r_85 _unordered_o9xde_106 text-sans-m\">\n<li class=\"_item_o9xde_30\">Vinmonopolet har noen steder g\u00e5tt tom for fysiske gavekort<\/li>\n<li class=\"_item_o9xde_30\">En leveranse ble stanset i tollen.<\/li>\n<li class=\"_item_o9xde_30\">Gavekortene er p\u00e5 vei!<\/li>\n<\/ul>\n<p>Vis mer <\/p>\n<p class=\"_paragraph_o9xde_4 _paragraph_xtcu6_10 layout-component text-serif-m layout-normal text-serif-m layout-padded\">Mandag ettermiddag mottar VG et tips, skrevet med blokkbokstaver. Det er krise, og det haster. <\/p>\n<p class=\"_paragraph_o9xde_4 _paragraph_xtcu6_10 layout-component text-serif-m layout-normal text-serif-m layout-padded\">\u2013 <a href=\"https:\/\/www.vg.no\/tag\/vinmonopolet?utm_source=vg-article&amp;utm_medium=auto-tagger&amp;utm_campaign=K8B5Q5\" class=\"_link_o9xde_39\" rel=\"nofollow noopener\" target=\"_blank\">Vinmonopolet<\/a> har g\u00e5tt tom for gavekort p\u00e5 landsbasis. De klarer ikke \u00e5 skaffe nye f\u00f8r jul, skriver Ola (76) til VG i blokkbokstaver. <\/p>\n<p class=\"_paragraph_o9xde_4 _paragraph_xtcu6_10 layout-component text-serif-m layout-normal text-serif-m layout-padded\">VG sl\u00e5r p\u00e5 tr\u00e5den. <\/p>\n<p class=\"_paragraph_o9xde_4 _paragraph_xtcu6_10 layout-component text-serif-m layout-normal text-serif-m layout-padded\">\u2013 J\u00e6kla irriterende! Jeg skulle kj\u00f8pe gavekort, men fikk beskjed om at det var tomt, forteller Ola engasjert.<\/p>\n<p class=\"_paragraph_o9xde_4 _paragraph_xtcu6_10 layout-component text-serif-m layout-normal text-serif-m layout-padded\">Vinmonopolets samfunns- og myndighets\u00adkontakt tar saken p\u00e5 st\u00f8rste alvor og informerer om at gavekortene er stanset i tollen. <\/p>\n<p class=\"_paragraph_o9xde_4 _paragraph_xtcu6_10 layout-component text-serif-m layout-normal text-serif-m layout-padded\">I G\u00f6teborg. <\/p>\n<p><img decoding=\"async\" alt=\"Bilde av Halvor Bing Lorentzen\" class=\"_image_ygndg_42\" height=\"27\" itemprop=\"image\" loading=\"lazy\"  src=\"https:\/\/www.europesays.com\/no\/wp-content\/uploads\/2025\/12\/8f00e4f3-405a-41d7-b77e-081b54416f1e\"  width=\"40\"\/><strong class=\"_name_ygndg_51 title-serif-xs\">Halvor Bing Lorentzen<\/strong><\/p>\n<p class=\"_paragraph_o9xde_4 text-sans-m _description_ygndg_56\">Vinmonopolet<\/p>\n<p class=\"_paragraph_o9xde_4 _paragraph_xtcu6_10 layout-component text-serif-m layout-normal text-serif-m layout-padded\">\u2013 <strong class=\"_strong_o9xde_25\">Vi m\u00e5tte gjennomf\u00f8re en tolldeklarering, noe vi ikke hadde gjort selv tidligere, sier Halvor Bing Lorentzen, som er Samfunns- og myndighets\u00adkontakt i Vinmonopolet til VG. <\/strong><\/p>\n<p class=\"_paragraph_o9xde_4 _paragraph_xtcu6_10 layout-component text-serif-m layout-normal text-serif-m layout-padded\">VG f\u00e5r forklart at det tok litt tid f\u00f8r Vinmonopolet forsto hvordan deklareringen skulle gjennomf\u00f8res riktig. Derfor tok det lengre tid enn planlagt.<\/p>\n<p class=\"_paragraph_o9xde_4 _paragraph_xtcu6_10 layout-component text-serif-m layout-normal text-serif-m layout-padded\">Ettersp\u00f8rselen etter gavekort er s\u00e6rlig h\u00f8y i tiden f\u00f8r jul, og enkelte butikker er n\u00e5 utsolgt for fysiske gavekort, opplyser han.<\/p>\n<p class=\"_paragraph_o9xde_4 _paragraph_xtcu6_10 layout-component text-serif-m layout-normal text-serif-m layout-padded\">Samfunns- og myndighetskontakten er imidlertid rask til \u00e5 p\u00e5peke at gavekortene er p\u00e5 vei inn til lager.<\/p>\n<p class=\"_paragraph_o9xde_4 _paragraph_xtcu6_10 layout-component text-serif-m layout-normal text-serif-m layout-padded\">\u2013 Butikker som mangler fysiske gavekort, kan bestille dem og vil f\u00e5 p\u00e5fyll i l\u00f8pet av uken, sier Lorentzen beroligende.<\/p>\n<p class=\"_paragraph_o9xde_4 _paragraph_xtcu6_10 layout-component text-serif-m layout-normal text-serif-m layout-padded\">Det er ikke bare gavekort som er et sjeldent syn:<\/p>\n<p>       <img decoding=\"async\" alt=\"Tips oss illustrasjon\" src=\"https:\/\/www.europesays.com\/no\/wp-content\/uploads\/2025\/10\/pssst-small.webp.webp\"\/>    <\/p>\n<p class=\"title-serif-s\">Har du tips?<\/p>\n<p class=\"text-sans-m\">Send oss informasjon, bilder eller video.<\/p>\n<p>  <a href=\"https:\/\/www.vg.no\/tips-oss\" rel=\"nofollow noopener\" target=\"_blank\"> Tips oss <\/a>      <\/p>\n","protected":false},"excerpt":{"rendered":"Noen butikker har g\u00e5tt tomme for fysiske gavekort etter at en leveranse ble stanset av svenske tollere. Vinmonopolet&hellip;\n","protected":false},"author":2,"featured_media":101638,"comment_status":"","ping_status":"","sticky":false,"template":"","format":"standard","meta":{"footnotes":""},"categories":[5],"tags":[31,20,21,24,25,15,19,22,23,17,18,13,30,28,29,14,16,365,26,27,1092],"class_list":{"0":"post-101637","1":"post","2":"type-post","3":"status-publish","4":"format-standard","5":"has-post-thumbnail","7":"category-overskrifter","8":"tag-breaking","9":"tag-breaking-news","10":"tag-breakingnews","11":"tag-featured-news","12":"tag-featurednews","13":"tag-headlines","14":"tag-hovedoppslag","15":"tag-latest-news","16":"tag-latestnews","17":"tag-main-news","18":"tag-mainnews","19":"tag-news","20":"tag-no","21":"tag-norge","22":"tag-norway","23":"tag-nyheter","24":"tag-overskrifter","25":"tag-toll","26":"tag-top-stories","27":"tag-topstories","28":"tag-vinmonopolet"},"share_on_mastodon":{"url":"https:\/\/pubeurope.com\/@no\/115645706999429337","error":""},"_links":{"self":[{"href":"https:\/\/www.europesays.com\/no\/wp-json\/wp\/v2\/posts\/101637","targetHints":{"allow":["GET"]}}],"collection":[{"href":"https:\/\/www.europesays.com\/no\/wp-json\/wp\/v2\/posts"}],"about":[{"href":"https:\/\/www.europesays.com\/no\/wp-json\/wp\/v2\/types\/post"}],"author":[{"embeddable":true,"href":"https:\/\/www.europesays.com\/no\/wp-json\/wp\/v2\/users\/2"}],"replies":[{"embeddable":true,"href":"https:\/\/www.europesays.com\/no\/wp-json\/wp\/v2\/comments?post=101637"}],"version-history":[{"count":0,"href":"https:\/\/www.europesays.com\/no\/wp-json\/wp\/v2\/posts\/101637\/revisions"}],"wp:featuredmedia":[{"embeddable":true,"href":"https:\/\/www.europesays.com\/no\/wp-json\/wp\/v2\/media\/101638"}],"wp:attachment":[{"href":"https:\/\/www.europesays.com\/no\/wp-json\/wp\/v2\/media?parent=101637"}],"wp:term":[{"taxonomy":"category","embeddable":true,"href":"https:\/\/www.europesays.com\/no\/wp-json\/wp\/v2\/categories?post=101637"},{"taxonomy":"post_tag","embeddable":true,"href":"https:\/\/www.europesays.com\/no\/wp-json\/wp\/v2\/tags?post=101637"}],"curies":[{"name":"wp","href":"https:\/\/api.w.org\/{rel}","templated":true}]}}