{"id":101655,"date":"2025-12-01T18:52:13","date_gmt":"2025-12-01T18:52:13","guid":{"rendered":"https:\/\/www.europesays.com\/no\/101655\/"},"modified":"2025-12-01T18:52:13","modified_gmt":"2025-12-01T18:52:13","slug":"nyheter-grunnmur-undersoker-sprekk-i-storre-leilighetsbygg-vises-i-flere-etasjer","status":"publish","type":"post","link":"https:\/\/www.europesays.com\/no\/101655\/","title":{"rendered":"Nyheter, Grunnmur | Unders\u00f8ker sprekk i st\u00f8rre leilighetsbygg: \u2013 Vises i flere etasjer"},"content":{"rendered":"\n<p>Det er snakk om et st\u00f8rre leilighetsbygg i S\u00f8ndre Lyderhornslien i Loddefjord.<\/p>\n<p>\u2013 Det kom inn en bekymringsmelding om at det var oppdaget en sprekk i garasjeanlegget og murfasaden. Det skal ogs\u00e5 v\u00e6re sprekker p\u00e5 bad i leilighetene lenger opp, opplyser vaktleder i 110 Vest, Svein Erik Reistad.<\/p>\n<p>   <img decoding=\"async\" width=\"6192\" height=\"4128\" fetchpriority=\"low\"  loading=\"lazy\"  src=\"https:\/\/www.europesays.com\/no\/wp-content\/uploads\/2025\/12\/DSC_6758.jpg\" alt=\"\" class=\"brick-c-cFOWSL\" style=\"--brick-image-ratio: 6192 \/ 4128;\"\/><\/p>\n<p>      Denne sprekken i parkeringshuset fikk alarmen til \u00e5 g\u00e5.<br \/>\n      Foto: Skjalg Ekeland\n    <\/p>\n<p>De er p\u00e5 stedet sammen med politiet og unders\u00f8ker videre.<\/p>\n<p>\u2013 Vi m\u00e5 finne ut om det er sprekker som har kommet n\u00e5, eller om det har v\u00e6rt der over tid.<\/p>\n<p>\u2013 Tydelig sprekk<\/p>\n<p>Vaktleder i brannvesenet, Jostein Steinsland-Hauge, forteller at det er en tydelig sprekk som vises igjen i flere etasjer.<\/p>\n<p>\u2013 Blant annet p\u00e5 baderom i etasjene over. Det er for tidlig \u00e5 si noe om b\u00e5de \u00e5rsak og eventuelle konsekvenser, melder han klokken 1920<\/p>\n<p>   <img decoding=\"async\" width=\"6192\" height=\"4128\" fetchpriority=\"low\"  loading=\"lazy\"  src=\"https:\/\/www.europesays.com\/no\/wp-content\/uploads\/2025\/12\/DSC_6744.jpg\" alt=\"\" class=\"brick-c-cFOWSL\" style=\"--brick-image-ratio: 6192 \/ 4128;\"\/><\/p>\n<p>      Innsatsleder i brannvesenet Hans Petter Nilsen og innsatsleder Kristian Rossnes i politiet.<br \/>\n      Foto: Skjalg Ekeland\n    <\/p>\n<p>Det jobbes ogs\u00e5 med \u00e5 hente inn fagfolk for \u00e5 vurdere hvorvidt det er trygt \u00e5 v\u00e6re der. Leilighetsbygget ser ut \u00e5 v\u00e6re et bygg fra 2018, if\u00f8lge Reistad.<\/p>\n<p>Det er per klokken 19 ikke igangsatt noen evakuering av beboere.<\/p>\n<p>   <img decoding=\"async\" width=\"5712\" height=\"4284\" fetchpriority=\"low\"  loading=\"lazy\"  src=\"https:\/\/www.europesays.com\/no\/wp-content\/uploads\/2025\/12\/IMG_1457.jpg\" alt=\"\" class=\"brick-c-cFOWSL\" style=\"--brick-image-ratio: 5712 \/ 4284;\"\/><\/p>\n<p>\u2013 Vi unders\u00f8ker n\u00e5 alvorlighetsgraden i dette, melder operasjonsleder Steinar Hausvik.<\/p>\n<p>Politiet p\u00e5 stedet har f\u00e5tt opplyst at sprekken har utviklet seg siden fredag, men n\u00f8detatene ble alts\u00e5 f\u00f8rst varslet mandag.<\/p>\n<p>\u2013 Vi har f\u00e5tt tak i eksperter som er p\u00e5 vei, en geotekniker og en bygningsingeni\u00f8r. Det m\u00e5 v\u00e6re trygt \u00e5 v\u00e6re her, sier innsatsleder i brannvesenet Hans Petter Nilsen om hva som skjer videre.<\/p>\n<p>.<\/p>\n<p>   <img decoding=\"async\" width=\"6192\" height=\"4128\" fetchpriority=\"low\"  loading=\"lazy\"  src=\"https:\/\/www.europesays.com\/no\/wp-content\/uploads\/2025\/12\/DSC_6752.jpg\" alt=\"\" class=\"brick-c-cFOWSL\" style=\"--brick-image-ratio: 6192 \/ 4128;\"\/><\/p>\n<p>      Brannvesenet har fjernet deler av fasaden for \u00e5 se n\u00e6rmere p\u00e5 sprekken.<br \/>\n      Foto: Skjalg Ekeland\n    <\/p>\n<p>Kjetil Myhren-Berge i BOB opplyser at de har to mann p\u00e5 stedet.<\/p>\n<p>\u2013 Vi er forretningsr\u00e5dgiver for borettslaget, s\u00e5 vi er der for \u00e5 bist\u00e5 styret med det de trenger hjelp til, sier han til BA.<\/p>\n<p>Representantene fra BOB har ogs\u00e5 byggeteknisk kompetanse, men Myhren-Berge presiserer at det er n\u00f8detatene og andre som skal gj\u00f8re de unders\u00f8kelsene som m\u00e5 til.<\/p>\n","protected":false},"excerpt":{"rendered":"Det er snakk om et st\u00f8rre leilighetsbygg i S\u00f8ndre Lyderhornslien i Loddefjord. \u2013 Det kom inn en bekymringsmelding&hellip;\n","protected":false},"author":2,"featured_media":101656,"comment_status":"","ping_status":"","sticky":false,"template":"","format":"standard","meta":{"footnotes":""},"categories":[10],"tags":[36,20,21,24,25,12890,15,22,23,3976,13,30,28,29,14,16,12891,1510,26,27],"class_list":{"0":"post-101655","1":"post","2":"type-post","3":"status-publish","4":"format-standard","5":"has-post-thumbnail","7":"category-norge","8":"tag-art","9":"tag-breaking-news","10":"tag-breakingnews","11":"tag-featured-news","12":"tag-featurednews","13":"tag-grunnmur","14":"tag-headlines","15":"tag-latest-news","16":"tag-latestnews","17":"tag-loddefjord","18":"tag-news","19":"tag-no","20":"tag-norge","21":"tag-norway","22":"tag-nyheter","23":"tag-overskrifter","24":"tag-sprekk","25":"tag-story","26":"tag-top-stories","27":"tag-topstories"},"share_on_mastodon":{"url":"https:\/\/pubeurope.com\/@no\/115645825054405133","error":""},"_links":{"self":[{"href":"https:\/\/www.europesays.com\/no\/wp-json\/wp\/v2\/posts\/101655","targetHints":{"allow":["GET"]}}],"collection":[{"href":"https:\/\/www.europesays.com\/no\/wp-json\/wp\/v2\/posts"}],"about":[{"href":"https:\/\/www.europesays.com\/no\/wp-json\/wp\/v2\/types\/post"}],"author":[{"embeddable":true,"href":"https:\/\/www.europesays.com\/no\/wp-json\/wp\/v2\/users\/2"}],"replies":[{"embeddable":true,"href":"https:\/\/www.europesays.com\/no\/wp-json\/wp\/v2\/comments?post=101655"}],"version-history":[{"count":0,"href":"https:\/\/www.europesays.com\/no\/wp-json\/wp\/v2\/posts\/101655\/revisions"}],"wp:featuredmedia":[{"embeddable":true,"href":"https:\/\/www.europesays.com\/no\/wp-json\/wp\/v2\/media\/101656"}],"wp:attachment":[{"href":"https:\/\/www.europesays.com\/no\/wp-json\/wp\/v2\/media?parent=101655"}],"wp:term":[{"taxonomy":"category","embeddable":true,"href":"https:\/\/www.europesays.com\/no\/wp-json\/wp\/v2\/categories?post=101655"},{"taxonomy":"post_tag","embeddable":true,"href":"https:\/\/www.europesays.com\/no\/wp-json\/wp\/v2\/tags?post=101655"}],"curies":[{"name":"wp","href":"https:\/\/api.w.org\/{rel}","templated":true}]}}