{"id":101661,"date":"2025-12-01T19:17:11","date_gmt":"2025-12-01T19:17:11","guid":{"rendered":"https:\/\/www.europesays.com\/no\/101661\/"},"modified":"2025-12-01T19:17:11","modified_gmt":"2025-12-01T19:17:11","slug":"gruvedrift-hogsterett-ankesaka-i-fjordsoksmalet-vert-behandla-i-hogsterett","status":"publish","type":"post","link":"https:\/\/www.europesays.com\/no\/101661\/","title":{"rendered":"Gruvedrift, H\u00f8gsterett | Ankesaka i fjords\u00f8ksm\u00e5let vert behandla i H\u00f8gsterett"},"content":{"rendered":"\n<p>H\u00f8yesteretts ankeutval har no sl\u00e5tt fast at anken over Borgarting lagmannsrett sin dom som fall 12. august 2025 no skal bli behandla i H\u00f8yesterett.<\/p>\n<p>Det melder Norges H\u00f8gsterett sj\u00f8lv p\u00e5 si saksliste p\u00e5 domstol.no.<\/p>\n<p><a href=\"https:\/\/www.nrk.no\/vestland\/fordefjorden_-hogsterett-vurderer-lovlegheita-av-fjorddeponi-1.17668533\" rel=\"Follow nofollow noopener\" target=\"_blank\">Avgjersla vart f\u00f8rst meldt av NRK<\/a>.<\/p>\n<p><b>Med denne avgjersla vert alts\u00e5 saka om fjorddeponiet i F\u00f8rdefjorden pr\u00f8vd i det \u00f8vste rettsorganet i Norge.<\/b><\/p>\n<p>Lagmannsretten: \u2013 Ugyldig l\u00f8yve<\/p>\n<p>Lagmannstetten slo f\u00f8rst fast at l\u00f8yvet Nordic mining fekk til \u00e5 deponere gruveavfall i F\u00f8rdefjorden var ugyldig.<\/p>\n<p>Dette skapte stor jubel hos milj\u00f8r\u00f8rsla, men jubelen vart kortvarig. Etter at dommen fall gjekk det ikkje lang tid f\u00f8r Staten gjorde det klart at dei ville anke.<\/p>\n<p>  <a href=\"https:\/\/www.firda.no\/5-15-1942062\" class=\"related-teaser has-image default-story-teaser article--c-eRUmMG article--c-eRUmMG-jKCPdD-design-default\" rel=\"nofollow noopener\" target=\"_blank\"><\/p>\n<p>    <img decoding=\"async\" loading=\"lazy\"  src=\"https:\/\/www.europesays.com\/no\/wp-content\/uploads\/2025\/12\/144A1270.jpg\" alt=\"\" class=\"brick-c-cFOWSL\" style=\"\"\/><\/p>\n<p>\n            Les ogs\u00e5<\/p>\n<p>              Staten ankar F\u00f8rdefjorden-dommen: \u2013 Knusande\n        <\/p>\n<p>  <\/a><\/p>\n<p>\u00abStaten er usamd i vurderinga fr\u00e5 lagmannsretten og meiner at retten tolkar vassforskrifta feil p\u00e5 fleire punkt. Etter ei grundig vurdering er konklusjonen derfor at staten ankar dommen\u00bb, skreiv regjeringa d\u00e5 dette var klart.<\/p>\n<p>Bad om trekt l\u00f8yve<\/p>\n<p>Naturvernorganisasjonane var naturleg nok sv\u00e6rt skuffa over statens avgjerd.<\/p>\n<p>\u2013 Sjansen for at staten skal vinne i H\u00f8gsterett er sv\u00e6rt liten. Dommen fr\u00e5 lagmannsretten er s\u00e5 knusande at det einaste ansvarlege er \u00e5 trekkje utsleppsl\u00f8yvet tilbake. Sj\u00f8lv om staten har rett til \u00e5 anke, kan ikkje det bety at gruveselskapet skal f\u00e5 lov til \u00e5 \u00f8ydeleggje fjorden medan saka g\u00e5r sin gang, uttalte Truls Gulowsen, leiar i Naturvernforbundet i ei pressemelding etter at statens gjorde det klart at dei ville anke.<\/p>\n<p><b>Og no er det ikkje lenger tvil: Med gr\u00f8nt lys fr\u00e5 H\u00f8gstetts ankeutval vert saka behandla i H\u00f8gsterett.<\/b><\/p>\n","protected":false},"excerpt":{"rendered":"H\u00f8yesteretts ankeutval har no sl\u00e5tt fast at anken over Borgarting lagmannsrett sin dom som fall 12. august 2025&hellip;\n","protected":false},"author":2,"featured_media":101662,"comment_status":"","ping_status":"","sticky":false,"template":"","format":"standard","meta":{"footnotes":""},"categories":[10],"tags":[36,20,21,24,25,12896,3498,15,12895,22,23,13,30,28,29,14,16,1510,26,27],"class_list":{"0":"post-101661","1":"post","2":"type-post","3":"status-publish","4":"format-standard","5":"has-post-thumbnail","7":"category-norge","8":"tag-art","9":"tag-breaking-news","10":"tag-breakingnews","11":"tag-featured-news","12":"tag-featurednews","13":"tag-fjordsoksmalet","14":"tag-gruvedrift","15":"tag-headlines","16":"tag-hogsterett","17":"tag-latest-news","18":"tag-latestnews","19":"tag-news","20":"tag-no","21":"tag-norge","22":"tag-norway","23":"tag-nyheter","24":"tag-overskrifter","25":"tag-story","26":"tag-top-stories","27":"tag-topstories"},"share_on_mastodon":{"url":"https:\/\/pubeurope.com\/@no\/115645923010745447","error":""},"_links":{"self":[{"href":"https:\/\/www.europesays.com\/no\/wp-json\/wp\/v2\/posts\/101661","targetHints":{"allow":["GET"]}}],"collection":[{"href":"https:\/\/www.europesays.com\/no\/wp-json\/wp\/v2\/posts"}],"about":[{"href":"https:\/\/www.europesays.com\/no\/wp-json\/wp\/v2\/types\/post"}],"author":[{"embeddable":true,"href":"https:\/\/www.europesays.com\/no\/wp-json\/wp\/v2\/users\/2"}],"replies":[{"embeddable":true,"href":"https:\/\/www.europesays.com\/no\/wp-json\/wp\/v2\/comments?post=101661"}],"version-history":[{"count":0,"href":"https:\/\/www.europesays.com\/no\/wp-json\/wp\/v2\/posts\/101661\/revisions"}],"wp:featuredmedia":[{"embeddable":true,"href":"https:\/\/www.europesays.com\/no\/wp-json\/wp\/v2\/media\/101662"}],"wp:attachment":[{"href":"https:\/\/www.europesays.com\/no\/wp-json\/wp\/v2\/media?parent=101661"}],"wp:term":[{"taxonomy":"category","embeddable":true,"href":"https:\/\/www.europesays.com\/no\/wp-json\/wp\/v2\/categories?post=101661"},{"taxonomy":"post_tag","embeddable":true,"href":"https:\/\/www.europesays.com\/no\/wp-json\/wp\/v2\/tags?post=101661"}],"curies":[{"name":"wp","href":"https:\/\/api.w.org\/{rel}","templated":true}]}}