{"id":101707,"date":"2025-12-01T20:25:19","date_gmt":"2025-12-01T20:25:19","guid":{"rendered":"https:\/\/www.europesays.com\/no\/101707\/"},"modified":"2025-12-01T20:25:19","modified_gmt":"2025-12-01T20:25:19","slug":"var-bare-i-sjokk","status":"publish","type":"post","link":"https:\/\/www.europesays.com\/no\/101707\/","title":{"rendered":"\u2013 Var bare i sjokk"},"content":{"rendered":"\n<p class=\"_lead_o9xde_2 _lead_xtcu6_50 layout-component text-serif-m layout-normal text-serif-l layout-component layout-wide layout-padded _wide_17hqh_1 layout-padded\">Skiskytterne Endre Str\u00f8msheim (28) og Johan-Olav Sm\u00f8rdal Botn (26) kom med klare tilbakemeldinger til trener Egil Kristiansen \u2013 direkte p\u00e5 NRK.<\/p>\n<p><img alt=\"Johan-Olav Botn etter seier p\u00e5 sprinten under sesong\u00e5pningen p\u00e5 Geilo. Foto: Geir Olsen \/ NTB\" class=\"_image_qp4xg_65 layout-component layout-wide\" data-fullscreen- data-track-element-type=\"Article image fullscreen\" data-track-name=\"ImageFullscreen\" fetchpriority=\"high\" decoding=\"sync\" loading=\"eager\" height=\"4000\" itemprop=\"image\"  src=\"https:\/\/www.europesays.com\/no\/wp-content\/uploads\/2025\/12\/7974cb2a-1d49-43d2-8feb-d1192d38d404\"  style=\"object-position:0% 0%\" width=\"6000\"\/>Johan-Olav Botn etter seier p\u00e5 sprinten under sesong\u00e5pningen p\u00e5 Geilo. Foto: Geir Olsen \/ NTB<\/p>\n<ul aria-hidden=\"true\" class=\"_images_1uft6_111\">\n<li><a class=\"_link_1uft6_116\" href=\"https:\/\/www.vg.no\/forfatter\/jens-friberg\" style=\"z-index:1\" title=\"Jens Friberg\" rel=\"nofollow noopener\" target=\"_blank\"><img alt=\"Bilde av Jens Friberg\" class=\"_image_1uft6_93\" fetchpriority=\"low\" loading=\"lazy\" decoding=\"async\" itemprop=\"image\"  src=\"https:\/\/www.europesays.com\/no\/wp-content\/uploads\/2025\/12\/d5a4433c-4b68-4c86-a3bf-a19d98457272\"  width=\"480\"\/><\/a><\/li>\n<\/ul>\n<p> Oppdatert mandag 1. desember kl. 19:17    <\/p>\n<ul class=\"_list_o9xde_3 _list_64s2r_85 _unordered_o9xde_106 text-sans-m\">\n<li class=\"_item_o9xde_30\">Skiskytterne Endre Str\u00f8msheim og Johan-Olav Sm\u00f8rdal Botn reagerte sterkt p\u00e5 trener Egil Kristiansens uttalelser p\u00e5 NRK.<\/li>\n<li class=\"_item_o9xde_30\">Botn og Str\u00f8msheim leverte sterke etapper i blandet stafett, men f\u00f8lte seg motivert av kritikken.<\/li>\n<li class=\"_item_o9xde_30\">Kristiansen understreker viktigheten av \u00e5 sette en stamme i OL-laget.<\/li>\n<\/ul>\n<p>Vis mer <\/p>\n<p class=\"_paragraph_o9xde_4 _paragraph_xtcu6_10 layout-component text-serif-m layout-normal text-serif-m layout-padded\">For mens flesteparten av \u00f8ynene i Idretts-Norge var rettet mot Vikings gullfest, utspant det seg et lite drama i skiskytternes sesong\u00e5pning \u2013 og det over to dager i svenske \u00d6stersund.<\/p>\n<p class=\"_paragraph_o9xde_4 _paragraph_xtcu6_10 layout-component text-serif-m layout-normal text-serif-m layout-padded\">Fr\u00f8et ble s\u00e5dd etter herrenes stafett l\u00f8rdag ettermiddag. <\/p>\n<p class=\"_paragraph_o9xde_4 _paragraph_xtcu6_10 layout-component text-serif-m layout-normal text-serif-m layout-padded\">Martin Uldal, Isak Leknes Frey, Sturla Holm L\u00e6greid og Vetle Sj\u00e5stad Christiansen gikk Norge inn til seier.<\/p>\n<p><img alt=\"Foto: Bjorn Larsson Rosvall \/ Reuters \/ NTB\" class=\"_image_qp4xg_65 layout-component layout-normal\" data-fullscreen- data-track-element-type=\"Article image fullscreen\" data-track-name=\"ImageFullscreen\" decoding=\"async\" loading=\"lazy\" height=\"4000\" itemprop=\"image\"  src=\"https:\/\/www.europesays.com\/no\/wp-content\/uploads\/2025\/12\/f232f936-c92e-4475-837c-6c749530ba31\"  style=\"object-position:0% 0%\" width=\"6000\"\/>Foto: Bjorn Larsson Rosvall \/ Reuters \/ NTB<\/p>\n<p class=\"_paragraph_o9xde_4 _paragraph_xtcu6_10 layout-component text-serif-m layout-normal text-serif-m layout-padded\">P\u00e5 NRK begynte ekspertene \u00e5 spekulere p\u00e5 hvem som kunne v\u00e6re aktuelle for en OL-stafett. <\/p>\n<p class=\"_paragraph_o9xde_4 _paragraph_xtcu6_10 layout-component text-serif-m layout-normal text-serif-m layout-padded\"><strong class=\"_strong_o9xde_25\">\u2013 Vi tenker \u00e5 f\u00e5 en stamme i laget. Om det blir disse eller noen andre, det f\u00e5r vi se, men de dummet seg i alle fall ikke ut, de her, sa herretrener Egil Kristiansen til kanalen.<\/strong><\/p>\n<p class=\"_paragraph_o9xde_4 _paragraph_xtcu6_10 layout-component text-serif-m layout-normal text-serif-m layout-padded\">Spurt om <a href=\"https:\/\/www.vg.no\/tag\/endre-stroemsheim?utm_source=vg-article&amp;utm_medium=auto-tagger&amp;utm_campaign=16PLqq\" class=\"_link_o9xde_39\" rel=\"nofollow noopener\" target=\"_blank\">Endre Str\u00f8msheim<\/a> og Johan-Olav Sm\u00f8rdal Botn \u2013 som ble henvist til \u00e5 g\u00e5 s\u00f8ndagens blandede stafett \u2013 sa han f\u00f8lgende:<\/p>\n<p class=\"_paragraph_o9xde_4 _paragraph_xtcu6_10 layout-component text-serif-m layout-normal text-serif-m layout-padded\"><strong class=\"_strong_o9xde_25\">\u2013 Litt mer spennende, litt mer \u00e5pent. Kanskje ikke s\u00e5 trygg p\u00e5 de p\u00e5 \u00abmixen\u00bb med tanke p\u00e5 skytingen, s\u00e5 det blir artig \u00e5 se hva de kan f\u00e5 til, sa Kristiansen.<\/strong><\/p>\n<p><img decoding=\"async\" alt=\"Bilde av Egil Kristiansen\" class=\"_image_ygndg_42\" height=\"27\" itemprop=\"image\" loading=\"lazy\"  src=\"https:\/\/www.europesays.com\/no\/wp-content\/uploads\/2025\/12\/a43077ee-2e89-4264-a83a-831774eb34bc\"  width=\"40\"\/><strong class=\"_name_ygndg_51 title-serif-xs\">Egil Kristiansen<\/strong><\/p>\n<p class=\"_paragraph_o9xde_4 text-sans-m _description_ygndg_56\">Herretrener, skiskytterlandslaget<\/p>\n<p class=\"_paragraph_o9xde_4 _paragraph_xtcu6_10 layout-component text-serif-m layout-normal text-serif-m layout-padded\">Botn og Str\u00f8msheim fikk alts\u00e5 ikke tillit i den rene herrestafetten. <\/p>\n<p class=\"_paragraph_o9xde_4 _paragraph_xtcu6_10 layout-component text-serif-m layout-normal text-serif-m layout-padded\">De leverte p\u00e5 sin side solide etapper dagen etter, ogs\u00e5 \u00abmed tanke p\u00e5 skytingen\u00bb. Norge kom til slutt p\u00e5 tredjeplass i blandet stafett s\u00f8ndag.<\/p>\n<p class=\"_paragraph_o9xde_4 _paragraph_xtcu6_10 layout-component text-serif-m layout-normal text-serif-m layout-padded\">Det var tydelig at Botn og Str\u00f8msheim hadde f\u00e5tt med seg trenerens uttalelser.<\/p>\n<p class=\"_paragraph_o9xde_4 _paragraph_xtcu6_10 layout-component text-serif-m layout-normal text-serif-m layout-padded\">\u2013 Skal jeg v\u00e6re helt \u00e6rlig, ble jeg helt sykt trigget av det Egil klarte \u00e5 si p\u00e5 TV i g\u00e5r. \u00c5 fy, faen. Jeg og Endre har giret oss greit opp til det l\u00f8pet her. Vi var tydeligvis sykt heldige og hadde bare flaks. Griseflaks, ikke noen skills, sa Botn direkte p\u00e5 NRK s\u00f8ndag \u2013 rett etter hans etappe var over.<\/p>\n<p class=\"_paragraph_o9xde_4 _paragraph_xtcu6_10 layout-component text-serif-m layout-normal text-serif-m layout-padded\">Str\u00f8msheim var p\u00e5 sin side uenig i at stammen i herrestafettlaget er satt.<\/p>\n<p class=\"_paragraph_o9xde_4 _paragraph_xtcu6_10 layout-component text-serif-m layout-normal text-serif-m layout-padded\">Med det skyh\u00f8ye niv\u00e5et p\u00e5 herresiden av norsk skiskyting, er det knallhard kamp om hver av de fire stafettplassene \u2013 selv uten br\u00f8drene B\u00f8.<\/p>\n<p class=\"_paragraph_o9xde_4 _paragraph_xtcu6_10 layout-component text-serif-m layout-normal text-serif-m layout-padded\">Etter rennet var over, var b\u00e5de Botn og Str\u00f8msheim tydelige p\u00e5 at det ikke var selve uttaket til l\u00f8rdagens stafett de reagerte p\u00e5.<\/p>\n<p class=\"_paragraph_o9xde_4 _paragraph_xtcu6_10 layout-component text-serif-m layout-normal text-serif-m layout-padded\">Det var de to uttalelsene fra trener Kristiansen dagen i forveien, gjengitt \u00f8verst i saken.<\/p>\n<p class=\"_paragraph_o9xde_4 _paragraph_xtcu6_10 layout-component text-serif-m layout-normal text-serif-m layout-padded\">Begge reagerer p\u00e5 at uttalelsene faller kvelden f\u00f8r Botns f\u00f8rste stafett i verdenscupen.<\/p>\n<p class=\"_paragraph_o9xde_4 _paragraph_xtcu6_10 layout-component text-serif-m layout-normal text-serif-m layout-padded\">\u2013 Jeg var bare i sjokk. S\u00e5 pr\u00f8vde jeg \u00e5 legge det fra meg, det klarte jeg ikke, s\u00e5 jeg pr\u00f8vde \u00e5 bruke det som motivasjon i stedet, sa Botn.<\/p>\n<p class=\"_paragraph_o9xde_4 _paragraph_xtcu6_10 layout-component text-serif-m layout-normal text-serif-m layout-padded\">Han \u00f8nsker ikke \u00e5 utdype overfor VG utover det som ble sagt i s\u00f8ndagens sending.<\/p>\n<p class=\"_paragraph_o9xde_4 _paragraph_xtcu6_10 layout-component text-serif-m layout-normal text-serif-m layout-padded\">Str\u00f8msheim \u2013 regjerende verdensmester p\u00e5 b\u00e5de stafett og fellesstart \u2013 skriver i en melding til VG at deres intensjon ikke var \u00e5 skape overskrifter eller antyde d\u00e5rlig stemning i laget.<\/p>\n<p class=\"_paragraph_o9xde_4 _paragraph_xtcu6_10 layout-component text-serif-m layout-normal text-serif-m layout-padded\">\u2013 M\u00e5let mitt med uttalelsen var \u00e5 f\u00e5 fokuset rettet mot de individuelle rennene, og at b\u00e5de trener og media puster med magen og lar oss g\u00e5 noen skikkelige skirenn f\u00f8r vi tar ut et OL-lag, melder 28-\u00e5ringen.<\/p>\n<p><img decoding=\"async\" alt=\"Bilde av Endre Str\u00f8msheim\" class=\"_image_ygndg_42\" height=\"27\" itemprop=\"image\" loading=\"lazy\"  src=\"https:\/\/www.europesays.com\/no\/wp-content\/uploads\/2025\/12\/259a8f07-da19-4c50-a56b-1a1ee00d75a5\"  width=\"40\"\/><strong class=\"_name_ygndg_51 title-serif-xs\">Endre Str\u00f8msheim<\/strong><\/p>\n<p class=\"_paragraph_o9xde_4 text-sans-m _description_ygndg_56\">Skiskytter<\/p>\n<p class=\"_paragraph_o9xde_4 _paragraph_xtcu6_10 layout-component text-serif-m layout-normal text-serif-m layout-padded\">Heller ikke Egil Kristiansen har noe \u00e5 legge til fra helgen.<\/p>\n<p class=\"_paragraph_o9xde_4 _paragraph_xtcu6_10 layout-component text-serif-m layout-normal text-serif-m layout-padded\">Spurt om reaksjonene til sine to ut\u00f8vere, sa han at det fortsatt er viktig \u00e5 sette en stamme i et OL-lag \u2013 og at Botn og Str\u00f8msheim ikke gjorde seg bort.<\/p>\n<p class=\"_paragraph_o9xde_4 _paragraph_xtcu6_10 layout-component text-serif-m layout-normal text-serif-m layout-padded\">Og om han la ekstra press p\u00e5 debutant Botn?<\/p>\n<p class=\"_paragraph_o9xde_4 _paragraph_xtcu6_10 layout-component text-serif-m layout-normal text-serif-m layout-padded\">\u2013 Press er det vel uansett n\u00e5r du g\u00e5r for Norge, sa Kristiansen til NRK.<\/p>\n","protected":false},"excerpt":{"rendered":"Skiskytterne Endre Str\u00f8msheim (28) og Johan-Olav Sm\u00f8rdal Botn (26) kom med klare tilbakemeldinger til trener Egil Kristiansen \u2013&hellip;\n","protected":false},"author":2,"featured_media":101708,"comment_status":"","ping_status":"","sticky":false,"template":"","format":"standard","meta":{"footnotes":""},"categories":[59],"tags":[12900,12901,30,28,29,769,83,82],"class_list":{"0":"post-101707","1":"post","2":"type-post","3":"status-publish","4":"format-standard","5":"has-post-thumbnail","7":"category-sport","8":"tag-endre-stromsheim","9":"tag-johan-olav-smordal-botn","10":"tag-no","11":"tag-norge","12":"tag-norway","13":"tag-skiskyting","14":"tag-sport","15":"tag-sports"},"share_on_mastodon":{"url":"https:\/\/pubeurope.com\/@no\/115646190514403436","error":""},"_links":{"self":[{"href":"https:\/\/www.europesays.com\/no\/wp-json\/wp\/v2\/posts\/101707","targetHints":{"allow":["GET"]}}],"collection":[{"href":"https:\/\/www.europesays.com\/no\/wp-json\/wp\/v2\/posts"}],"about":[{"href":"https:\/\/www.europesays.com\/no\/wp-json\/wp\/v2\/types\/post"}],"author":[{"embeddable":true,"href":"https:\/\/www.europesays.com\/no\/wp-json\/wp\/v2\/users\/2"}],"replies":[{"embeddable":true,"href":"https:\/\/www.europesays.com\/no\/wp-json\/wp\/v2\/comments?post=101707"}],"version-history":[{"count":0,"href":"https:\/\/www.europesays.com\/no\/wp-json\/wp\/v2\/posts\/101707\/revisions"}],"wp:featuredmedia":[{"embeddable":true,"href":"https:\/\/www.europesays.com\/no\/wp-json\/wp\/v2\/media\/101708"}],"wp:attachment":[{"href":"https:\/\/www.europesays.com\/no\/wp-json\/wp\/v2\/media?parent=101707"}],"wp:term":[{"taxonomy":"category","embeddable":true,"href":"https:\/\/www.europesays.com\/no\/wp-json\/wp\/v2\/categories?post=101707"},{"taxonomy":"post_tag","embeddable":true,"href":"https:\/\/www.europesays.com\/no\/wp-json\/wp\/v2\/tags?post=101707"}],"curies":[{"name":"wp","href":"https:\/\/api.w.org\/{rel}","templated":true}]}}