{"id":101719,"date":"2025-12-01T20:42:15","date_gmt":"2025-12-01T20:42:15","guid":{"rendered":"https:\/\/www.europesays.com\/no\/101719\/"},"modified":"2025-12-01T20:42:15","modified_gmt":"2025-12-01T20:42:15","slug":"artister-frykter-for-fremtiden-kan-miste-jobbene-vare","status":"publish","type":"post","link":"https:\/\/www.europesays.com\/no\/101719\/","title":{"rendered":"Artister frykter for fremtiden: &#8211; Kan miste jobbene v\u00e5re"},"content":{"rendered":"<p>\u2013 Jeg er en av dem som bare aller helst vil stoppe det.\u00a0<\/p>\n<p>Det sier artist og l\u00e5tskriver Emelie Hollow (26) om det hun mener er musikkens st\u00f8rste utfordring i 2025.\u00a0<\/p>\n<p>Hollow frykter at kunstig intelligens (KI) kommer til \u00e5 forandre musikkbransjen i enda st\u00f8rre grad enn den gj\u00f8r n\u00e5.\u00a0<\/p>\n<p class=\"bold m-bold\" data-lab-font_weight=\"bold\">\u2013 Jeg synes det er skummelt, men har innsett at det trolig ikke lar seg stoppe, sier hun.\u00a0<\/p>\n<p>\u2013 F\u00f8rste som ryker<\/p>\n<p>TV 2 m\u00f8ter artisten i forbindelse med P3 Gull, hvor en rekke artister og produsenter samles for \u00e5 hedre musikkbransjen.\u00a0<\/p>\n<p>Hollow tror at de p\u00e5 et tidspunkt blir n\u00f8dt til \u00e5 spille p\u00e5 lag med KI.<\/p>\n<p>        <img class=\"image__img lazyload\" itemprop=\"image\" title=\"Foto: Frode Sunde \/ TV 2\" alt=\"MUSIKK: Emelie Hollow har jobbet med musikk i en rekke \u00e5r. Foto: Frode Sunde \/ TV 2\" width=\"978\" height=\"551\" bad-src=\"https:\/\/www.europesays.com\/no\/wp-content\/uploads\/2025\/12\/18338884.webp\" fetchpriority=\"auto\" \/><\/p>\n<p>      MUSIKK: Emelie Hollow har jobbet med musikk i en rekke \u00e5r.<br \/>\n         Foto: Frode Sunde \/ TV 2<\/p>\n<p>Likevel frykter hun framtidige konsekvenser.\u00a0<\/p>\n<p>\u2013 Vi kan potensielt miste jobbene v\u00e5re, spesielt jeg som jobber som l\u00e5tskriver for andre. Det \u00e5 skrive en tekst og en melodi er kanskje det f\u00f8rste som ryker, sier 26-\u00e5ringen.\u00a0<\/p>\n<p> Gramo, som er musikernes, artistenes og plateselskapenes vederlagsbyr\u00e5, skriver i en mail til TV 2 at de f\u00f8lger KI tett og deler den grunnleggende bekymringen mange i musikkbransjen uttrykker.\u00a0<\/p>\n<p>\u2013 KI gir nye kreative muligheter, men man m\u00e5 ikke undergrave rettighetene og inntektsgrunnlaget til dem som skaper, fremf\u00f8rer eller investerer i musikken.<\/p>\n<p>Kan ha motsatt effekt\u00a0<\/p>\n<p>Kunstig intelligens har allerede entret musikkens verden i aller h\u00f8yeste grad.\u00a0<\/p>\n<p>Ikke bare kan man generere helt egne KI-l\u00e5ter p\u00e5 f\u00e5 minutter, men det kan ogs\u00e5 brukes til \u00e5 effektivisere blant annet l\u00e5tskriving og andre elementer innenfor musikk.\u00a0<\/p>\n<p>\u2013 Men jeg har ogs\u00e5 h\u00f8rt mye rar KI-musikk, s\u00e5 vi er ikke helt der enda. Likevel blir den bare smartere og smartere, sier Hollow og legger til:<\/p>\n<p>\u2013 Men jeg tror at KI i musikk ogs\u00e5 kan gi en motsatt effekt. At folk vil ha enda mer ekte n\u00e6rhet, opptredener og live musikk. Det kan ikke KI gj\u00f8re enn s\u00e5 lenge.\u00a0<\/p>\n<p>        <img class=\"image__img lazyload\" itemprop=\"image\" title=\"Foto: Frode Sunde \/ TV 2\" alt=\"FRYKT: Emelie Hollow frykter at hun kan potensielt miste jobben sin dersom KI tar over musikkbransjen i enda st\u00f8rre grad enn n\u00e5. Foto: Frode Sunde \/ TV 2\" width=\"675\" height=\"379\" bad-src=\"https:\/\/www.europesays.com\/no\/wp-content\/uploads\/2025\/12\/18338829.webp\" fetchpriority=\"auto\" \/><\/p>\n<p>      FRYKT: Emelie Hollow frykter at hun kan potensielt miste jobben sin dersom KI tar over musikkbransjen i enda st\u00f8rre grad enn n\u00e5.<br \/>\n         Foto: Frode Sunde \/ TV 2<\/p>\n<p>Merker en endring<\/p>\n<p>I likhet med Hollow frykter ogs\u00e5 artisten Dagny\u00a0Norvoll Sandvik (35) hvordan KI kan p\u00e5virke musikkens framtid.<\/p>\n<p>Nylig gjestet artisten humorprogrammet \u00abNytt p\u00e5 nytt\u00bb p\u00e5 NRK, der hun kom med f\u00f8lgende kommentar:<\/p>\n<p>\u2013 Jeg tenker at jeg tar de fem neste \u00e5rene, de gode \u00e5rene vi<br \/>\nhar igjen og bare \u00abg\u00f8nner p\u00e5\u00bb. S\u00e5 skal jeg sitte p\u00e5 en<br \/>\n\u00f8y og se i kikkerten min p\u00e5 at KI tar over musikken. <\/p>\n<p>Da TV 2 m\u00f8tte hun\u00a0i forbindelse med P3 Gull, la hun heller ikke skjul p\u00e5 bekymringen rundt KI.<\/p>\n<p>\u2013 Det skumleste med KI er presset, og forventningen om at alt i dag skal g\u00e5 s\u00e5 fort, sier hun til TV 2 og legger til:<\/p>\n<p>\u2013 Og det merker jeg allerede n\u00e5. Slik var det ikke for seks \u00e5r siden.\u00a0<\/p>\n<p>        <img class=\"image__img lazyload\" itemprop=\"image\" title=\"Foto: Thomas Evensen \/ TV 2\" alt=\"ENDRING: Dagny Norvoll Sandvik merker en endring i bransjen. Foto: Thomas Evensen \/ TV 2\" width=\"675\" height=\"379\" bad-src=\"https:\/\/www.europesays.com\/no\/wp-content\/uploads\/2025\/12\/18338896.webp\" fetchpriority=\"auto\" \/><\/p>\n<p>      ENDRING: Dagny Norvoll Sandvik merker en endring i bransjen.<br \/>\n         Foto: Thomas Evensen \/ TV 2<\/p>\n<p>35-\u00e5ringen er ikke vant til \u00e5 ha det n\u00e5v\u00e6rende tidspresset p\u00e5 seg n\u00e5r hun produserer musikk.\u00a0<\/p>\n<p>\u2013 Ting tar den tiden det tar. Jeg tror vi m\u00e5 v\u00e6re f\u00f8re var p\u00e5 at alt ikke skal skje veldig fort og med en gang, sier hun.\u00a0<\/p>\n<p>Vil alltid ha en fordel<\/p>\n<p> Lars L\u00f8berg Monstad har forsket p\u00e5 KI i musikk ved Universitetet i Oslo.\u00a0Han tror l\u00e5tskrivere og musikkprodusenter er blant de i bransjen som vil rammes hardest.<\/p>\n<p>Likevel tror ikke forskeren at KI-utviklingen i musikken betyr slutten for menneskelig kreativitet.<\/p>\n<p>\u2013 Det er viktig \u00e5 huske at trender kommer og g\u00e5r, og at de som spiller instrumenter og faktisk st\u00e5r p\u00e5 en scene alltid vil ha en fordel som KI ikke klarer \u00e5 gjenskape, sier Monstad.<\/p>\n<p> Han trekker frem at mange fortsatt ikke vet hvor overraskende bra og enkelt det er \u00e5 lage sin egen l\u00e5t med KI, og nettopp derfor f\u00e5r det en \u00abhype\u00bb n\u00e5. <\/p>\n<p>        <img class=\"image__img lazyload\" itemprop=\"image\" title=\"Foto: UiO\" alt=\"FORSKER: Lars Monstad har selv merket \u00f8kt ettersp\u00f8rsel fra norske filmmusikkomponister som \u00f8nsker KI-verkt\u00f8y for \u00e5 jobbe raskere. Foto: UiO\" width=\"338\" height=\"386\" bad-src=\"https:\/\/www.europesays.com\/no\/wp-content\/uploads\/2025\/12\/18340690.webp\" fetchpriority=\"auto\" \/><\/p>\n<p>      FORSKER: Lars Monstad har selv merket \u00f8kt ettersp\u00f8rsel fra norske filmmusikkomponister som \u00f8nsker KI-verkt\u00f8y for \u00e5 jobbe raskere.<br \/>\n         Foto: UiO<\/p>\n<p>St\u00f8rre potensial<\/p>\n<p>I dag lager KI ferdige l\u00e5ter basert p\u00e5 tekstprompter, men det kan v\u00e6re vanskelig \u00e5 endre detaljene i det KI skaper. Dermed er nytten begrenset for profesjonelle produsenter, bortsett fra som id\u00e9verkt\u00f8y. <\/p>\n<p>\u00a0\u2013 N\u00e5r det blir enklere \u00e5 lage l\u00e5ter sammen med KI, i stedet for at KI lager l\u00e5ten for deg, vil potensialet for musikkskapere v\u00e6re langt st\u00f8rre. Da kan man bruke teknologien til \u00e5 jobbe mer effektivt og kreativt, sier han.<\/p>\n<p>Monstad mener det\u00a0positive er at artister som ikke er spesielt tekniske kan f\u00e5 hjelp av KI til \u00e5 produsere sin egen musikk, uten \u00e5 v\u00e6re avhengige av \u00e5 leie inn en produsent.<\/p>\n<p>\u2013 I dag har moderne musikkproduksjon blitt sv\u00e6rt teknisk, og de som er gode med data har en enorm fordel. Dette er noe som vil endre seg og som kan gj\u00f8re musikkproduksjon mer intuitiv igjen, sier Monstad.<\/p>\n","protected":false},"excerpt":{"rendered":"\u2013 Jeg er en av dem som bare aller helst vil stoppe det.\u00a0 Det sier artist og l\u00e5tskriver&hellip;\n","protected":false},"author":2,"featured_media":101720,"comment_status":"","ping_status":"","sticky":false,"template":"","format":"standard","meta":{"footnotes":""},"categories":[58],"tags":[71,30,28,29,72],"class_list":{"0":"post-101719","1":"post","2":"type-post","3":"status-publish","4":"format-standard","5":"has-post-thumbnail","7":"category-underholdning","8":"tag-entertainment","9":"tag-no","10":"tag-norge","11":"tag-norway","12":"tag-underholdning"},"share_on_mastodon":{"url":"https:\/\/pubeurope.com\/@no\/115646257109530624","error":""},"_links":{"self":[{"href":"https:\/\/www.europesays.com\/no\/wp-json\/wp\/v2\/posts\/101719","targetHints":{"allow":["GET"]}}],"collection":[{"href":"https:\/\/www.europesays.com\/no\/wp-json\/wp\/v2\/posts"}],"about":[{"href":"https:\/\/www.europesays.com\/no\/wp-json\/wp\/v2\/types\/post"}],"author":[{"embeddable":true,"href":"https:\/\/www.europesays.com\/no\/wp-json\/wp\/v2\/users\/2"}],"replies":[{"embeddable":true,"href":"https:\/\/www.europesays.com\/no\/wp-json\/wp\/v2\/comments?post=101719"}],"version-history":[{"count":0,"href":"https:\/\/www.europesays.com\/no\/wp-json\/wp\/v2\/posts\/101719\/revisions"}],"wp:featuredmedia":[{"embeddable":true,"href":"https:\/\/www.europesays.com\/no\/wp-json\/wp\/v2\/media\/101720"}],"wp:attachment":[{"href":"https:\/\/www.europesays.com\/no\/wp-json\/wp\/v2\/media?parent=101719"}],"wp:term":[{"taxonomy":"category","embeddable":true,"href":"https:\/\/www.europesays.com\/no\/wp-json\/wp\/v2\/categories?post=101719"},{"taxonomy":"post_tag","embeddable":true,"href":"https:\/\/www.europesays.com\/no\/wp-json\/wp\/v2\/tags?post=101719"}],"curies":[{"name":"wp","href":"https:\/\/api.w.org\/{rel}","templated":true}]}}