{"id":101721,"date":"2025-12-01T20:45:07","date_gmt":"2025-12-01T20:45:07","guid":{"rendered":"https:\/\/www.europesays.com\/no\/101721\/"},"modified":"2025-12-01T20:45:07","modified_gmt":"2025-12-01T20:45:07","slug":"vil-aldri-ga-feil-igjen-jeg-har-ocd-nar-det-kommer-til-klokker-som-ikke-gar-helt-riktig","status":"publish","type":"post","link":"https:\/\/www.europesays.com\/no\/101721\/","title":{"rendered":"Vil aldri g\u00e5 feil igjen: \u2013 Jeg har OCD n\u00e5r det kommer til klokker som ikke g\u00e5r helt riktig"},"content":{"rendered":"\n<p>\u2013 Jeg har jo en liten OCD n\u00e5r det kommer til klokker som ikke g\u00e5r helt riktig. Er jeg p\u00e5 bes\u00f8k og ser for eksempel en kj\u00f8kkenklokke, s\u00e5 m\u00e5 jeg stille den, forteller Marius Flage.<\/p>\n<p>For hver gang han har kj\u00f8rt forbi bankbygget, blir han irritert n\u00e5r klokka har g\u00e5tt feil.<\/p>\n<p>Derfor har han flere ganger selv stilt klokka.<\/p>\n<p>N\u00e5 har han og byggeierne kommet med en permanent l\u00f8sning.<\/p>\n<p>\u2013 Den har g\u00e5tt feil siden jeg flyttet hit og fram til i h\u00f8st, sier Flage og h\u00f8res nesten irritert ut av tanken p\u00e5 den un\u00f8yaktige klokka.<\/p>\n","protected":false},"excerpt":{"rendered":"\u2013 Jeg har jo en liten OCD n\u00e5r det kommer til klokker som ikke g\u00e5r helt riktig. Er&hellip;\n","protected":false},"author":2,"featured_media":101722,"comment_status":"","ping_status":"","sticky":false,"template":"","format":"standard","meta":{"footnotes":""},"categories":[56],"tags":[60,61,62,30,28,29],"class_list":{"0":"post-101721","1":"post","2":"type-post","3":"status-publish","4":"format-standard","5":"has-post-thumbnail","7":"category-naeringsliv","8":"tag-business","9":"tag-economy","10":"tag-naeringsliv","11":"tag-no","12":"tag-norge","13":"tag-norway"},"share_on_mastodon":{"url":"https:\/\/pubeurope.com\/@no\/115646268889109183","error":""},"_links":{"self":[{"href":"https:\/\/www.europesays.com\/no\/wp-json\/wp\/v2\/posts\/101721","targetHints":{"allow":["GET"]}}],"collection":[{"href":"https:\/\/www.europesays.com\/no\/wp-json\/wp\/v2\/posts"}],"about":[{"href":"https:\/\/www.europesays.com\/no\/wp-json\/wp\/v2\/types\/post"}],"author":[{"embeddable":true,"href":"https:\/\/www.europesays.com\/no\/wp-json\/wp\/v2\/users\/2"}],"replies":[{"embeddable":true,"href":"https:\/\/www.europesays.com\/no\/wp-json\/wp\/v2\/comments?post=101721"}],"version-history":[{"count":0,"href":"https:\/\/www.europesays.com\/no\/wp-json\/wp\/v2\/posts\/101721\/revisions"}],"wp:featuredmedia":[{"embeddable":true,"href":"https:\/\/www.europesays.com\/no\/wp-json\/wp\/v2\/media\/101722"}],"wp:attachment":[{"href":"https:\/\/www.europesays.com\/no\/wp-json\/wp\/v2\/media?parent=101721"}],"wp:term":[{"taxonomy":"category","embeddable":true,"href":"https:\/\/www.europesays.com\/no\/wp-json\/wp\/v2\/categories?post=101721"},{"taxonomy":"post_tag","embeddable":true,"href":"https:\/\/www.europesays.com\/no\/wp-json\/wp\/v2\/tags?post=101721"}],"curies":[{"name":"wp","href":"https:\/\/api.w.org\/{rel}","templated":true}]}}