{"id":101729,"date":"2025-12-01T20:55:04","date_gmt":"2025-12-01T20:55:04","guid":{"rendered":"https:\/\/www.europesays.com\/no\/101729\/"},"modified":"2025-12-01T20:55:04","modified_gmt":"2025-12-01T20:55:04","slug":"giftig-stoff-fra-forste-verdenskrig-kan-ha-blitt-brukt-mot-demonstranter-i-georgia","status":"publish","type":"post","link":"https:\/\/www.europesays.com\/no\/101729\/","title":{"rendered":"Giftig stoff fra f\u00f8rste verdenskrig kan ha blitt brukt mot demonstranter i Georgia"},"content":{"rendered":"<p class=\"kicker \" style=\"\">BBC:<\/p>\n<p>  Georgiske myndigheter kan ha brukt et kjemisk stoff som ble brukt under f\u00f8rste verdenskrig, da de fors\u00f8kte \u00e5 sl\u00e5 ned masseprotestene i Tbilisi i fjor, melder BBC.<\/p>\n<p>\n    Demonstranter str\u00f8mmer ut i gatene i Tbilisi fredag 29. november i fjor etter at regjeringen kunngjorde at de setter prosessen som kunne ha ledet fram til EU-medlemskap, p\u00e5 pause. Arkivfoto: Zurab Tsertsvadze \/ AP \/ NTB\n  <\/p>\n<p>\nDen britiske rikskringkasteren viser blant annet til en studie utf\u00f8rt av den georgiske legen Konstantine Chakhunasjvili som selv deltok i protestene og ble rammet av politiets vannkanoner. Studien er fagfellevurdert og publisert i <a href=\"https:\/\/www.sciencedirect.com\/science\/article\/pii\/S2214750025002859\" target=\"_blank\" rel=\"nofollow noopener\">Toxicology Reports<\/a>.<\/p>\n<p>    <a itemprop=\"url\" href=\"https:\/\/sol.no\/nyheter\/en-skjellsettende-uke-for-diplomatiet\/83921721\" rel=\"nofollow noopener\" target=\"_blank\"><\/p>\n<p>      <img loading=\"lazy\" decoding=\"async\" src=\"https:\/\/www.europesays.com\/no\/wp-content\/uploads\/2025\/12\/83921732.webp\" width=\"980\" height=\"441\" title=\"- En skjellsettende uke for diplomatiet\" alt=\"\" class=\"lazyload\" style=\"--aspect-ratio-image: 2.22; \"\/><\/p>\n<p>        &#8211; En skjellsettende uke for diplomatiet<\/p>\n<p>sol.no<\/p>\n<p>    <\/a><\/p>\n<p>Georgiske myndigheter kaller BBCs funn for \u00ababsurde\u00bb, og insisterer p\u00e5 at politiet handlet i tr\u00e5d med loven da de reagerte p\u00e5 det de omtaler om \u00abbrutale kriminelles ulovlige handlinger\u00bb.<\/p>\n<p>Brukt mot Tyskland\t<\/p>\n<p>I BBCs artikkel er det hentet inn uttalelser fra b\u00e5de eksperter, kilder innen oppr\u00f8rspolitiet og leger. Basert p\u00e5 dette skriver BBC at mye tyder p\u00e5 at vannet fra vannkanonene inneholdt brombensylcyanid \u2013 ogs\u00e5 kjent som kamit. Det er et giftig stoff som ble brukt av Frankrike mot Tyskland i f\u00f8rste verdenskrig.<\/p>\n<p>Bruken av det kjemiske stoffet antas \u00e5 ha sluttet p\u00e5 1930-tallet fordi man var bekymret for at det kunne gi langvarige helseskader. <\/p>\n<p>    <a itemprop=\"url\" href=\"https:\/\/sol.no\/nyheter\/bekrefter-samtale\/83921435\" rel=\"nofollow noopener\" target=\"_blank\"><\/p>\n<p>      <img loading=\"lazy\" decoding=\"async\" src=\"https:\/\/www.europesays.com\/no\/wp-content\/uploads\/2025\/12\/83921464.webp\" width=\"980\" height=\"441\" title=\"Bekrefter samtale\" alt=\"\" class=\"lazyload\" style=\"--aspect-ratio-image: 2.22; \"\/><\/p>\n<p>        Bekrefter samtale<\/p>\n<p>sol.no<\/p>\n<p>    <\/a><\/p>\n<p>Chakhunasjvili fikk selv helseproblemer etter \u00e5 ha blitt truffet av vannkanonene. Huden sved i flere dager, og da han fors\u00f8kte \u00e5 vaske det vekk, ble det bare verre.<\/p>\n<p>Hundrevis tok kontakt\t<\/p>\n<p>Via sosiale medier ba han andre demonstranter ta kontakt hvis de hadde opplevd noe av det samme. Nesten 350 mennesker svarte, og nesten halvparten sa at de hadde opplevd ett eller flere symptomer i over 30 dager. Symptomene varierte fra hodepine og hoste til utmattelse og oppkast.<\/p>\n<p>Han unders\u00f8kte selv flere av personene, og 69 av disse viste en betydelig h\u00f8yere forekomst av unormale elektriske signaler i hjertet.<\/p>\n<p>    <a itemprop=\"url\" href=\"https:\/\/sol.no\/nyheter\/vi-bor-starte-i-norge-ogsa\/83921103\" rel=\"nofollow noopener\" target=\"_blank\"><\/p>\n<p>      <img loading=\"lazy\" decoding=\"async\" src=\"https:\/\/www.europesays.com\/no\/wp-content\/uploads\/2025\/12\/83921132.webp\" width=\"980\" height=\"441\" title=\"- Vi b\u00f8r starte i Norge ogs\u00e5\" alt=\"\" class=\"lazyload\" style=\"--aspect-ratio-image: 2.22; \"\/><\/p>\n<p>        &#8211; Vi b\u00f8r starte i Norge ogs\u00e5<\/p>\n<p>sol.no<\/p>\n<p>    <\/a><\/p>\n<p>Rapporten stemmer overens med hva lokale journalister, leger og menneskerettsgrupper har meldt tidligere, at vannkanonene m\u00e5 ha v\u00e6rt fylt med et slags kjemisk stoff. De har bedt regjeringen om \u00e5 offentliggj\u00f8re hva som ble brukt, men innenriksdepartementet har avvist kravet.<\/p>\n<p>EU-strid\t<\/p>\n<p>BBC viser ogs\u00e5 til at de har f\u00e5tt hjelp med \u00e5 identifisere stoffet av flere varslere med tilknytning til georgisk oppr\u00f8rspoliti.<\/p>\n<p>Protestene der stoffet antas \u00e5 ha blitt brukt, startet 28. november 2024. Den utl\u00f8sende faktoren var regjeringens kunngj\u00f8ring om at de satte medlemskapsforhandlingene med EU p\u00e5 pause.<\/p>\n<p>De siste \u00e5rene har opposisjonen arrangert en rekke masseprotester mot regjeringen, som anklages for \u00e5 ha blitt stadig mer russiskvennlig og autorit\u00e6r. <\/p>\n<p>Fredag samlet igjen demonstranter seg i Tbilisi for \u00e5 markere at de har gjennomf\u00f8rt 365 dager med uavbrutte protester mot regjeringens EU-beslutning.<\/p>\n","protected":false},"excerpt":{"rendered":"BBC: Georgiske myndigheter kan ha brukt et kjemisk stoff som ble brukt under f\u00f8rste verdenskrig, da de fors\u00f8kte&hellip;\n","protected":false},"author":2,"featured_media":101730,"comment_status":"","ping_status":"","sticky":false,"template":"","format":"standard","meta":{"footnotes":""},"categories":[12],"tags":[20,21,24,25,15,22,23,13,30,28,29,14,16,26,27,42,43,44,45],"class_list":{"0":"post-101729","1":"post","2":"type-post","3":"status-publish","4":"format-standard","5":"has-post-thumbnail","7":"category-verden","8":"tag-breaking-news","9":"tag-breakingnews","10":"tag-featured-news","11":"tag-featurednews","12":"tag-headlines","13":"tag-latest-news","14":"tag-latestnews","15":"tag-news","16":"tag-no","17":"tag-norge","18":"tag-norway","19":"tag-nyheter","20":"tag-overskrifter","21":"tag-top-stories","22":"tag-topstories","23":"tag-verden","24":"tag-world","25":"tag-world-news","26":"tag-worldnews"},"share_on_mastodon":{"url":"https:\/\/pubeurope.com\/@no\/115646308573149538","error":""},"_links":{"self":[{"href":"https:\/\/www.europesays.com\/no\/wp-json\/wp\/v2\/posts\/101729","targetHints":{"allow":["GET"]}}],"collection":[{"href":"https:\/\/www.europesays.com\/no\/wp-json\/wp\/v2\/posts"}],"about":[{"href":"https:\/\/www.europesays.com\/no\/wp-json\/wp\/v2\/types\/post"}],"author":[{"embeddable":true,"href":"https:\/\/www.europesays.com\/no\/wp-json\/wp\/v2\/users\/2"}],"replies":[{"embeddable":true,"href":"https:\/\/www.europesays.com\/no\/wp-json\/wp\/v2\/comments?post=101729"}],"version-history":[{"count":0,"href":"https:\/\/www.europesays.com\/no\/wp-json\/wp\/v2\/posts\/101729\/revisions"}],"wp:featuredmedia":[{"embeddable":true,"href":"https:\/\/www.europesays.com\/no\/wp-json\/wp\/v2\/media\/101730"}],"wp:attachment":[{"href":"https:\/\/www.europesays.com\/no\/wp-json\/wp\/v2\/media?parent=101729"}],"wp:term":[{"taxonomy":"category","embeddable":true,"href":"https:\/\/www.europesays.com\/no\/wp-json\/wp\/v2\/categories?post=101729"},{"taxonomy":"post_tag","embeddable":true,"href":"https:\/\/www.europesays.com\/no\/wp-json\/wp\/v2\/tags?post=101729"}],"curies":[{"name":"wp","href":"https:\/\/api.w.org\/{rel}","templated":true}]}}