{"id":101731,"date":"2025-12-01T20:56:11","date_gmt":"2025-12-01T20:56:11","guid":{"rendered":"https:\/\/www.europesays.com\/no\/101731\/"},"modified":"2025-12-01T20:56:11","modified_gmt":"2025-12-01T20:56:11","slug":"gult-farevarsel-glatt-det-blir-bade-snofokk-og-glatte-veier","status":"publish","type":"post","link":"https:\/\/www.europesays.com\/no\/101731\/","title":{"rendered":"Gult farevarsel, Glatt | Det blir b\u00e5de sn\u00f8fokk og glatte veier"},"content":{"rendered":"\n<p>Meteorologisk Institutt har sendt ut tre ulike farevarsel.<\/p>\n<p>P\u00e5 Helgeland starter tirsdagen med sn\u00f8fokk. Senere p\u00e5 dagen kommer mildv\u00e6ret, som gir fare for underkj\u00f8lt regn. Regnet kan fryse til is p\u00e5 veibanen, kj\u00f8ret\u00f8y og andre gjenstander.<\/p>\n<p>Onsdag g\u00e5r mildv\u00e6re over i Nordland og da er det fare for regn som fryser p\u00e5 kald bakke.<\/p>\n<p>Med andre ord, det er fare for glatte veier.<\/p>\n<p>Fra natt til tirsdag til tirsdag ettermiddag ventes kraftig sn\u00f8fokk i fjellet i forbindelse med sn\u00f8v\u00e6r og \u00f8stlig kuling. \u00c5pne omr\u00e5der i lavlandet kan ogs\u00e5 v\u00e6re utsatt. Dette gjelder indre Helgeland og Saltfjellet. Faren skal minske ved 15-tida tirsdag.<\/p>\n<p>  <a href=\"https:\/\/www.ranablad.no\/5-42-1528547\" class=\"related-teaser has-image default-story-teaser article--c-eRUmMG article--c-eRUmMG-jKCPdD-design-default\" rel=\"nofollow noopener\" target=\"_blank\"><\/p>\n<p>    <img decoding=\"async\" loading=\"lazy\"  src=\"https:\/\/www.europesays.com\/no\/wp-content\/uploads\/2025\/12\/IMG_3709.jpg\" alt=\"\" class=\"brick-c-cFOWSL\" style=\"\"\/><\/p>\n<p>\n            Les ogs\u00e5<\/p>\n<p>              Kaldere og mer sn\u00f8 enn normalt i november\n        <\/p>\n<p>  <\/a><\/p>\n<p>Tirsdag ettermiddag og kveld er det lokal fare for is p\u00e5 grunn av underkj\u00f8lt regn, f\u00f8rst i s\u00f8r. Regn vil fryse til is p\u00e5 vegbanen, p\u00e5 kj\u00f8ret\u00f8y og p\u00e5 andre gjenstander. Dette gjelder mer eller mindre hele Helgeland, bortsett fra noen av de ytterste \u00f8yene og omr\u00e5det helt n\u00e6r svenskegrensen. Faren for at dette skal skje \u00f8ker i 15-tida tirsdag.<\/p>\n<p>Ogs\u00e5 i nordre deler av fylket er det ventet glatte veier p\u00e5 grunn av overgangen til mildv\u00e6r.<\/p>\n","protected":false},"excerpt":{"rendered":"Meteorologisk Institutt har sendt ut tre ulike farevarsel. P\u00e5 Helgeland starter tirsdagen med sn\u00f8fokk. Senere p\u00e5 dagen kommer&hellip;\n","protected":false},"author":2,"featured_media":101732,"comment_status":"","ping_status":"","sticky":false,"template":"","format":"standard","meta":{"footnotes":""},"categories":[10],"tags":[36,20,21,24,25,9149,2125,15,2551,22,23,13,30,28,29,14,16,12902,1510,26,27,224,12764],"class_list":{"0":"post-101731","1":"post","2":"type-post","3":"status-publish","4":"format-standard","5":"has-post-thumbnail","7":"category-norge","8":"tag-art","9":"tag-breaking-news","10":"tag-breakingnews","11":"tag-featured-news","12":"tag-featurednews","13":"tag-glatt","14":"tag-gult-farevarsel","15":"tag-headlines","16":"tag-helgeland","17":"tag-latest-news","18":"tag-latestnews","19":"tag-news","20":"tag-no","21":"tag-norge","22":"tag-norway","23":"tag-nyheter","24":"tag-overskrifter","25":"tag-snofokk","26":"tag-story","27":"tag-top-stories","28":"tag-topstories","29":"tag-trafikk","30":"tag-underkjolt-regn"},"share_on_mastodon":{"url":"https:\/\/pubeurope.com\/@no\/115646312364094680","error":""},"_links":{"self":[{"href":"https:\/\/www.europesays.com\/no\/wp-json\/wp\/v2\/posts\/101731","targetHints":{"allow":["GET"]}}],"collection":[{"href":"https:\/\/www.europesays.com\/no\/wp-json\/wp\/v2\/posts"}],"about":[{"href":"https:\/\/www.europesays.com\/no\/wp-json\/wp\/v2\/types\/post"}],"author":[{"embeddable":true,"href":"https:\/\/www.europesays.com\/no\/wp-json\/wp\/v2\/users\/2"}],"replies":[{"embeddable":true,"href":"https:\/\/www.europesays.com\/no\/wp-json\/wp\/v2\/comments?post=101731"}],"version-history":[{"count":0,"href":"https:\/\/www.europesays.com\/no\/wp-json\/wp\/v2\/posts\/101731\/revisions"}],"wp:featuredmedia":[{"embeddable":true,"href":"https:\/\/www.europesays.com\/no\/wp-json\/wp\/v2\/media\/101732"}],"wp:attachment":[{"href":"https:\/\/www.europesays.com\/no\/wp-json\/wp\/v2\/media?parent=101731"}],"wp:term":[{"taxonomy":"category","embeddable":true,"href":"https:\/\/www.europesays.com\/no\/wp-json\/wp\/v2\/categories?post=101731"},{"taxonomy":"post_tag","embeddable":true,"href":"https:\/\/www.europesays.com\/no\/wp-json\/wp\/v2\/tags?post=101731"}],"curies":[{"name":"wp","href":"https:\/\/api.w.org\/{rel}","templated":true}]}}