{"id":101733,"date":"2025-12-01T20:57:16","date_gmt":"2025-12-01T20:57:16","guid":{"rendered":"https:\/\/www.europesays.com\/no\/101733\/"},"modified":"2025-12-01T20:57:16","modified_gmt":"2025-12-01T20:57:16","slug":"fortsatt-hap-om-a-finne-henne-i-live","status":"publish","type":"post","link":"https:\/\/www.europesays.com\/no\/101733\/","title":{"rendered":"&#8211; Fortsatt h\u00e5p om \u00e5 finne henne i live"},"content":{"rendered":"<p class=\"kicker \" style=\"\">Kvinne savnet i Telemark:\u00a0<\/p>\n<p>  I rundt et d\u00f8gn har mannskaper lett etter kvinnen i 40-\u00e5ra i bratt og glatt terreng.\u00a0<\/p>\n<p>\n    VANSKELIG: B\u00e5de s\u00f8ndag og mandag har forholdene v\u00e6rt utfordrende for mannskapene som leter etter en savnet kvinne i 40-\u00e5ra i Tokke i Telemark. Foto: R\u00f8de Kors\n  <\/p>\n<p>    Kort fortalt<\/p>\n<ul lang=\"nb-NO\">\n<li>Kvinne i 40-\u00e5rene fra Skien savnet etter treningstur i Tokke, Telemark.<\/li>\n<li>Omfattende leteaksjon, inkludert politi og R\u00f8de Kors.<\/li>\n<li>Krevende terreng og d\u00e5rlig v\u00e6r gj\u00f8r s\u00f8ket utfordrende, men h\u00e5pet om \u00e5 finne kvinnen i live er fortsatt til stede.<\/li>\n<\/ul>\n<p class=\"italic ai-disclaimer\" data-lab-italic=\"italic\">Sammendraget er laget av ChatGPT og godkjent av Dagbladet.<\/p>\n<p>      Vis mer<br \/>\n      Vis mindre<\/p>\n<p>Kvinnen i 40-\u00e5ra fra Skien ble meldt savnet s\u00f8ndag, etter at hun <a href=\"https:\/\/www.dagbladet.no\/nyheter\/soket-fortsetter-krevende-forhold\/83920602\" target=\"_blank\" rel=\"nofollow noopener\">ikke hadde kommet hjem fra en treningstur<\/a> i Tokke i Telemark. Rett f\u00f8r klokka 14 samme dag ble det igangsatt s\u00f8k i omr\u00e5det.\u00a0<\/p>\n<p> Savnedes bil ble lokalisert p\u00e5 en parkeringsplass i n\u00e6rheten av Ravnejuv.\u00a0<\/p>\n<p>S\u00f8ket har fortsatt med full styrke mandag, og n\u00e6rmere 60 personer er ute og leter etter savnede. B\u00e5de mannskaper fra R\u00f8de Kors, Norske Redningshunder, Norsk Alpin Redningsgruppe og Sivilforsvaret deltar.\u00a0<\/p>\n<p> Politihelikopteret og andre politiressurser er ogs\u00e5 med i s\u00f8ket. \u00a0<\/p>\n<p><b>Fokusomr\u00e5de<\/b>\t<\/p>\n<p>Letemannskapene fokuserer spesielt p\u00e5 omr\u00e5det mellom Ravnejuvsvingen og L\u00e5rdalsstigen, opplyser politiet.\u00a0<\/p>\n<p>&#8211; Det g\u00e5r en rute mellom disse to omr\u00e5dene. I omr\u00e5det rundt Ravnejuvsvingen er det noen bratte skrenter, og vi har mannskaper ute p\u00e5 b\u00e5de stier og terrenget, hvor det er mulig \u00e5 bevege seg trygt, sier operasjonsleder Roger Aaser i S\u00f8r-\u00d8st politidistrikt til Dagbladet rett f\u00f8r klokka 13.\u00a0<\/p>\n<p>Det har blitt s\u00f8kt med drone b\u00e5de s\u00f8ndag, gjennom natta og utover mandagen, if\u00f8lge Aaser.\u00a0<\/p>\n<p>&#8211; Dronen har funnet punkter det er ekstra interesse rundt, som for eksempel utkikkspunkt og lignende, men det er ikke gjort funn av gjenstander som knyttes til savnede, eller andre ting som har direkte tilknytning til savnede.\u00a0<\/p>\n<p>    <a itemprop=\"url\" href=\"https:\/\/www.dagbladet.no\/nyheter\/soket-fortsetter-krevende-forhold\/83920602\" rel=\"nofollow noopener\" target=\"_blank\"><\/p>\n<p>      <img loading=\"lazy\" decoding=\"async\" src=\"https:\/\/www.europesays.com\/no\/wp-content\/uploads\/2025\/12\/83921023.webp\" width=\"980\" height=\"441\" title=\"S\u00f8ket fortsetter: - Krevende forhold\" alt=\"\" class=\"lazyload\" style=\"--aspect-ratio-image: 2.22; \"\/><\/p>\n<p>        S\u00f8ket fortsetter: &#8211; Krevende forhold<\/p>\n<p>    <\/a><\/p>\n<p>&#8211; Fortsatt h\u00e5p\t<\/p>\n<p>Planen er \u00e5 fortsette letingen utover dagen.\u00a0<\/p>\n<p>&#8211; Det er ikke tatt noen vurdering av \u00e5 trappe ned eller opp, eller iverksette s\u00f8k andre steder, sier Aaser.\u00a0<\/p>\n<p>Tidlig mandag ettermiddag har R\u00f8de Kors rundt 25 frivillige involvert i s\u00f8ket i Tokke. Etter hvert som folk blir ferdig p\u00e5 jobb og skole, er det ventet at flere vil slutte seg til.\u00a0<\/p>\n<p>&#8211; Det kommer et jevnt trykk med mannskaper framover, s\u00e5 dette stopper ikke opp, sier Stian Storstr\u00f8m Michelsen, operativ leder i Telemark R\u00f8de Kors Hjelpekorps til Dagbladet.\u00a0<\/p>\n<p>&#8211; Vi har fortsatt h\u00e5p om \u00e5 finne henne i live. Det er ingen endring der, legger han til.\u00a0<\/p>\n<p>        KAOS: Det blir dyrt n\u00e5r en elg havner i et bilverksted, og smadrer bilene. Video: Viktor \u00d6rtegren \/ Expressen<\/p>\n<p>&#8211; Krevende\t<\/p>\n<p>Michelsen var selv ute og lette natt til mandag.\u00a0<\/p>\n<p>&#8211; Det er et veldig krevende terreng \u00e5 jobbe i. Det er kjempebratt, sier han.\u00a0<\/p>\n<p>Turstiene i omr\u00e5det beskriver han som greie \u00e5 g\u00e5 p\u00e5.\u00a0<\/p>\n<p>&#8211; Men det er en del skrenter hvor man ikke kan g\u00e5 med mindre man har tausikring.\u00a0<\/p>\n<p>Her bidrar b\u00e5de Norske Alpine Redningsgruppe og mannskaper fra R\u00f8de Kors med spesialtrening p\u00e5 tausikring.\u00a0<\/p>\n<p>&#8211; De tar seg av de verste skrentene som vi mannskaper ikke kan g\u00e5 inn i. Det er veldig viktig i et slikt terreng, sier Michelsen.\u00a0<\/p>\n<p>    <a itemprop=\"url\" href=\"https:\/\/www.dagbladet.no\/nyheter\/ingenting-som-minner-om-jul\/83921247\" rel=\"nofollow noopener\" target=\"_blank\"><\/p>\n<p>      <img loading=\"lazy\" decoding=\"async\" src=\"https:\/\/www.europesays.com\/no\/wp-content\/uploads\/2025\/12\/83921431.webp\" width=\"980\" height=\"441\" title=\"- Ingenting som minner om jul\" alt=\"\" class=\"lazyload\" style=\"--aspect-ratio-image: 2.22; \"\/><\/p>\n<p>        &#8211; Ingenting som minner om jul<\/p>\n<p>    <\/a><\/p>\n<p>V\u00e6ret har forverret arbeidsforholdene i et allerede vanskelig terreng.\u00a0<\/p>\n<p>&#8211;\u00a0 Det har kommet mye nedb\u00f8r i form av sn\u00f8. Under sn\u00f8en er det is, s\u00e5 det er veldig glatt. For at vi skal opprettholde sikkerheten, m\u00e5 det en del mannskaper til. Det er bratte skrenter i omr\u00e5det, og det er fort gjort \u00e5 tr\u00e5kke feil. Vi har HMS-en langt framme i pannen, sa Michelsen til Dagbladet tidligere mandag.\u00a0<\/p>\n<p>M\u00f8rket som etter hvert faller p\u00e5 igjen, gj\u00f8r forholdene ytterligere krevende.\u00a0<\/p>\n<p>&#8211; Framdriften blir lavere, og det krever mer ressurser \u00e5 kunne opprettholde sikkerheten til mannskapene. Det blir mer krevende n\u00e5r dagslyset er borte, forklarer Michelsen.\u00a0<\/p>\n","protected":false},"excerpt":{"rendered":"Kvinne savnet i Telemark:\u00a0 I rundt et d\u00f8gn har mannskaper lett etter kvinnen i 40-\u00e5ra i bratt og&hellip;\n","protected":false},"author":2,"featured_media":101734,"comment_status":"","ping_status":"","sticky":false,"template":"","format":"standard","meta":{"footnotes":""},"categories":[5],"tags":[20,21,24,25,15,19,2539,22,23,170,17,18,13,30,28,29,14,16,48,992,26,27],"class_list":{"0":"post-101733","1":"post","2":"type-post","3":"status-publish","4":"format-standard","5":"has-post-thumbnail","7":"category-overskrifter","8":"tag-breaking-news","9":"tag-breakingnews","10":"tag-featured-news","11":"tag-featurednews","12":"tag-headlines","13":"tag-hovedoppslag","14":"tag-innenriks","15":"tag-latest-news","16":"tag-latestnews","17":"tag-leteaksjon","18":"tag-main-news","19":"tag-mainnews","20":"tag-news","21":"tag-no","22":"tag-norge","23":"tag-norway","24":"tag-nyheter","25":"tag-overskrifter","26":"tag-savnet","27":"tag-telemark","28":"tag-top-stories","29":"tag-topstories"},"share_on_mastodon":{"url":"https:\/\/pubeurope.com\/@no\/115646316260246185","error":""},"_links":{"self":[{"href":"https:\/\/www.europesays.com\/no\/wp-json\/wp\/v2\/posts\/101733","targetHints":{"allow":["GET"]}}],"collection":[{"href":"https:\/\/www.europesays.com\/no\/wp-json\/wp\/v2\/posts"}],"about":[{"href":"https:\/\/www.europesays.com\/no\/wp-json\/wp\/v2\/types\/post"}],"author":[{"embeddable":true,"href":"https:\/\/www.europesays.com\/no\/wp-json\/wp\/v2\/users\/2"}],"replies":[{"embeddable":true,"href":"https:\/\/www.europesays.com\/no\/wp-json\/wp\/v2\/comments?post=101733"}],"version-history":[{"count":0,"href":"https:\/\/www.europesays.com\/no\/wp-json\/wp\/v2\/posts\/101733\/revisions"}],"wp:featuredmedia":[{"embeddable":true,"href":"https:\/\/www.europesays.com\/no\/wp-json\/wp\/v2\/media\/101734"}],"wp:attachment":[{"href":"https:\/\/www.europesays.com\/no\/wp-json\/wp\/v2\/media?parent=101733"}],"wp:term":[{"taxonomy":"category","embeddable":true,"href":"https:\/\/www.europesays.com\/no\/wp-json\/wp\/v2\/categories?post=101733"},{"taxonomy":"post_tag","embeddable":true,"href":"https:\/\/www.europesays.com\/no\/wp-json\/wp\/v2\/tags?post=101733"}],"curies":[{"name":"wp","href":"https:\/\/api.w.org\/{rel}","templated":true}]}}